{"id":22731,"date":"2024-05-05T12:10:36","date_gmt":"2024-05-05T15:10:36","guid":{"rendered":"https:\/\/imais.online\/portal\/?p=22731"},"modified":"2024-05-05T12:10:37","modified_gmt":"2024-05-05T15:10:37","slug":"funssol-realiza-o-bazar-de-dia-das-maes-a-partir-do-dia-6-de-maio-na-prefeitura","status":"publish","type":"post","link":"https:\/\/imais.online\/portal\/funssol-realiza-o-bazar-de-dia-das-maes-a-partir-do-dia-6-de-maio-na-prefeitura\/","title":{"rendered":"Funssol realiza o Bazar de Dia das M\u00e3es a partir do dia 6 de maio na Prefeitura"},"content":{"rendered":"<div class=\"imais-before-content-placement\" id=\"imais-2173776865\"><script async src=\"\/\/pagead2.googlesyndication.com\/pagead\/js\/adsbygoogle.js?client=ca-pub-8787528412751566\" crossorigin=\"anonymous\"><\/script><ins class=\"adsbygoogle\" style=\"display:block;\" data-ad-client=\"ca-pub-8787528412751566\" \ndata-ad-slot=\"\" \ndata-ad-format=\"auto\"><\/ins>\n<script> \n(adsbygoogle = window.adsbygoogle || []).push({}); \n<\/script>\n<\/div>\n<p><em><small>Ser\u00e3o vendidas pe\u00e7as confeccionadas pelos alunos do curso de gera\u00e7\u00e3o de renda<\/small><\/em><\/p>\n\n\n\n<p>O Fundo Social de Solidariedade ( Funssol) realiza de 6 a 10 de maio das 8h30 \u00e0s 16h30 o Bazar de dia das M\u00e3es, na Prefeitura de Indaiatuba. A exposi\u00e7\u00e3o, que acontecer\u00e1 no Pa\u00e7o Municipal em frente ao Fundo Social, conta com uma variedade de pe\u00e7as como: pano de prato, bolsas, n\u00e9cessaire; porta acess\u00f3rios; lingeries; aventais e pe\u00e7as em croch\u00ea. Ser\u00e1 aceito o pagamento apenas em dinheiro.<\/p>\n\n\n\n<p>As pe\u00e7as expostas foram confeccionadas pelas alunas do Projeto Gera\u00e7\u00e3o de Renda &#8211; Tesoura Encantada , com a orienta\u00e7\u00e3o dos professores. A finalidade \u00e9 angariar recursos atrav\u00e9s das vendas dos itens para que sejam revertidos na compra de tecidos e aviamentos para manter o projeto. \u201cO bazar tem o intuito de mostrar a criatividade dos alunos na cria\u00e7\u00e3o da pe\u00e7a e para que as pessoas possam comprar pe\u00e7as acess\u00edveis, a partir de R$5,00 e de qualidade. O valor adquirido ser\u00e1 utilizado para a compra de materiais para a produ\u00e7\u00e3o de pe\u00e7as durante a aula\u201d, explica a presidente do Fundo Social de Solidariedade, Maria das Gra\u00e7as de Ara\u00fajo Massimo.<\/p>\n\n\n\n<p>No dia 10 de maio, al\u00e9m do bazar que estar\u00e1 sendo exposto na Prefeitura, acontecer\u00e1 a exibi\u00e7\u00e3o de pe\u00e7as do Projeto Gera\u00e7\u00e3o de Renda, na A\u00e7\u00e3o Solid\u00e1ria, que acontecer\u00e1 na Pra\u00e7a Prudente de Moraes. No local, o Fundo Social estar\u00e1 com uma barraca montada das 9h \u00e0s 17h. Al\u00e9m disso, a professora Edileny Gomes de Fran\u00e7a, tamb\u00e9m elaborou uma mesa decorada de inspira\u00e7\u00e3o e dicas de mesa posta para o Dia das M\u00e3es e m\u00eas das noivas que permanecer\u00e1, no sagu\u00e3o da Prefeitura, at\u00e9 o dia 31 de maio.<\/p>\n\n\n\n<p><strong>Servi\u00e7o<\/strong><\/p>\n\n\n\n<p><strong>Bazar de Dia das M\u00e3es<\/strong><\/p>\n\n\n\n<p><strong>Data:<\/strong>&nbsp;6 a 10 de maio.<strong><\/strong><\/p>\n\n\n\n<p><strong>Hor\u00e1rio:&nbsp;<\/strong>&nbsp;das 8h30 \u00e0s &nbsp;16h30.<\/p>\n\n\n\n<p><strong>Local:&nbsp;<\/strong>Funssol &#8211; Av. Eng. F\u00e1bio Roberto Barnab\u00e9, 2800 (Prefeitura de Indaiatuba).<\/p>\n\n\n\n<p><strong>Ser\u00e1 aceito o pagamento apenas em dinheiro<\/strong><\/p>\n\n\n\n<p><strong>A\u00e7\u00e3o Solid\u00e1ria<\/strong><\/p>\n\n\n\n<p><strong>Data:&nbsp;<\/strong>10 de maio.<\/p>\n\n\n\n<p><strong>Hor\u00e1rio:&nbsp;<\/strong>9h \u00e0s 17h.<strong><\/strong><\/p>\n\n\n\n<p><strong>Local:&nbsp;<\/strong>Pra\u00e7a Prudente de Moraes.<\/p>\n\n\n\n<p><strong>Exposi\u00e7\u00e3o de Dia das M\u00e3es\/ M\u00eas das Noivas<\/strong><\/p>\n\n\n\n<p><strong>Data:&nbsp;<\/strong>at\u00e9 dia 31 de maio.<\/p>\n\n\n\n<p><strong>Local:\u00a0<\/strong>\u00a0Sagu\u00e3o da Prefeitura &#8211; Av. Eng. F\u00e1bio Roberto Barnab\u00e9, 2800.<\/p>\n\n\n\n<p class=\"has-small-font-size\"><strong>#PraTodosVerem:\u00a0<\/strong>Mesa com as pe\u00e7as confeccionadas pelas alunas do Projeto de Gera\u00e7\u00e3o de Renda do Funssol. Fim da descri\u00e7\u00e3o.<\/p>\n","protected":false},"excerpt":{"rendered":"<p>Ser\u00e3o vendidas pe\u00e7as confeccionadas pelos alunos do curso de gera\u00e7\u00e3o de renda O Fundo Social de Solidariedade ( Funssol) realiza de 6 a 10 de maio das 8h30 \u00e0s 16h30 o Bazar de dia das M\u00e3es, na Prefeitura de Indaiatuba. A exposi\u00e7\u00e3o, que acontecer\u00e1 no Pa\u00e7o Municipal em frente ao Fundo Social, conta com uma [&hellip;]<\/p>\n","protected":false},"author":8,"featured_media":22732,"comment_status":"closed","ping_status":"open","sticky":false,"template":"","format":"standard","meta":{"rop_custom_images_group":[],"rop_custom_messages_group":[],"rop_publish_now":"initial","rop_publish_now_accounts":[],"rop_publish_now_history":[],"rop_publish_now_status":"pending","footnotes":""},"categories":[188],"tags":[],"class_list":["post-22731","post","type-post","status-publish","format-standard","has-post-thumbnail","hentry","category-indaiatuba"],"amp_enabled":true,"_links":{"self":[{"href":"https:\/\/imais.online\/portal\/wp-json\/wp\/v2\/posts\/22731","targetHints":{"allow":["GET"]}}],"collection":[{"href":"https:\/\/imais.online\/portal\/wp-json\/wp\/v2\/posts"}],"about":[{"href":"https:\/\/imais.online\/portal\/wp-json\/wp\/v2\/types\/post"}],"author":[{"embeddable":true,"href":"https:\/\/imais.online\/portal\/wp-json\/wp\/v2\/users\/8"}],"replies":[{"embeddable":true,"href":"https:\/\/imais.online\/portal\/wp-json\/wp\/v2\/comments?post=22731"}],"version-history":[{"count":1,"href":"https:\/\/imais.online\/portal\/wp-json\/wp\/v2\/posts\/22731\/revisions"}],"predecessor-version":[{"id":22733,"href":"https:\/\/imais.online\/portal\/wp-json\/wp\/v2\/posts\/22731\/revisions\/22733"}],"wp:featuredmedia":[{"embeddable":true,"href":"https:\/\/imais.online\/portal\/wp-json\/wp\/v2\/media\/22732"}],"wp:attachment":[{"href":"https:\/\/imais.online\/portal\/wp-json\/wp\/v2\/media?parent=22731"}],"wp:term":[{"taxonomy":"category","embeddable":true,"href":"https:\/\/imais.online\/portal\/wp-json\/wp\/v2\/categories?post=22731"},{"taxonomy":"post_tag","embeddable":true,"href":"https:\/\/imais.online\/portal\/wp-json\/wp\/v2\/tags?post=22731"}],"curies":[{"name":"wp","href":"https:\/\/api.w.org\/{rel}","templated":true}]}}