{"id":22740,"date":"2024-05-05T12:22:44","date_gmt":"2024-05-05T15:22:44","guid":{"rendered":"https:\/\/imais.online\/portal\/?p=22740"},"modified":"2024-05-05T12:22:45","modified_gmt":"2024-05-05T15:22:45","slug":"guaiba-volta-a-subir-e-chega-em-53m-em-porto-alegre","status":"publish","type":"post","link":"https:\/\/imais.online\/portal\/guaiba-volta-a-subir-e-chega-em-53m-em-porto-alegre\/","title":{"rendered":"Gua\u00edba volta a subir e chega em 5,3m em Porto Alegre"},"content":{"rendered":"<div class=\"imais-before-content-placement\" id=\"imais-4181917522\"><script async src=\"\/\/pagead2.googlesyndication.com\/pagead\/js\/adsbygoogle.js?client=ca-pub-8787528412751566\" crossorigin=\"anonymous\"><\/script><ins class=\"adsbygoogle\" style=\"display:block;\" data-ad-client=\"ca-pub-8787528412751566\" \ndata-ad-slot=\"\" \ndata-ad-format=\"auto\"><\/ins>\n<script> \n(adsbygoogle = window.adsbygoogle || []).push({}); \n<\/script>\n<\/div>\n<p>Frente quente que avan\u00e7a de Norte para Sul vai trazer chuva para as \u00e1reas mais atingidas pelas enchentes, como a Grande Porto Alegre<\/p>\n\n\n\n<p>O Gua\u00edba voltou subir neste domingo, em Porto Alegre. Na medi\u00e7\u00e3o feita \u00e0s 7h, o n\u00edvel das \u00e1guas estava em 5,30m. Ontem, na \u00faltima medi\u00e7\u00e3o das 22h de s\u00e1bado, a cota do lago era 5,25m. Segundo a Sala de Situa\u00e7\u00e3o, a tend\u00eancia, agora, \u00e9 de estabilidade.<\/p>\n\n\n\n<p>De acordo com estimativa publicada pelo Instituto de Pesquisa Hidr\u00e1ulicas (IPH) da UFRGS, o cen\u00e1rio moderado e mais atualizado considera a previs\u00e3o de precipita\u00e7\u00e3o nos pr\u00f3ximos dias e o maior represamento das \u00e1guas na foz da Lagoa dos Patos. Ele indica a estabiliza\u00e7\u00e3o dos n\u00edveis d&#8217;\u00e1gua do Gua\u00edba elevados em torno de 5m durante mais de tr\u00eas dias, e sem redu\u00e7\u00e3o abaixo da cota de inunda\u00e7\u00e3o de 3m na pr\u00f3xima semana.<\/p>\n\n\n\n<p>Atualiza\u00e7\u00e3o | 05\/05 &#8211; 7h<\/p>\n\n\n\n<p>N\u00edvel do Gua\u00edba<\/p>\n\n\n\n<p>Usina do Gas\u00f4metro <\/p>\n\n\n\n<p>Cota atual: 5,29m <\/p>\n\n\n\n<p>Cota de Alerta: 2,5m <\/p>\n\n\n\n<p>Cota de Inunda\u00e7\u00e3o: 3m <\/p>\n\n\n\n<p class=\"has-small-font-size\">Informa\u00e7\u00e3o obtida \u00e0s 6h por meio da r\u00e9gua da Secretaria Estadual do Meio Ambiente e Infraestrutura (SEMA) e Ag\u00eancia Nacional de \u00c1guas (ANA).<\/p>\n\n\n\n<p>Neste domingo, uma frente quente que avan\u00e7a de Norte para Sul vai&nbsp;<a href=\"https:\/\/www.correiodopovo.com.br\/not%C3%ADcias\/cidades\/frente-deve-causar-chuva-forte-nas-%C3%A1reas-de-enchente-da-grande-porto-alegre-1.1491277\" target=\"_blank\" rel=\"noreferrer noopener\"><strong>trazer chuva para as \u00e1reas mais atingidas pelas enchentes<\/strong><\/a>, como a Grande Porto Alegre. A MetSul alerta para o alto risco de chuva forte com pancadas torrenciais, que podem vir com raios e trovoadas, n\u00e3o se descartando temporais isolados.<\/p>\n\n\n\n<p>Ao longo do dia, a chuva avan\u00e7a mais para o Sul. Com isso, vai abrir o tempo em muitas cidades, com sol e nuvens. A temperatura fica mais elevada na Metade Norte do Estado, com sensa\u00e7\u00e3o de tempo quente e abafado. No Sul ga\u00facho, h\u00e1 chance de chuva da tarde para a noite.<\/p>\n\n\n\n<p>A MetSul ainda esclarece que a chuva prevista para as pr\u00f3ximas horas n\u00e3o vai interferir na baixa dos rios, onde os n\u00edveis j\u00e1 declinam. O m\u00e1ximo que pode ocorrer \u00e9 reduzir o ritmo de baixa temporariamente em algumas localidades, mas, no geral, a tend\u00eancia \u00e9 de baixa da maior parte dos rios.<\/p>\n\n\n\n<p>Fonte Correio do Povo<\/p>\n","protected":false},"excerpt":{"rendered":"<p>Frente quente que avan\u00e7a de Norte para Sul vai trazer chuva para as \u00e1reas mais atingidas pelas enchentes, como a Grande Porto Alegre O Gua\u00edba voltou subir neste domingo, em Porto Alegre. Na medi\u00e7\u00e3o feita \u00e0s 7h, o n\u00edvel das \u00e1guas estava em 5,30m. Ontem, na \u00faltima medi\u00e7\u00e3o das 22h de s\u00e1bado, a cota do [&hellip;]<\/p>\n","protected":false},"author":8,"featured_media":22741,"comment_status":"closed","ping_status":"open","sticky":false,"template":"","format":"standard","meta":{"rop_custom_images_group":[],"rop_custom_messages_group":[],"rop_publish_now":"initial","rop_publish_now_accounts":[],"rop_publish_now_history":[],"rop_publish_now_status":"pending","footnotes":""},"categories":[189],"tags":[],"class_list":["post-22740","post","type-post","status-publish","format-standard","has-post-thumbnail","hentry","category-brasil"],"amp_enabled":true,"_links":{"self":[{"href":"https:\/\/imais.online\/portal\/wp-json\/wp\/v2\/posts\/22740","targetHints":{"allow":["GET"]}}],"collection":[{"href":"https:\/\/imais.online\/portal\/wp-json\/wp\/v2\/posts"}],"about":[{"href":"https:\/\/imais.online\/portal\/wp-json\/wp\/v2\/types\/post"}],"author":[{"embeddable":true,"href":"https:\/\/imais.online\/portal\/wp-json\/wp\/v2\/users\/8"}],"replies":[{"embeddable":true,"href":"https:\/\/imais.online\/portal\/wp-json\/wp\/v2\/comments?post=22740"}],"version-history":[{"count":1,"href":"https:\/\/imais.online\/portal\/wp-json\/wp\/v2\/posts\/22740\/revisions"}],"predecessor-version":[{"id":22742,"href":"https:\/\/imais.online\/portal\/wp-json\/wp\/v2\/posts\/22740\/revisions\/22742"}],"wp:featuredmedia":[{"embeddable":true,"href":"https:\/\/imais.online\/portal\/wp-json\/wp\/v2\/media\/22741"}],"wp:attachment":[{"href":"https:\/\/imais.online\/portal\/wp-json\/wp\/v2\/media?parent=22740"}],"wp:term":[{"taxonomy":"category","embeddable":true,"href":"https:\/\/imais.online\/portal\/wp-json\/wp\/v2\/categories?post=22740"},{"taxonomy":"post_tag","embeddable":true,"href":"https:\/\/imais.online\/portal\/wp-json\/wp\/v2\/tags?post=22740"}],"curies":[{"name":"wp","href":"https:\/\/api.w.org\/{rel}","templated":true}]}}