{"id":22756,"date":"2024-05-06T10:07:58","date_gmt":"2024-05-06T13:07:58","guid":{"rendered":"https:\/\/imais.online\/portal\/?p=22756"},"modified":"2024-05-06T10:07:58","modified_gmt":"2024-05-06T13:07:58","slug":"menina-de-9-anos-escreve-carta-denunciando-assedios-do-padrasto-e-coloca-na-bolsa-da-mae","status":"publish","type":"post","link":"https:\/\/imais.online\/portal\/menina-de-9-anos-escreve-carta-denunciando-assedios-do-padrasto-e-coloca-na-bolsa-da-mae\/","title":{"rendered":"Menina de 9 anos escreve carta denunciando ass\u00e9dios do padrasto e coloca na bolsa da m\u00e3e"},"content":{"rendered":"<div class=\"imais-before-content-placement\" id=\"imais-1968646423\"><script async src=\"\/\/pagead2.googlesyndication.com\/pagead\/js\/adsbygoogle.js?client=ca-pub-8787528412751566\" crossorigin=\"anonymous\"><\/script><ins class=\"adsbygoogle\" style=\"display:block;\" data-ad-client=\"ca-pub-8787528412751566\" \ndata-ad-slot=\"\" \ndata-ad-format=\"auto\"><\/ins>\n<script> \n(adsbygoogle = window.adsbygoogle || []).push({}); \n<\/script>\n<\/div>\n<h2 class=\"wp-block-heading\">O homem de 25 anos foi encontrado e preso em Patos de Minas. Segundo a menina, sempre que a m\u00e3e ia para o trabalho o padrasto se aproveitava para praticar os ass\u00e9dios.<\/h2>\n\n\n\n<p>Um homem de 25 anos foi preso em&nbsp;<a class=\"\" href=\"https:\/\/g1.globo.com\/mg\/triangulo-mineiro\/cidade\/patos-de-minas\/\">Patos de Minas<\/a>, no Alto Parana\u00edba, depois que a enteada, de 9, escreveu uma carta e colocou na bolsa da m\u00e3e denunciando os ass\u00e9dios e abusos que sofria em casa. O homem foi preso na quarta-feira (1\u00b0).&nbsp;<strong>Leia a transcri\u00e7\u00e3o da carta abaixo.<\/strong><\/p>\n\n\n\n<p>Em um trecho da carta a menina escreveu:\u00a0<em>&#8220;Sempre que voc\u00ea ia trabalhar, ele colocava a m\u00e3o l\u00e1 e mandava eu ver, s\u00f3 que eu falava que n\u00e3o&#8221;.<\/em><\/p>\n\n\n\n<p>O\u00a0<a class=\"\" href=\"https:\/\/g1.globo.com\/mg\/triangulo-mineiro\/\"><strong>g1<\/strong>\u00a0<\/a>n\u00e3o divulgou o nome do suspeito para preservar a identidade da v\u00edtima.<\/p>\n\n\n\n<h2 class=\"wp-block-heading\">A carta<\/h2>\n\n\n\n<p>De acordo com a Pol\u00edcia Militar (PM), a m\u00e3e da menina contou que na ter\u00e7a-feira (30), a filha disse que era para ela ler uma carta que estava na bolsa, por\u00e9m, esqueceu de ler.<\/p>\n\n\n\n<p>No dia seguinte, enquanto estava no trabalho<strong>, a mulher come\u00e7ou a receber diversas mensagens da filha com \u00e1udios e v\u00eddeos que mostravam os ass\u00e9dios do padrasto.<\/strong><\/p>\n\n\n\n<p>Nesse momento, a m\u00e3e se lembrou da carta e a leu. No texto, a menina exp\u00f4s em letras garrafais os abusos que sofria.<\/p>\n\n\n\n<p><em>&#8220;M\u00e3e, sabe hora que voc\u00ea veio aqui embaixo? O L* ficou me olhando de um jeito muito safado. Ele colocou a m\u00e3o na minha coxa e eu tirei. Depois ele come\u00e7ou a mexer na parte dele e colocou para fora do short. Isso acontece desde a casa da G*. L\u00e1 ele falava que sempre quis g* em mim, s\u00f3 que sempre eu falei n\u00e3o. Quando voc\u00ea ia trabalhar, ele sempre colocava a m\u00e3o l\u00e1 e mandava eu ver s\u00f3 que eu falava n\u00e3o&#8221;<\/em>.<\/p>\n\n\n\n<p>A mulher voltou para casa e pediu que uma amiga acionasse a PM. O homem foi preso nos fundos do im\u00f3vel.<\/p>\n\n\n\n<p>Em, depoimento,\u00a0<strong>ele disse que ir\u00e1 se responsabilizar pelos seus atos. Em seguida, foi levado para a Pol\u00edcia Civil.<\/strong><\/p>\n\n\n\n<figure class=\"wp-block-image\"><img decoding=\"async\" src=\"https:\/\/s2-g1.glbimg.com\/UFqe-VIHloGzuy1lQ0YIj03BAqc=\/0x0:1920x1080\/984x0\/smart\/filters:strip_icc()\/i.s3.glbimg.com\/v1\/AUTH_59edd422c0c84a879bd37670ae4f538a\/internal_photos\/bs\/2023\/z\/8\/wuhC3KQy2QbNBEjurZ2g\/cartela.jpg\" alt=\"Aviso do g1 sobre imagem forte \u2014 Foto: Arte\/g1\"\/><\/figure>\n\n\n\n<p>Aviso do g1 sobre imagem forte \u2014 Foto: Arte\/g1<\/p>\n\n\n\n<figure class=\"wp-block-image\"><img decoding=\"async\" src=\"https:\/\/s2-g1.glbimg.com\/iuLYdi3woFsfkpgGVVvBhqAN4N8=\/0x0:1920x1080\/984x0\/smart\/filters:strip_icc()\/i.s3.glbimg.com\/v1\/AUTH_59edd422c0c84a879bd37670ae4f538a\/internal_photos\/bs\/2024\/u\/T\/zgG02dTDyrhxQiASbYZA\/design-sem-nome-2024-05-03t115536.741.png\" alt=\"Carta escrita por menina de 9 anos \u2014 Foto: Reprodu\u00e7\u00e3o\/Arquivo pessoal\"\/><\/figure>\n\n\n\n<p>Carta escrita por menina de 9 anos \u2014 Foto: Reprodu\u00e7\u00e3o\/Arquivo pessoal<\/p>\n\n\n\n<p>Fonte G1 <\/p>\n","protected":false},"excerpt":{"rendered":"<p>O homem de 25 anos foi encontrado e preso em Patos de Minas. Segundo a menina, sempre que a m\u00e3e ia para o trabalho o padrasto se aproveitava para praticar os ass\u00e9dios. Um homem de 25 anos foi preso em&nbsp;Patos de Minas, no Alto Parana\u00edba, depois que a enteada, de 9, escreveu uma carta e [&hellip;]<\/p>\n","protected":false},"author":8,"featured_media":22757,"comment_status":"closed","ping_status":"open","sticky":false,"template":"","format":"standard","meta":{"rop_custom_images_group":[],"rop_custom_messages_group":[],"rop_publish_now":"initial","rop_publish_now_accounts":[],"rop_publish_now_history":[],"rop_publish_now_status":"pending","footnotes":""},"categories":[199],"tags":[73],"class_list":["post-22756","post","type-post","status-publish","format-standard","has-post-thumbnail","hentry","category-policia","tag-featured"],"amp_enabled":true,"_links":{"self":[{"href":"https:\/\/imais.online\/portal\/wp-json\/wp\/v2\/posts\/22756","targetHints":{"allow":["GET"]}}],"collection":[{"href":"https:\/\/imais.online\/portal\/wp-json\/wp\/v2\/posts"}],"about":[{"href":"https:\/\/imais.online\/portal\/wp-json\/wp\/v2\/types\/post"}],"author":[{"embeddable":true,"href":"https:\/\/imais.online\/portal\/wp-json\/wp\/v2\/users\/8"}],"replies":[{"embeddable":true,"href":"https:\/\/imais.online\/portal\/wp-json\/wp\/v2\/comments?post=22756"}],"version-history":[{"count":1,"href":"https:\/\/imais.online\/portal\/wp-json\/wp\/v2\/posts\/22756\/revisions"}],"predecessor-version":[{"id":22758,"href":"https:\/\/imais.online\/portal\/wp-json\/wp\/v2\/posts\/22756\/revisions\/22758"}],"wp:featuredmedia":[{"embeddable":true,"href":"https:\/\/imais.online\/portal\/wp-json\/wp\/v2\/media\/22757"}],"wp:attachment":[{"href":"https:\/\/imais.online\/portal\/wp-json\/wp\/v2\/media?parent=22756"}],"wp:term":[{"taxonomy":"category","embeddable":true,"href":"https:\/\/imais.online\/portal\/wp-json\/wp\/v2\/categories?post=22756"},{"taxonomy":"post_tag","embeddable":true,"href":"https:\/\/imais.online\/portal\/wp-json\/wp\/v2\/tags?post=22756"}],"curies":[{"name":"wp","href":"https:\/\/api.w.org\/{rel}","templated":true}]}}