{"id":22796,"date":"2024-05-08T09:40:27","date_gmt":"2024-05-08T12:40:27","guid":{"rendered":"https:\/\/imais.online\/portal\/?p=22796"},"modified":"2024-05-08T09:40:28","modified_gmt":"2024-05-08T12:40:28","slug":"prazo-para-regularizar-e-emitir-titulo-de-eleitor-termina-nesta-quarta","status":"publish","type":"post","link":"https:\/\/imais.online\/portal\/prazo-para-regularizar-e-emitir-titulo-de-eleitor-termina-nesta-quarta\/","title":{"rendered":"Prazo para regularizar e emitir t\u00edtulo de eleitor termina nesta quarta"},"content":{"rendered":"<div class=\"imais-before-content-placement\" id=\"imais-3619747070\"><script async src=\"\/\/pagead2.googlesyndication.com\/pagead\/js\/adsbygoogle.js?client=ca-pub-8787528412751566\" crossorigin=\"anonymous\"><\/script><ins class=\"adsbygoogle\" style=\"display:block;\" data-ad-client=\"ca-pub-8787528412751566\" \ndata-ad-slot=\"\" \ndata-ad-format=\"auto\"><\/ins>\n<script> \n(adsbygoogle = window.adsbygoogle || []).push({}); \n<\/script>\n<\/div>\n<h2 class=\"wp-block-heading\">Ap\u00f3s esta data, qualquer altera\u00e7\u00e3o no cadastro eleitoral dever\u00e1 ser realizada somente depois da vota\u00e7\u00e3o, que vai ocorrer em outubro<\/h2>\n\n\n\n<p>O\u00a0<a rel=\"noreferrer noopener\" href=\"https:\/\/noticias.r7.com\/brasilia\/justica-eleitoral-promove-campanha-nas-redes-sociais-para-estimular-voto-de-adolescentes-18032024\/\" target=\"_blank\"><strong>eleitor que pretende votar nas elei\u00e7\u00f5es deste ano<\/strong><\/a>\u00a0tem at\u00e9 esta quarta-feira (8) para regularizar o t\u00edtulo ou emitir o documento pela primeira vez. Ap\u00f3s isso, qualquer altera\u00e7\u00e3o no cadastro eleitoral dever\u00e1 ser realizada somente depois da vota\u00e7\u00e3o. O\u00a0<a rel=\"noreferrer noopener\" href=\"https:\/\/noticias.r7.com\/brasilia\/eleicoes-municipais-de-2024-ocorrerao-em-6-de-outubro-confira-calendario-eleitoral-04012024\/\" target=\"_blank\"><strong>1\u00ba e o 2\u00ba turnos<\/strong><\/a>\u00a0v\u00e3o ocorrer, respectivamente, em 6 e 27 de outubro. Para o Rio Grande do Sul, o\u00a0<a rel=\"noreferrer noopener\" href=\"https:\/\/noticias.r7.com\/brasilia\/tse-aprova-normas-para-2024-e-veda-uso-de-deep-fake-nas-eleicoes-municipais-27022024\/\" target=\"_blank\"><strong>TSE (Tribunal Superior Eleitoral)<\/strong><\/a>\u00a0prorrogou por 15 dias o prazo final para o fechamento do cadastro eleitoral (<em><strong>leia mais abaixo<\/strong><\/em>).<\/p>\n\n\n\n<p>Segundo o TSE (Tribunal Superior Eleitoral), at\u00e9 esta quarta-feira os eleitores poder\u00e3o resolver pend\u00eancias com a Justi\u00e7a Eleitoral, inclusive quitar multas decorrentes de aus\u00eancias \u00e0s elei\u00e7\u00f5es anteriores, al\u00e9m da transfer\u00eancia do domic\u00edlio eleitoral. Devido ao car\u00e1ter local das elei\u00e7\u00f5es, n\u00e3o ser\u00e1 poss\u00edvel votar em tr\u00e2nsito.<\/p>\n\n\n\n<p>Eleitores que tiveram o t\u00edtulo cancelado por n\u00e3o votarem em tr\u00eas pleitos consecutivos devem regularizar a situa\u00e7\u00e3o, informou o TSE. A revis\u00e3o dos dados eleitorais, assim como a inclus\u00e3o do nome social, tamb\u00e9m deve ser feita at\u00e9 esta quarta-feira.<\/p>\n\n\n\n<p>Os eleitores que n\u00e3o regularizarem o t\u00edtulo ficar\u00e3o impedidos de votar nas elei\u00e7\u00f5es e, consequentemente, n\u00e3o poder\u00e1 tirar passaporte, carteira de identidade, ingressar em universidade ou renovar matr\u00edcula em institui\u00e7\u00e3o de ensino superior, assumir cargo comissionado ou efetivo por aprova\u00e7\u00e3o em concurso p\u00fablico, obter empr\u00e9stimo em institui\u00e7\u00f5es p\u00fablicas com cr\u00e9dito mantido pelo governo, al\u00e9m de outras restri\u00e7\u00f5es.<\/p>\n\n\n\n<h3 class=\"wp-block-heading\">Primeiro t\u00edtulo e regulariza\u00e7\u00e3o<\/h3>\n\n\n\n<p>Aqueles que v\u00e3o tirar o t\u00edtulo de eleitor pela primeira vez devem requerer o documento diretamente em um cart\u00f3rio eleitoral, inclusive, para registro da biometria. O documento pode ser solicitado por qualquer pessoa que tenha 16 anos na data da vota\u00e7\u00e3o.<\/p>\n\n\n\n<p>Para o t\u00edtulo, \u00e9 necess\u00e1rio apresentar um documento oficial de identifica\u00e7\u00e3o com foto, seja Carteira de Identidade ou a Carteira Nacional de Habilita\u00e7\u00e3o (CNH), al\u00e9m do comprovante de resid\u00eancia emitido nos \u00faltimos tr\u00eas meses e o comprovante de quita\u00e7\u00e3o militar, no caso de homens com 19 anos.<\/p>\n\n\n\n<p>A Constitui\u00e7\u00e3o estabelece que o voto \u00e9 obrigat\u00f3rio a partir dos 18 anos e facultativo aos jovens de 16 e 17 anos, pessoas acima de 70 anos e analfabetos.<\/p>\n\n\n\n<p>No caso de eleitores que precisam regularizar o t\u00edtulo, poder\u00e1 ser solicitado a normaliza\u00e7\u00e3o em uma unidade da Justi\u00e7a Eleitoral ou pelo servi\u00e7o de Autoatendimento Eleitoral, no\u00a0<a rel=\"noreferrer noopener\" href=\"https:\/\/www.tse.jus.br\/#\/\" target=\"_blank\"><u><strong>site do TSE<\/strong><\/u><\/a>.<\/p>\n\n\n\n<h3 class=\"wp-block-heading\">Rio Grande do Sul<\/h3>\n\n\n\n<p>O TSE prorrogou por 15 dias o prazo final para o fechamento do cadastro eleitoral, em caso de necessidade, para todo o estado do Rio Grande do Sul. \u201cA medida foi tomada devido \u00e0 situa\u00e7\u00e3o de calamidade p\u00fablica decretada pelo governo estadual e em apoio \u00e0 popula\u00e7\u00e3o ga\u00facha afetada pelas fortes chuvas dos \u00faltimos dias\u201d, informou o tribunal.<\/p>\n\n\n\n<h3 class=\"wp-block-heading\">Como saber a minha situa\u00e7\u00e3o eleitoral?<\/h3>\n\n\n\n<p>Para consultar a situa\u00e7\u00e3o, o interessado deve acessar o&nbsp;<a href=\"https:\/\/www.tse.jus.br\/#\/\" target=\"_blank\" rel=\"noreferrer noopener\"><u><strong>site do TSE<\/strong><\/u><\/a>&nbsp;ou ir at\u00e9 uma unidade da Justi\u00e7a Eleitoral. No portal, v\u00e1 at\u00e9 a aba \u201cServi\u00e7os\u201d, localizada no canto superior esquerdo, e clique na op\u00e7\u00e3o \u201cMais sobre servi\u00e7os eleitorais\u201d e, em seguida, ao final da p\u00e1gina, em \u201cSitua\u00e7\u00e3o Eleitoral\u201d. Agora, informe o n\u00famero do CPF e aperte \u201cConsultar\u201d. Em seguida, aparecer\u00e1 se o t\u00edtulo eleitoral est\u00e1 regular ou n\u00e3o.<\/p>\n\n\n\n<p>Caso a situa\u00e7\u00e3o esteja irregular, o eleitor dever\u00e1 clicar na aba \u201cServi\u00e7os\u201d, em \u201cAutoatendimento Eleitoral\u201d. Depois, escolher a op\u00e7\u00e3o \u201cT\u00edtulo Eleitoral\u201d e, em seguida, \u201cRegularize seu t\u00edtulo eleitoral cancelado\u201d.<\/p>\n\n\n\n<p>De acordo com o TSE, existem situa\u00e7\u00f5es especificas, como o cadastro da biometria, que precisam ser feitas presencialmente. Em casos como este, \u201co pr\u00f3prio sistema de autoatendimento far\u00e1 o alerta e indicar\u00e1 o melhor local para o atendimento presencial\u201d, informou o tribunal.<\/p>\n\n\n\n<h3 class=\"wp-block-heading\">Por que o t\u00edtulo est\u00e1 irregular?<\/h3>\n\n\n\n<p>Em caso de cancelamento, o t\u00edtulo eleitoral pode ter ficado irregular por falecimento, duplicidade de inscri\u00e7\u00f5es, n\u00e3o comparecimento \u00e0 revis\u00e3o de eleitorado, aus\u00eancia a tr\u00eas turnos eleitorais consecutivos e senten\u00e7a judicial. Em casos de suspens\u00e3o, ocorre devido \u00e0 condena\u00e7\u00e3o criminal, conscri\u00e7\u00e3o, improbidade administrativa e recusa de cumprimento de servi\u00e7o militar obrigat\u00f3rio.<\/p>\n\n\n\n<p>Fonte R7<\/p>\n","protected":false},"excerpt":{"rendered":"<p>Ap\u00f3s esta data, qualquer altera\u00e7\u00e3o no cadastro eleitoral dever\u00e1 ser realizada somente depois da vota\u00e7\u00e3o, que vai ocorrer em outubro O\u00a0eleitor que pretende votar nas elei\u00e7\u00f5es deste ano\u00a0tem at\u00e9 esta quarta-feira (8) para regularizar o t\u00edtulo ou emitir o documento pela primeira vez. Ap\u00f3s isso, qualquer altera\u00e7\u00e3o no cadastro eleitoral dever\u00e1 ser realizada somente depois [&hellip;]<\/p>\n","protected":false},"author":8,"featured_media":22797,"comment_status":"closed","ping_status":"open","sticky":false,"template":"","format":"standard","meta":{"rop_custom_images_group":[],"rop_custom_messages_group":[],"rop_publish_now":"initial","rop_publish_now_accounts":[],"rop_publish_now_history":[],"rop_publish_now_status":"pending","footnotes":""},"categories":[233],"tags":[73],"class_list":["post-22796","post","type-post","status-publish","format-standard","has-post-thumbnail","hentry","category-eleicoes","tag-featured"],"amp_enabled":true,"_links":{"self":[{"href":"https:\/\/imais.online\/portal\/wp-json\/wp\/v2\/posts\/22796","targetHints":{"allow":["GET"]}}],"collection":[{"href":"https:\/\/imais.online\/portal\/wp-json\/wp\/v2\/posts"}],"about":[{"href":"https:\/\/imais.online\/portal\/wp-json\/wp\/v2\/types\/post"}],"author":[{"embeddable":true,"href":"https:\/\/imais.online\/portal\/wp-json\/wp\/v2\/users\/8"}],"replies":[{"embeddable":true,"href":"https:\/\/imais.online\/portal\/wp-json\/wp\/v2\/comments?post=22796"}],"version-history":[{"count":1,"href":"https:\/\/imais.online\/portal\/wp-json\/wp\/v2\/posts\/22796\/revisions"}],"predecessor-version":[{"id":22798,"href":"https:\/\/imais.online\/portal\/wp-json\/wp\/v2\/posts\/22796\/revisions\/22798"}],"wp:featuredmedia":[{"embeddable":true,"href":"https:\/\/imais.online\/portal\/wp-json\/wp\/v2\/media\/22797"}],"wp:attachment":[{"href":"https:\/\/imais.online\/portal\/wp-json\/wp\/v2\/media?parent=22796"}],"wp:term":[{"taxonomy":"category","embeddable":true,"href":"https:\/\/imais.online\/portal\/wp-json\/wp\/v2\/categories?post=22796"},{"taxonomy":"post_tag","embeddable":true,"href":"https:\/\/imais.online\/portal\/wp-json\/wp\/v2\/tags?post=22796"}],"curies":[{"name":"wp","href":"https:\/\/api.w.org\/{rel}","templated":true}]}}