{"id":22818,"date":"2024-05-09T20:41:45","date_gmt":"2024-05-09T23:41:45","guid":{"rendered":"https:\/\/imais.online\/portal\/?p=22818"},"modified":"2024-05-09T20:41:46","modified_gmt":"2024-05-09T23:41:46","slug":"polo-shopping-indaiatuba-celebra-o-dia-das-maes-com-show-gratuito-em-tributo-a-cantora-adele","status":"publish","type":"post","link":"https:\/\/imais.online\/portal\/polo-shopping-indaiatuba-celebra-o-dia-das-maes-com-show-gratuito-em-tributo-a-cantora-adele\/","title":{"rendered":"Polo Shopping Indaiatuba celebra o Dia das M\u00e3es com show gratuito em tributo \u00e0 cantora Adele\u00a0"},"content":{"rendered":"<div class=\"imais-before-content-placement\" id=\"imais-1987986324\"><script async src=\"\/\/pagead2.googlesyndication.com\/pagead\/js\/adsbygoogle.js?client=ca-pub-8787528412751566\" crossorigin=\"anonymous\"><\/script><ins class=\"adsbygoogle\" style=\"display:block;\" data-ad-client=\"ca-pub-8787528412751566\" \ndata-ad-slot=\"\" \ndata-ad-format=\"auto\"><\/ins>\n<script> \n(adsbygoogle = window.adsbygoogle || []).push({}); \n<\/script>\n<\/div>\n<p class=\"has-text-align-center\"><em>\u00daltimo evento do projeto Dia das M\u00e3es \u00e9 Show acontece nesta sexta, 10 de maio, com participa\u00e7\u00e3o gratuita; a\u00e7\u00e3o tamb\u00e9m visa arrecadar doa\u00e7\u00f5es para o Rio Grande do Sul<\/em><\/p>\n\n\n\n<p>A s\u00e9rie de comemora\u00e7\u00f5es pelo Dia das M\u00e3es no&nbsp;<strong>Polo Shopping Indaiatuba<\/strong>&nbsp;se encerra com o terceiro show gratuito do projeto &#8220;<strong>Dia das M\u00e3es \u00e9 Show<\/strong>\u201d. Nesta sexta, 10 de maio, \u00e0s 19h30, a cantora ga\u00facha Stephanie Lii protagoniza o espet\u00e1culo \u201cHello Adele Tribute\u201d, um show-homenagem \u00e0 cantora brit\u00e2nica Adele.&nbsp;<\/p>\n\n\n\n<p>O show \u201cHello Adele Tribute\u201d \u00e9 uma cria\u00e7\u00e3o in\u00e9dita, planejada e executada com foco na apresenta\u00e7\u00e3o de um espet\u00e1culo de maestria ainda n\u00e3o visto no mercado de tributos no Brasil. De tudo que j\u00e1 foi feito sobre Adele, esta homenagem foi constru\u00edda com aten\u00e7\u00e3o aos m\u00ednimos detalhes. O cen\u00e1rio do show tem como refer\u00eancia a ambienta\u00e7\u00e3o do DVD \u201cLive at the Royal Albert Hall\u201d (2011), com v\u00e1rios pormenores que remetem ao evento original.\u00a0No evento, p\u00fablico poder\u00e1 apreciar os maiores sucessos de Adele, can\u00e7\u00f5es como \u201cHello\u201d, \u201cSomeone Like You\u201d, \u201cRolling in the Deep\u201d e \u201cSet Fire to the Rain\u201d.<\/p>\n\n\n\n<p>Desde 2019, a vocalista Stephanie Lii mergulhou profundamente no universo musical e cultural da cantora brit\u00e2nica para entregar uma apresenta\u00e7\u00e3o envolvente e imersiva. Al\u00e9m&nbsp;de um timbre vocal muito semelhante ao de Adele, Stephanie estudou trejeitos e posturas da cantora para interpret\u00e1-la com a m\u00e1xima fidelidade e provocar o encantamento do p\u00fablico.&nbsp;<\/p>\n\n\n\n<p>O tributo tem como prop\u00f3sito fazer uma conex\u00e3o com os f\u00e3s de Adele que n\u00e3o tiveram a oportunidade de vivenciar um show ao vivo da cantora. O evento j\u00e1 passou por v\u00e1rios estados do Brasil e por pa\u00edses como Portugal, Estados Unidos, Holanda, Inglaterra, It\u00e1lia e M\u00e9xico, e agora chega a Indaiatuba, de forma totalmente gratuita e exclusiva, para os frequentadores do Polo Shopping.<\/p>\n\n\n\n<p><strong>Doa\u00e7\u00f5es para o Rio Grande do Sul<\/strong><\/p>\n\n\n\n<p>Com origem em Porto Alegre, toda a equipe do espet\u00e1culo \u00e9 do Rio Grande do Sul, por isso, o evento ser\u00e1 utilizado tamb\u00e9m para a coleta de doa\u00e7\u00f5es para o estado. Quem vier ao show poder\u00e1 trazer \u00e1gua, produtos de limpeza ou higiene pessoal, que ser\u00e3o dirigidos ao Fundo Social de S\u00e3o Paulo (FUSSP), por meio da FUNSSOL Indaiatuba, para encaminhamento \u00e0s \u00e1reas atingidas no sul do pa\u00eds.&nbsp;<\/p>\n\n\n\n<p>As caixas de coleta para as doa\u00e7\u00f5es j\u00e1 est\u00e3o dispon\u00edveis na Pra\u00e7a Central do Shopping, local onde ocorrer\u00e1 o show. Andr\u00e9a Fernandes, gerente de marketing do Polo Shopping Indaiatuba, refor\u00e7a o pedido: \u201cGostar\u00edamos de fazer um pedido especial a todos que vir\u00e3o no show do dia 10 de maio, para que tragam tamb\u00e9m uma doa\u00e7\u00e3o desses itens b\u00e1sicos, que foram apontados como prioridade pela Defesa Civil do Rio Grande do Sul. Quem vier antes do Shopping, pode colaborar desde j\u00e1, deixando os produtos nas caixas de coleta que j\u00e1 est\u00e3o no local do show. Toda ajuda \u00e9 v\u00e1lida e importante nesse momento, em que milhares de pessoas est\u00e3o precisando de suporte b\u00e1sico e urgente no Rio Grande do Sul.\u201d<\/p>\n\n\n\n<p><strong>Sobre Adele<\/strong><\/p>\n\n\n\n<p>Adele \u00e9 uma cantora, compositora e multi-instrumentista brit\u00e2nica. Nascida e criada no distrito de Tottenham, em Londres, come\u00e7ou a cantar aos quatro anos de idade e iniciou sua carreira art\u00edstica em 2006, ap\u00f3s se graduar em m\u00fasica na BRIT School. Foi revelada em 2008 pela BBC, canal de televis\u00e3o brit\u00e2nico, e j\u00e1 em 2019 foi ganhadora de dois pr\u00eamios Grammy Awards, nas categorias artista revela\u00e7\u00e3o e vocal feminino. Adele alcan\u00e7ou o auge da carreira ao lan\u00e7ar seu segundo \u00e1lbum, chamado \u201c21\u201d, com o qual superou diversos recordes e dominou as paradas de sucesso dos Estados Unidos e Reino Unido, com o single &#8220;Rolling in the Deep\u201d. O disco tornou-se o \u00e1lbum mais vendido do mundo no s\u00e9culo 21. A cantora figura na quinta posi\u00e7\u00e3o da lista das &#8220;100 Maiores Mulheres na M\u00fasica&#8221; pelo VH1 e foi eleita uma das pessoas mais influentes do mundo pela revista Times.&nbsp;<\/p>\n\n\n\n<p><strong>Servi\u00e7o&nbsp;<\/strong><\/p>\n\n\n\n<p><strong>\u201cHello Adele Tribute\u201d \u2013 Tributo a Adele<\/strong><\/p>\n\n\n\n<p><strong>Data:<\/strong>&nbsp;10\/05\/2024<\/p>\n\n\n\n<p><strong>Hor\u00e1rio:&nbsp;<\/strong>19h30<\/p>\n\n\n\n<p><strong>Local:&nbsp;<\/strong>Pra\u00e7a Central do Polo Shopping Indaiatuba&nbsp;&nbsp;<\/p>\n\n\n\n<p><strong>Participa\u00e7\u00e3o gratuita<\/strong><\/p>\n\n\n\n<p><strong>Arrecada\u00e7\u00e3o de doa\u00e7\u00f5es para o Rio de Grande do Sul&nbsp;<\/strong><\/p>\n\n\n\n<p><strong>Quando:&nbsp;<\/strong>de 06\/05 a 10\/05<\/p>\n\n\n\n<p><strong>Hor\u00e1rio:<\/strong>&nbsp;10h \u00e0s 22h<\/p>\n\n\n\n<p><strong>Local:<\/strong>&nbsp;caixas de doa\u00e7\u00e3o na Pra\u00e7a Central do Polo Shopping Indaiatuba<\/p>\n","protected":false},"excerpt":{"rendered":"<p>\u00daltimo evento do projeto Dia das M\u00e3es \u00e9 Show acontece nesta sexta, 10 de maio, com participa\u00e7\u00e3o gratuita; a\u00e7\u00e3o tamb\u00e9m visa arrecadar doa\u00e7\u00f5es para o Rio Grande do Sul A s\u00e9rie de comemora\u00e7\u00f5es pelo Dia das M\u00e3es no&nbsp;Polo Shopping Indaiatuba&nbsp;se encerra com o terceiro show gratuito do projeto &#8220;Dia das M\u00e3es \u00e9 Show\u201d. Nesta sexta, [&hellip;]<\/p>\n","protected":false},"author":7,"featured_media":22819,"comment_status":"closed","ping_status":"open","sticky":false,"template":"","format":"standard","meta":{"rop_custom_images_group":[],"rop_custom_messages_group":[],"rop_publish_now":"initial","rop_publish_now_accounts":[],"rop_publish_now_history":[],"rop_publish_now_status":"pending","footnotes":""},"categories":[188],"tags":[],"class_list":["post-22818","post","type-post","status-publish","format-standard","has-post-thumbnail","hentry","category-indaiatuba"],"amp_enabled":true,"_links":{"self":[{"href":"https:\/\/imais.online\/portal\/wp-json\/wp\/v2\/posts\/22818","targetHints":{"allow":["GET"]}}],"collection":[{"href":"https:\/\/imais.online\/portal\/wp-json\/wp\/v2\/posts"}],"about":[{"href":"https:\/\/imais.online\/portal\/wp-json\/wp\/v2\/types\/post"}],"author":[{"embeddable":true,"href":"https:\/\/imais.online\/portal\/wp-json\/wp\/v2\/users\/7"}],"replies":[{"embeddable":true,"href":"https:\/\/imais.online\/portal\/wp-json\/wp\/v2\/comments?post=22818"}],"version-history":[{"count":1,"href":"https:\/\/imais.online\/portal\/wp-json\/wp\/v2\/posts\/22818\/revisions"}],"predecessor-version":[{"id":22820,"href":"https:\/\/imais.online\/portal\/wp-json\/wp\/v2\/posts\/22818\/revisions\/22820"}],"wp:featuredmedia":[{"embeddable":true,"href":"https:\/\/imais.online\/portal\/wp-json\/wp\/v2\/media\/22819"}],"wp:attachment":[{"href":"https:\/\/imais.online\/portal\/wp-json\/wp\/v2\/media?parent=22818"}],"wp:term":[{"taxonomy":"category","embeddable":true,"href":"https:\/\/imais.online\/portal\/wp-json\/wp\/v2\/categories?post=22818"},{"taxonomy":"post_tag","embeddable":true,"href":"https:\/\/imais.online\/portal\/wp-json\/wp\/v2\/tags?post=22818"}],"curies":[{"name":"wp","href":"https:\/\/api.w.org\/{rel}","templated":true}]}}