{"id":22821,"date":"2024-05-10T09:52:34","date_gmt":"2024-05-10T12:52:34","guid":{"rendered":"https:\/\/imais.online\/portal\/?p=22821"},"modified":"2024-05-10T09:52:35","modified_gmt":"2024-05-10T12:52:35","slug":"fiec-abre-inscricoes-para-cursos-extracurriculares-no-dia-15-de-maio","status":"publish","type":"post","link":"https:\/\/imais.online\/portal\/fiec-abre-inscricoes-para-cursos-extracurriculares-no-dia-15-de-maio\/","title":{"rendered":"Fiec abre inscri\u00e7\u00f5es para cursos extracurriculares no dia 15 de maio"},"content":{"rendered":"<div class=\"imais-before-content-placement\" id=\"imais-468955116\"><script async src=\"\/\/pagead2.googlesyndication.com\/pagead\/js\/adsbygoogle.js?client=ca-pub-8787528412751566\" crossorigin=\"anonymous\"><\/script><ins class=\"adsbygoogle\" style=\"display:block;\" data-ad-client=\"ca-pub-8787528412751566\" \ndata-ad-slot=\"\" \ndata-ad-format=\"auto\"><\/ins>\n<script> \n(adsbygoogle = window.adsbygoogle || []).push({}); \n<\/script>\n<\/div>\n<p><em><small>Ser\u00e3o disponibilizadas sete op\u00e7\u00f5es de cursos de curta dura\u00e7\u00e3o aos s\u00e1bados<\/small><\/em><\/p>\n\n\n\n<p>A Funda\u00e7\u00e3o Indaiatubana de Educa\u00e7\u00e3o e Cultura (Fiec) abre a partir do dia 15 de maio as &nbsp;inscri\u00e7\u00f5es para os&nbsp;cursos&nbsp;extracurriculares&nbsp;de&nbsp;AutoCAD Mec\u00e2nico, Curso Te\u00f3rico e Pr\u00e1tico de Aromaterapia &#8211; o poder das plantas e \u00f3leos essenciais, Fiscaliza\u00e7\u00e3o de Obras em Condom\u00ednios Horizontais, Planejamento Estrat\u00e9gico para Empreendedores; Pr\u00e1ticas e Aplica\u00e7\u00f5es em Cromatografia Gasosa (CG); Primeiros Socorros (atende a Lei Lucas) e Velas Arom\u00e1ticas e Decorativas. Os interessados devem se inscrever at\u00e9&nbsp;12 de junho atrav\u00e9s do link de cada curso no&nbsp;<a href=\"https:\/\/www.fiec.com.br\/site\/index.do\">site da funda\u00e7\u00e3o<\/a>.<\/p>\n\n\n\n<p>A distribui\u00e7\u00e3o das vagas ser\u00e1 feita por ordem de inscri\u00e7\u00e3o e a efetiva\u00e7\u00e3o da matr\u00edcula realizada ap\u00f3s o pagamento da taxa do curso via boleto banc\u00e1rio.&nbsp;Ser\u00e3o&nbsp;&nbsp;disponibilizadas um total de 171 vagas.<\/p>\n\n\n\n<p>Em meio a um cen\u00e1rio de crescente competitividade profissional, a FIEC assume a miss\u00e3o junto \u00e0 Prefeitura de Indaiatuba de impulsionar a educa\u00e7\u00e3o na comunidade, preparando-a para os desafios do mercado de trabalho. A institui\u00e7\u00e3o oferece n\u00e3o apenas oportunidades, mas tamb\u00e9m uma infraestrutura de qualidade e professores altamente capacitados, e neste contexto, ganha destaque a import\u00e2ncia dos cursos extracurriculares promovidos pela FIEC. Esses cursos, em geral, t\u00eam \u00eanfase na forma\u00e7\u00e3o r\u00e1pida dos alunos, e a perspectiva que n\u00e3o se limita somente a capacita\u00e7\u00e3o, mas o desenvolvimento pessoal dos indiv\u00edduos.<\/p>\n\n\n\n<p><strong>AUTOCAD MEC\u00c2NICO (24h)<\/strong><\/p>\n\n\n\n<p><strong>Datas do curso:&nbsp;<\/strong>15, 22 e 29\/06, 06, 13 e 20\/07.&nbsp;S\u00e1bado das 8h \u00e0s 12h.<\/p>\n\n\n\n<p><strong>Investimento:&nbsp;<\/strong>R$ 275,00.<\/p>\n\n\n\n<p><strong>Objetivo do curso:&nbsp;<\/strong>Conhecer as ferramentas e comandos do AUTO-CAD. Capacitar a utiliza\u00e7\u00e3o do programa de maneira precisa, r\u00e1pida, eficiente e segura.<\/p>\n\n\n\n<p><strong>Conte\u00fado:&nbsp;<\/strong>Conhecendo a \u00e1rea gr\u00e1fica; Exerc\u00edcio com as toolbar; Comandos de edi\u00e7\u00e3o; Cotas e dimensionamento; Alterando propriedades; Exerc\u00edcio em CAD; Edi\u00e7\u00e3o de texto; Elaborar folhas para desenho; Inserir desenho na folha; Escalas; Como montar um layer para o desenho; Desenho isom\u00e9trico e Desenho e montagem de um projeto simples.<\/p>\n\n\n\n<p><strong>CURSO TE\u00d3RICO E PR\u00c1TICO DE AROMATERAPIA &#8211; O PODER DAS PLANTAS E \u00d3LEOS ESSENCIAIS (8h)<\/strong><\/p>\n\n\n\n<p><strong>Datas do curso:<\/strong>&nbsp;15 e 22\/06.&nbsp;S\u00e1bado das 8h \u00e0s 12h. S\u00e1bado das 8h \u00e0s 12h.<\/p>\n\n\n\n<p><strong>Investimento:<\/strong>&nbsp;R$ 150,00.&nbsp;&nbsp;&nbsp;&nbsp;&nbsp;&nbsp;&nbsp;&nbsp;<\/p>\n\n\n\n<p><strong>Objetivo do curso:&nbsp;<\/strong>Obter o conhecimento sobre fitoterapia e o uso de plantas para muitas aplica\u00e7\u00f5es medicinais.<\/p>\n\n\n\n<p><strong>Conte\u00fado: Conceito te\u00f3rico:&nbsp;<\/strong>Como surgiu a Aromaterapia; O universo dos cosm\u00e9ticos naturais; Plantas medicinais e os ativos das plantas; \u00d3leos essenciais e suas aplica\u00e7\u00f5es terap\u00eauticas; \u00d3leos vegetais e suas aplica\u00e7\u00f5es; Sem mist\u00e9rios: Extrato aquoso \/ Extrato alc\u00f3olico \/ Extrato oleoso e Extrato glicerinado; Como agem os conservantes naturais; Perfumes naturais; O mundo m\u00e1gico das argilas.&nbsp;<strong>Conceito pr\u00e1tico no laborat\u00f3rio:&nbsp;<\/strong>Preparando os extratos: Aquoso, alco\u00f3lico e oleoso; Gel estabilizado de Aloe Vera; Sprays de Ambientes; Repelentes funcionais.&nbsp;<strong>Receitas:&nbsp;<\/strong>Gel para cabelos;T\u00f4nico facial; Escalda-p\u00e9s;Esfoliante com borra de caf\u00e9; Pomanders terap\u00eauticos; Desodorante; Repelente para ambientes; \u00d3leo para massagem.<\/p>\n\n\n\n<p><strong>FISCALIZA\u00c7\u00c3O DE OBRAS EM CONDOMINIOS HORIZONTAIS (12h)<\/strong><\/p>\n\n\n\n<p><strong>Datas do curso:&nbsp;<\/strong>15, 22 e 29\/06.&nbsp;S\u00e1bado das 8h \u00e0s 12h.<\/p>\n\n\n\n<p><strong>Investimento:<\/strong>&nbsp;R$ 150,00.<\/p>\n\n\n\n<p><strong>Objetivo do curso:&nbsp;<\/strong>Qualificar profissionais da constru\u00e7\u00e3o civil, arquitetura, estudantes e profissionais ligados \u00e0 \u00e1rea, no desempenho das atividades de fiscal de obras junto aos condom\u00ednios horizontais.<\/p>\n\n\n\n<p><strong>Conte\u00fado:&nbsp;<\/strong>Hist\u00f3rico do mercado e necessidade da atividade de fiscaliza\u00e7\u00e3o de obras juntos aos condom\u00ednios; Legisla\u00e7\u00e3o pertinentes ao oficio, enquadramento federal, estadual, municipal e regimentos internos intramuros; Apresenta\u00e7\u00e3o de procedimentos da fiscaliza\u00e7\u00e3o, vistoria de obras comunicados, notifica\u00e7\u00f5es, multas, embargo administrativo, vistoria inicial e vistoria final.<\/p>\n\n\n\n<p><strong>PLANEJAMENTO ESTRAT\u00c9GICO PARA EMPREENDEDORES (24h)<\/strong><\/p>\n\n\n\n<p><strong>Datas do curso:&nbsp;<\/strong>15, 22 e 29\/06, 06, 13 e 20\/07.&nbsp;<a>S\u00e1bado das 8h \u00e0s 12h.<\/a><\/p>\n\n\n\n<p><strong>Investimento:&nbsp;<\/strong>R$ 275,00.<\/p>\n\n\n\n<p><strong>Objetivo do curso:&nbsp;<\/strong>Capacitar para a defini\u00e7\u00e3o dos objetivos do neg\u00f3cio, permitindo que a empresa defina uma dire\u00e7\u00e3o clara, estabelecendo metas e objetivos com um planejamento estrat\u00e9gico eficaz para impulsionar o crescimento e competitividade de sua empresa.<\/p>\n\n\n\n<p><strong>Conte\u00fado:&nbsp;<\/strong>Introdu\u00e7\u00e3o ao planejamento estrat\u00e9gico: ciclo administrativo, ciclo de vida das empresas, Import\u00e2ncia do planejamento para a PME; Etapas de uma gest\u00e3o estrat\u00e9gica em uma PME; Mitos acerca da administra\u00e7\u00e3o do tempo; Elabora\u00e7\u00e3o da miss\u00e3o, vis\u00e3o e referenciais comportamentais (valores, cren\u00e7as, princ\u00edpios, pol\u00edticas); Matriz SWOT e o posicionamento estrat\u00e9gico global; Diretrizes e estrat\u00e9gias; Objetivos, metas e indicadores de desempenho; Plano de a\u00e7\u00e3o estrat\u00e9gico (processos e projetos).<\/p>\n\n\n\n<p><strong>PR\u00c1TICAS E APLICA\u00c7\u00d5ES EM CROMATOGRAFIA GASOSA (8h)<\/strong><\/p>\n\n\n\n<p><strong>Datas do curso:&nbsp;<\/strong>15 e 22\/06. S\u00e1bado das 8h \u00e0s 12h.<\/p>\n\n\n\n<p><strong>Investimento:<\/strong>&nbsp;R$ 150,00.<\/p>\n\n\n\n<p><strong>Objetivo do curso:&nbsp;<\/strong>O curso de Cromatografia Gasosa tem por objetivo a realiza\u00e7\u00e3o de an\u00e1lises em laborat\u00f3rios de an\u00e1lises instrumentais, operando o cromat\u00f3grafo, interpretando os resultados emitidos em cromatogramas, considerando os par\u00e2metros qualitativos e quantitativos, seguindo normas e procedimentos t\u00e9cnicos, ambientais, de qualidade, de sa\u00fade e seguran\u00e7a no trabalho.<\/p>\n\n\n\n<p><strong>Conte\u00fado: Conceito te\u00f3rico:&nbsp;<\/strong>Definir o que \u00e9 cromatografia;<strong>&nbsp;<\/strong>Classificar os tipos de cromatografia;<strong>&nbsp;<\/strong>Compreender quais os princ\u00edpios de separa\u00e7\u00e3o da cromatografia gasosa;<strong>&nbsp;<\/strong>Diferenciar as intera\u00e7\u00f5es entre o analito e Fase Estacion\u00e1ria (FE);<strong>&nbsp;<\/strong>Definir Cromatografia em fase Gasosa (CG);<strong>&nbsp;<\/strong>Descrever um CG e citar quais s\u00e3o cada uma de suas partes e para que servem;<strong>&nbsp;<\/strong>Identificar os princ\u00edpios de funcionamento do cromat\u00f3grafo gasoso seguindo normas e procedimentos t\u00e9cnicos.&nbsp;<strong>Conceito pr\u00e1tico no laborat\u00f3rio:&nbsp;<\/strong>Realizar an\u00e1lises cromatogr\u00e1ficas (CG-FID) estabelecendo par\u00e2metros anal\u00edticos seguindo normas e procedimentos t\u00e9cnicos, Desenvolvimento de m\u00e9todo de acordo com a amostra; Curva de calibra\u00e7\u00e3o; Interpretar os resultados obtidos pelo cromat\u00f3grafo gasoso considerando os aspectos; qualitativos e quantitativos; Demonstrar autogest\u00e3o; Trabalhar em equipe; Demonstrar pensamento anal\u00edtico.<\/p>\n\n\n\n<p><strong>PRIMEIROS SOCORROS (8h)<\/strong><\/p>\n\n\n\n<p><strong>Datas do curso:&nbsp;<\/strong>15 e 22\/06.&nbsp;S\u00e1bado das 8h \u00e0s 12h.<\/p>\n\n\n\n<p><strong>Investimento:&nbsp;<\/strong>R$ 350,00.<\/p>\n\n\n\n<p><strong>Objetivo do curso:&nbsp;<\/strong>Fornecer subs\u00eddios te\u00f3rico-pr\u00e1ticos para o reconhecimento r\u00e1pido do acidente ou mal s\u00fabito e seu atendimento efetivo, conhecer os principais tipos de acidentes, atendimento correto e formas de preven\u00e7\u00e3o adequadas, conhecer o sistema de emerg\u00eancia local, chamada e transporte da v\u00edtima.<\/p>\n\n\n\n<p><strong>Conte\u00fado:&nbsp;<\/strong>No\u00e7\u00f5es B\u00e1sicas de Primeiros Socorros: defini\u00e7\u00e3o de primeiros socorros, deveres, fun\u00e7\u00f5es e responsabilidades do socorrista, interven\u00e7\u00e3o de Leigos (professores, monitores), avalia\u00e7\u00e3o do local e da v\u00edtima; Atendimento \u00e0s Emerg\u00eancias M\u00e9dicas: desobstru\u00e7\u00e3o das vias a\u00e9reas (engasgamento), desmaios, rea\u00e7\u00f5es al\u00e9rgicas, hipoglicemia, ataque card\u00edaco, AVC e convuls\u00f5es; Atendimento \u00e0s Emerg\u00eancias com Les\u00f5es: ferimentos\/hemorragias, fraturas \/ les\u00f5es musculoesquel\u00e9ticas (quedas), feridas (hemorragia de pelo nariz, hemorragia de pela boca, les\u00f5es oculares e dent\u00e1rias, amputa\u00e7\u00e3o), queimaduras e les\u00f5es por eletricidade; Atendimento \u00e0s Emerg\u00eancias Ambientais: mordidas e picadas (animais pe\u00e7onhentos, humanos, escorpi\u00f5es, carrapatos abelhas e aranhas), envenenamento e intoxica\u00e7\u00f5es; Atendimento \u00e0 v\u00edtima em Parada Cardiorrespirat\u00f3ria: RCP e Uso do DEA em adultos, crian\u00e7as e beb\u00eas.<\/p>\n\n\n\n<p><strong>Observa\u00e7\u00e3o<\/strong>:&nbsp;<strong><em>O CURSO ATENDE AS EXIG\u00caNCIAS PREVISTA NA LEI LUCAS (Lei n\u00ba 13.722\/2018)<\/em><\/strong><\/p>\n\n\n\n<p><strong>VELAS AR\u00d3MATICAS DECORATIVAS (8h)<\/strong><\/p>\n\n\n\n<p><strong>Datas do curso:&nbsp;<\/strong>15 e 22\/06. S\u00e1bado das 8h \u00e0s 12h.<\/p>\n\n\n\n<p><strong>Investimento:&nbsp;<\/strong>R$ 150,00.&nbsp;&nbsp;&nbsp;&nbsp;&nbsp;&nbsp;&nbsp;&nbsp;&nbsp;<\/p>\n\n\n\n<p><strong>Objetivo do curso:&nbsp;<\/strong>Apresentar no\u00e7\u00f5es b\u00e1sicas e te\u00f3ricas sobre a confec\u00e7\u00e3o de velas artesanais decorativas, possibilitando o aprendizado de v\u00e1rias t\u00e9cnicas e a fabrica\u00e7\u00e3o de lindas velas, com a possibilidade de aumentar a sua fonte de renda.<\/p>\n\n\n\n<p><strong>Conte\u00fado:&nbsp;<\/strong><strong>Conceito te\u00f3rico:&nbsp;<\/strong>Intera\u00e7\u00e3o;<strong>&nbsp;<\/strong>Boas-vindas;<strong>&nbsp;<\/strong>Estrutura do curso;<strong>&nbsp;<\/strong>Vela como fonte de energia;<strong>&nbsp;<\/strong>Hist\u00f3ria da Vela;<strong>&nbsp;<\/strong>A vela na atualidade;<strong>&nbsp;<\/strong>A magia das cores;<strong>&nbsp;<\/strong>Cromoterapia;<strong>&nbsp;<\/strong>Cores para satisfazer desejos;<strong>&nbsp;<\/strong>O significado das cores;<strong>&nbsp;<\/strong>A Influ\u00eancia dos aromas.&nbsp;<strong>Conceito pr\u00e1tico no laborat\u00f3rio:&nbsp;<\/strong>T\u00e9cnicas de Produ\u00e7\u00e3o;&nbsp;Produzindo uma Vela Passo a Passo;&nbsp;Material B\u00e1sico para produzir velas;&nbsp;Instrumentos necess\u00e1rios;&nbsp;Mat\u00e9ria Prima B\u00e1sica;&nbsp;Dicas Importantes;&nbsp;Velas com Pavio Enxertado;&nbsp;Velas Texturizadas;&nbsp;Velas Enxertadas.&nbsp;<\/p>\n","protected":false},"excerpt":{"rendered":"<p>Ser\u00e3o disponibilizadas sete op\u00e7\u00f5es de cursos de curta dura\u00e7\u00e3o aos s\u00e1bados A Funda\u00e7\u00e3o Indaiatubana de Educa\u00e7\u00e3o e Cultura (Fiec) abre a partir do dia 15 de maio as &nbsp;inscri\u00e7\u00f5es para os&nbsp;cursos&nbsp;extracurriculares&nbsp;de&nbsp;AutoCAD Mec\u00e2nico, Curso Te\u00f3rico e Pr\u00e1tico de Aromaterapia &#8211; o poder das plantas e \u00f3leos essenciais, Fiscaliza\u00e7\u00e3o de Obras em Condom\u00ednios Horizontais, Planejamento Estrat\u00e9gico para [&hellip;]<\/p>\n","protected":false},"author":8,"featured_media":22822,"comment_status":"closed","ping_status":"open","sticky":false,"template":"","format":"standard","meta":{"rop_custom_images_group":[],"rop_custom_messages_group":[],"rop_publish_now":"initial","rop_publish_now_accounts":[],"rop_publish_now_history":[],"rop_publish_now_status":"pending","footnotes":""},"categories":[188],"tags":[],"class_list":["post-22821","post","type-post","status-publish","format-standard","has-post-thumbnail","hentry","category-indaiatuba"],"amp_enabled":true,"_links":{"self":[{"href":"https:\/\/imais.online\/portal\/wp-json\/wp\/v2\/posts\/22821","targetHints":{"allow":["GET"]}}],"collection":[{"href":"https:\/\/imais.online\/portal\/wp-json\/wp\/v2\/posts"}],"about":[{"href":"https:\/\/imais.online\/portal\/wp-json\/wp\/v2\/types\/post"}],"author":[{"embeddable":true,"href":"https:\/\/imais.online\/portal\/wp-json\/wp\/v2\/users\/8"}],"replies":[{"embeddable":true,"href":"https:\/\/imais.online\/portal\/wp-json\/wp\/v2\/comments?post=22821"}],"version-history":[{"count":1,"href":"https:\/\/imais.online\/portal\/wp-json\/wp\/v2\/posts\/22821\/revisions"}],"predecessor-version":[{"id":22823,"href":"https:\/\/imais.online\/portal\/wp-json\/wp\/v2\/posts\/22821\/revisions\/22823"}],"wp:featuredmedia":[{"embeddable":true,"href":"https:\/\/imais.online\/portal\/wp-json\/wp\/v2\/media\/22822"}],"wp:attachment":[{"href":"https:\/\/imais.online\/portal\/wp-json\/wp\/v2\/media?parent=22821"}],"wp:term":[{"taxonomy":"category","embeddable":true,"href":"https:\/\/imais.online\/portal\/wp-json\/wp\/v2\/categories?post=22821"},{"taxonomy":"post_tag","embeddable":true,"href":"https:\/\/imais.online\/portal\/wp-json\/wp\/v2\/tags?post=22821"}],"curies":[{"name":"wp","href":"https:\/\/api.w.org\/{rel}","templated":true}]}}