{"id":22827,"date":"2024-05-10T09:58:19","date_gmt":"2024-05-10T12:58:19","guid":{"rendered":"https:\/\/imais.online\/portal\/?p=22827"},"modified":"2024-05-10T09:58:20","modified_gmt":"2024-05-10T12:58:20","slug":"secretaria-de-relacoes-institucionais-e-comunicacao-participa-de-encontro-realizado-pela-ebc","status":"publish","type":"post","link":"https:\/\/imais.online\/portal\/secretaria-de-relacoes-institucionais-e-comunicacao-participa-de-encontro-realizado-pela-ebc\/","title":{"rendered":"Secret\u00e1ria de Rela\u00e7\u00f5es Institucionais e Comunica\u00e7\u00e3o participa de encontro realizado pela EBC"},"content":{"rendered":"<div class=\"imais-before-content-placement\" id=\"imais-334273743\"><script async src=\"\/\/pagead2.googlesyndication.com\/pagead\/js\/adsbygoogle.js?client=ca-pub-8787528412751566\" crossorigin=\"anonymous\"><\/script><ins class=\"adsbygoogle\" style=\"display:block;\" data-ad-client=\"ca-pub-8787528412751566\" \ndata-ad-slot=\"\" \ndata-ad-format=\"auto\"><\/ins>\n<script> \n(adsbygoogle = window.adsbygoogle || []).push({}); \n<\/script>\n<\/div>\n<p><em><small>Evento teve o foco de reunir as entidades parceiras da EBC, dentre elas, o Sistema SET<\/small><\/em><\/p>\n\n\n\n<p>Na quarta-feira (8) e quinta-feira (9) a Empresa Brasil de Comunica\u00e7\u00e3o (EBC) realizou um encontro de emissoras afiliadas a Rede Nacional de Comunica\u00e7\u00e3o P\u00fablica (RNCP), no audit\u00f3rio do Instituto Nacional de Estudos e Pesquisas Educacionais An\u00edsio Teixeira (Inep) em Bras\u00edlia. A secret\u00e1ria de Rela\u00e7\u00f5es Institucionais e Comunica\u00e7\u00e3o da Prefeitura de Indaiatuba, Dra. Graziela Milani, marcou presen\u00e7a para representar o Sistema SET de Comunica\u00e7\u00e3o que conta com a WEB TV SET, embri\u00e3o da TV SET Digital.<\/p>\n\n\n\n<p>Na ocasi\u00e3o, participaram do encontro 90 entidades parceiras com o objetivo de fortalecer a comunica\u00e7\u00e3o p\u00fablica do pa\u00eds. A RNCP foi implantada em 2010 e expandida por meio de conv\u00eanios com institui\u00e7\u00f5es p\u00fablicas, em especial universidades (federais, estaduais e municipais) e institutos federais. Al\u00e9m de parcerias com as tr\u00eas esferas governamentais. Entre as emissoras parceiras, conta com &nbsp;72 geradoras de televis\u00e3o e 44 de r\u00e1dio em opera\u00e7\u00e3o.<\/p>\n\n\n\n<p>A finalidade da rede, de acordo com o presidente da EBC, Jean Lima, \u00e9 construir uma unidade para comunica\u00e7\u00e3o p\u00fablica brasileira democr\u00e1tica e com o intuito de combater \u00e0s fake News. \u201c\u00c9 muito importante estar representando o sistema SET que contempla a TV que, por enquanto est\u00e1 apenas nas redes sociais e que em breve contar\u00e1 com uma programa\u00e7\u00e3o que est\u00e1 sendo planejada para lan\u00e7amento no canal aberto, e a r\u00e1dio SET. Uma oportunidade para vermos o trabalho que est\u00e1 sendo realizado em outras cidades e trocarmos experi\u00eancias. \u00c9 uma aliada ao combate a fake news e esse \u00e9 nosso compromisso com a popula\u00e7\u00e3o\u201d, relata a dra. Graziela Milani.<\/p>\n\n\n\n<p><strong>Sistema SET<\/strong><\/p>\n\n\n\n<p>No dia 22 de novembro de 2023 o Sistema SET de comunica\u00e7\u00e3o que conta com a WEB TV SET, embri\u00e3o da TV SET Digital em canal concedido pela EBC (Empresa Brasil de Comunica\u00e7\u00e3o), por meio da portaria n\u00ba 6.557 de 30 de agosto de 2022. A previs\u00e3o \u00e9 que o canal digital v\u00e1 ao ar ainda neste ano com uma programa\u00e7\u00e3o Educativa Cultural.<\/p>\n","protected":false},"excerpt":{"rendered":"<p>Evento teve o foco de reunir as entidades parceiras da EBC, dentre elas, o Sistema SET Na quarta-feira (8) e quinta-feira (9) a Empresa Brasil de Comunica\u00e7\u00e3o (EBC) realizou um encontro de emissoras afiliadas a Rede Nacional de Comunica\u00e7\u00e3o P\u00fablica (RNCP), no audit\u00f3rio do Instituto Nacional de Estudos e Pesquisas Educacionais An\u00edsio Teixeira (Inep) em [&hellip;]<\/p>\n","protected":false},"author":8,"featured_media":22828,"comment_status":"closed","ping_status":"open","sticky":false,"template":"","format":"standard","meta":{"rop_custom_images_group":[],"rop_custom_messages_group":[],"rop_publish_now":"initial","rop_publish_now_accounts":[],"rop_publish_now_history":[],"rop_publish_now_status":"pending","footnotes":""},"categories":[188],"tags":[],"class_list":["post-22827","post","type-post","status-publish","format-standard","has-post-thumbnail","hentry","category-indaiatuba"],"amp_enabled":true,"_links":{"self":[{"href":"https:\/\/imais.online\/portal\/wp-json\/wp\/v2\/posts\/22827","targetHints":{"allow":["GET"]}}],"collection":[{"href":"https:\/\/imais.online\/portal\/wp-json\/wp\/v2\/posts"}],"about":[{"href":"https:\/\/imais.online\/portal\/wp-json\/wp\/v2\/types\/post"}],"author":[{"embeddable":true,"href":"https:\/\/imais.online\/portal\/wp-json\/wp\/v2\/users\/8"}],"replies":[{"embeddable":true,"href":"https:\/\/imais.online\/portal\/wp-json\/wp\/v2\/comments?post=22827"}],"version-history":[{"count":1,"href":"https:\/\/imais.online\/portal\/wp-json\/wp\/v2\/posts\/22827\/revisions"}],"predecessor-version":[{"id":22829,"href":"https:\/\/imais.online\/portal\/wp-json\/wp\/v2\/posts\/22827\/revisions\/22829"}],"wp:featuredmedia":[{"embeddable":true,"href":"https:\/\/imais.online\/portal\/wp-json\/wp\/v2\/media\/22828"}],"wp:attachment":[{"href":"https:\/\/imais.online\/portal\/wp-json\/wp\/v2\/media?parent=22827"}],"wp:term":[{"taxonomy":"category","embeddable":true,"href":"https:\/\/imais.online\/portal\/wp-json\/wp\/v2\/categories?post=22827"},{"taxonomy":"post_tag","embeddable":true,"href":"https:\/\/imais.online\/portal\/wp-json\/wp\/v2\/tags?post=22827"}],"curies":[{"name":"wp","href":"https:\/\/api.w.org\/{rel}","templated":true}]}}