{"id":22833,"date":"2024-05-13T09:27:20","date_gmt":"2024-05-13T12:27:20","guid":{"rendered":"https:\/\/imais.online\/portal\/?p=22833"},"modified":"2024-05-13T09:27:21","modified_gmt":"2024-05-13T12:27:21","slug":"campanha-s-o-s-rio-grande-do-sul-arrecada-100-toneladas-e-lota-dez-caminhoes","status":"publish","type":"post","link":"https:\/\/imais.online\/portal\/campanha-s-o-s-rio-grande-do-sul-arrecada-100-toneladas-e-lota-dez-caminhoes\/","title":{"rendered":"Campanha S.O.S Rio Grande do Sul arrecada 100 toneladas e lota dez caminh\u00f5es"},"content":{"rendered":"<div class=\"imais-before-content-placement\" id=\"imais-2423940098\"><script async src=\"\/\/pagead2.googlesyndication.com\/pagead\/js\/adsbygoogle.js?client=ca-pub-8787528412751566\" crossorigin=\"anonymous\"><\/script><ins class=\"adsbygoogle\" style=\"display:block;\" data-ad-client=\"ca-pub-8787528412751566\" \ndata-ad-slot=\"\" \ndata-ad-format=\"auto\"><\/ins>\n<script> \n(adsbygoogle = window.adsbygoogle || []).push({}); \n<\/script>\n<\/div>\n<p><em><small>Foram recebidos itens variados que foram levados ao Fundo Social do Estado de S\u00e3o Paulo<\/small><\/em><\/p>\n\n\n\n<p>Na \u00faltima quarta-feira (8) e quinta-feira (9) a Secretaria de Rela\u00e7\u00f5es Institucionais e Comunica\u00e7\u00e3o,&nbsp; Fundo Social de Solidariedade (Funssol) e a Defesa Civil da Prefeitura de Indaiatuba realizaram a campanha SOS Rio Grande do sul que arrecadou 100 toneladas de itens como: roupas masculinas e femininas, pe\u00e7as de cama e artigos de banho e cobertores. Al\u00e9m disso, foram doados fardos de \u00e1gua mineral, produtos de higiene e limpeza, itens infantis e ra\u00e7\u00e3o animal.<\/p>\n\n\n\n<p>\u201cGostaria de agradecer toda a popula\u00e7\u00e3o pelas doa\u00e7\u00f5es. Indaiatuba, como sempre digo, \u00e9 diferenciada. Acompanhei as doa\u00e7\u00f5es na Viber e ver a solidariedade das pessoas por essa causa, \u00e9 gratificante.&nbsp; Quando lan\u00e7amos a campanha muitas pessoas, empresas e entidades se uniram para refor\u00e7ar a campanha e ver todos envolvidos se unindo em por uma causa me enche de esperan\u00e7a\u201d, pontua o prefeito, Nilson Gaspar.<\/p>\n\n\n\n<figure class=\"wp-block-image size-large\"><img loading=\"lazy\" decoding=\"async\" width=\"769\" height=\"1024\" src=\"https:\/\/imais.online\/portal\/wp-content\/uploads\/2024\/05\/image-769x1024.jpeg\" alt=\"\" class=\"wp-image-22834\" srcset=\"https:\/\/imais.online\/portal\/wp-content\/uploads\/2024\/05\/image-769x1024.jpeg 769w, https:\/\/imais.online\/portal\/wp-content\/uploads\/2024\/05\/image-225x300.jpeg 225w, https:\/\/imais.online\/portal\/wp-content\/uploads\/2024\/05\/image-768x1023.jpeg 768w, https:\/\/imais.online\/portal\/wp-content\/uploads\/2024\/05\/image-1153x1536.jpeg 1153w, https:\/\/imais.online\/portal\/wp-content\/uploads\/2024\/05\/image-1538x2048.jpeg 1538w, https:\/\/imais.online\/portal\/wp-content\/uploads\/2024\/05\/image.jpeg 1736w\" sizes=\"auto, (max-width: 769px) 100vw, 769px\" \/><\/figure>\n\n\n\n<p>Doa\u00e7\u00f5es sendo colocadas nos caminh\u00f5es<\/p>\n\n\n\n<p>Todas os produtos e pe\u00e7as doadas foram triadas pelo Funssol e, na noite de ontem foram colocadas em dez caminh\u00f5es para serem transportados para o Fundo Social e Defesa Civil do Estado de S\u00e3o Paulo que ser\u00e3o respons\u00e1veis por encaminhar as mercadorias at\u00e9 o destino final. Ao todo, foram preenchidos dez caminh\u00f5es. Oito Caminh\u00f5es sa\u00edram para entregar as mercadorias de madrugada e, na manh\u00e3 desta sexta-feira mais dois caminh\u00f5es sa\u00edram para descarregar as doa\u00e7\u00f5es em S\u00e3o Paulo.<\/p>\n\n\n\n<p>O objetivo da a\u00e7\u00e3o foi arrecadar produtos de limpeza e higiene pessoal para destinar as pessoas vitimas das chuvas que perderam casas e familiares em decorr\u00eancia do volume de \u00e1gua que ca\u00edram nos \u00faltimos dias no estado do Rio Grande do Sul.<\/p>\n\n\n\n<p>\u201cAgrade\u00e7o a todos os departamentos da Prefeitura que nos ajudaram na triagem e a carregar os caminh\u00f5es, bem como, as pessoas que se ofereceram como volunt\u00e1rios. Sem a ajuda de voc\u00eas nada disso seria poss\u00edvel e, agradecer o prefeito, Nilson Gaspar, que viabilizou esta a\u00e7\u00e3o\u201d, relata a presidente do Funssol, Maria das Gra\u00e7as Ara\u00fajo Massimo.\u00a0<\/p>\n\n\n\n<p><\/p>\n","protected":false},"excerpt":{"rendered":"<p>Foram recebidos itens variados que foram levados ao Fundo Social do Estado de S\u00e3o Paulo Na \u00faltima quarta-feira (8) e quinta-feira (9) a Secretaria de Rela\u00e7\u00f5es Institucionais e Comunica\u00e7\u00e3o,&nbsp; Fundo Social de Solidariedade (Funssol) e a Defesa Civil da Prefeitura de Indaiatuba realizaram a campanha SOS Rio Grande do sul que arrecadou 100 toneladas de [&hellip;]<\/p>\n","protected":false},"author":8,"featured_media":22835,"comment_status":"closed","ping_status":"open","sticky":false,"template":"","format":"standard","meta":{"rop_custom_images_group":[],"rop_custom_messages_group":[],"rop_publish_now":"initial","rop_publish_now_accounts":[],"rop_publish_now_history":[],"rop_publish_now_status":"pending","footnotes":""},"categories":[188],"tags":[73],"class_list":["post-22833","post","type-post","status-publish","format-standard","has-post-thumbnail","hentry","category-indaiatuba","tag-featured"],"amp_enabled":true,"_links":{"self":[{"href":"https:\/\/imais.online\/portal\/wp-json\/wp\/v2\/posts\/22833","targetHints":{"allow":["GET"]}}],"collection":[{"href":"https:\/\/imais.online\/portal\/wp-json\/wp\/v2\/posts"}],"about":[{"href":"https:\/\/imais.online\/portal\/wp-json\/wp\/v2\/types\/post"}],"author":[{"embeddable":true,"href":"https:\/\/imais.online\/portal\/wp-json\/wp\/v2\/users\/8"}],"replies":[{"embeddable":true,"href":"https:\/\/imais.online\/portal\/wp-json\/wp\/v2\/comments?post=22833"}],"version-history":[{"count":1,"href":"https:\/\/imais.online\/portal\/wp-json\/wp\/v2\/posts\/22833\/revisions"}],"predecessor-version":[{"id":22836,"href":"https:\/\/imais.online\/portal\/wp-json\/wp\/v2\/posts\/22833\/revisions\/22836"}],"wp:featuredmedia":[{"embeddable":true,"href":"https:\/\/imais.online\/portal\/wp-json\/wp\/v2\/media\/22835"}],"wp:attachment":[{"href":"https:\/\/imais.online\/portal\/wp-json\/wp\/v2\/media?parent=22833"}],"wp:term":[{"taxonomy":"category","embeddable":true,"href":"https:\/\/imais.online\/portal\/wp-json\/wp\/v2\/categories?post=22833"},{"taxonomy":"post_tag","embeddable":true,"href":"https:\/\/imais.online\/portal\/wp-json\/wp\/v2\/tags?post=22833"}],"curies":[{"name":"wp","href":"https:\/\/api.w.org\/{rel}","templated":true}]}}