{"id":22849,"date":"2024-05-14T08:59:13","date_gmt":"2024-05-14T11:59:13","guid":{"rendered":"https:\/\/imais.online\/portal\/?p=22849"},"modified":"2024-05-14T08:59:14","modified_gmt":"2024-05-14T11:59:14","slug":"summit-com-o-tema-comunicacao-acessivel-reune-autoridades-e-comunicadores-no-ciesp","status":"publish","type":"post","link":"https:\/\/imais.online\/portal\/summit-com-o-tema-comunicacao-acessivel-reune-autoridades-e-comunicadores-no-ciesp\/","title":{"rendered":"Summit com o tema &#8220;Comunica\u00e7\u00e3o Acess\u00edvel&#8221; re\u00fane autoridades e comunicadores no Ciesp"},"content":{"rendered":"<div class=\"imais-before-content-placement\" id=\"imais-1094125756\"><script async src=\"\/\/pagead2.googlesyndication.com\/pagead\/js\/adsbygoogle.js?client=ca-pub-8787528412751566\" crossorigin=\"anonymous\"><\/script><ins class=\"adsbygoogle\" style=\"display:block;\" data-ad-client=\"ca-pub-8787528412751566\" \ndata-ad-slot=\"\" \ndata-ad-format=\"auto\"><\/ins>\n<script> \n(adsbygoogle = window.adsbygoogle || []).push({}); \n<\/script>\n<\/div>\n<p><em><small>Discutir a import\u00e2ncia de a\u00e7\u00f5es de comunica\u00e7\u00e3o inclusiva<\/small><\/em><\/p>\n\n\n\n<p>Na sexta-feira (10) aconteceu o 2\u00ba Summit com o tema &#8220;Comunica\u00e7\u00e3o Acess\u00edvel&#8221;, no Ciesp, realizado pela Secretaria de Rela\u00e7\u00f5es Institucionais e Comunica\u00e7\u00e3o. O evento reuniu 100 pessoas ligadas \u00e0 comunica\u00e7\u00e3o de prefeituras, c\u00e2maras, institui\u00e7\u00f5es, funcion\u00e1rios p\u00fablicos e empres\u00e1rios. &nbsp;Na ocasi\u00e3o, foi disponibilizado um caf\u00e9 da manh\u00e3 em uma sala e, no espa\u00e7o, em uma parceria com a Associa\u00e7\u00e3o dos Deficientes Visuais de Indaiatuba(ADVI) esteve presente com o projeto \u201cTerapia \u00e0s Cegas\u201d oferecendo massagem aos presentes.<\/p>\n\n\n\n<p>\u201cRealizar um evento como o Summit com o tema de acessibilidade \u00e9 uma forma de incentivar as pessoas a implantar a\u00e7\u00f5es inclusivas. Indaiatuba come\u00e7ou com a Central de Libras que estava no meu plano de Governo, mas n\u00e3o paramos apenas neste projeto. Tenho a consci\u00eancia de que temos que falar para todos e a inclus\u00e3o em todas as \u00e1reas \u00e9 nossa prioridade\u201d, pontua o prefeito de Indaiatuba, Nilson Gapar (MDB).<\/p>\n\n\n\n<p>Em seguida, no audit\u00f3rio do Ciesp aconteceu a cerim\u00f4nia com a presen\u00e7a do prefeito, Nilson Gaspar, e autoridades. A secret\u00e1ria de Rela\u00e7\u00f5es Institucionais e Comunica\u00e7\u00e3o, dra. Graziela Milani, iniciou com a palestra \u201cComunica\u00e7\u00e3o sem Fronteiras: Construindo a Indaiatuba Acess\u00edvel de Todos e para Todos\u201d que apresentou as a\u00e7\u00f5es de acessibilidade implantadas no munic\u00edpio de Indaiatuba.<\/p>\n\n\n\n<p>\u201cO Summit voltado para a acessibilidade foi realizado com a ideia de dar a oportunidade de todos os inscritos terem conhecimento das a\u00e7\u00f5es realizadas pela Prefeitura para que cada um possa tirar de exemplo ideias e adequar a uma comunica\u00e7\u00e3o de maneira acess\u00edvel. Para isso, convidamos pessoas que t\u00eam conhecimento de causa e que passaram um pouco da experi\u00eancia de vida e, ao mesmo tempo, trouxeram exemplos para que os presentes tivessem contato com as funcionalidades apresentadas\u201d, explica a dra. Graziela Milani.<\/p>\n\n\n\n<p>Na sequ\u00eancia, a palestrante Andreia Aparecida da Silva&nbsp; Queiroz do Instituto Dorina Nowill abordou sobre as boas pr\u00e1ticas da #pratodosverem, bem como, dicas de como produzir conte\u00fados acess\u00edveis. E, na sequ\u00eancia, Tain\u00e1 Grassi, explicou sobre a import\u00e2ncia e como fazer a audiodescri\u00e7\u00e3o de modo eficaz para que a pessoa cega tenha entendimento e imagina\u00e7\u00e3o do conte\u00fado publicado.<\/p>\n\n\n\n<p>E, para finalizar, o tradutor int\u00e9rprete de libras da TV Cultura, H\u00e9lio Fonseca, contou sobre sua trajet\u00f3ria como um dos pioneiros na profiss\u00e3o de int\u00e9rprete de libras antes do reconhecimento da l\u00edngua no Brasil. Tamb\u00e9m &nbsp;relatou sobre os desafios e conquistas na \u00e1rea de acessibilidade,&nbsp; depois que a l\u00edngua foi reconhecida como profiss\u00e3o.<\/p>\n\n\n\n<p><img decoding=\"async\" src=\"blob:https:\/\/imais.online\/c8fbfc38-a611-489f-99c6-b2d70f5e71bd\">Andreia Aparecida da Silva&nbsp;&nbsp;Queiroz, secret\u00e1ria de Rela\u00e7\u00f5es Institucionais e Comunica\u00e7\u00e3o, dra. Graziela Milani e Tain\u00e1 Grassi.<\/p>\n\n\n\n<p>#pratodosverem: Do lado esquerdo a palestrante&nbsp;Andreia Aparecida da Silva&nbsp;&nbsp;Queiroz, ao centro a secret\u00e1ria de Rela\u00e7\u00f5es Institucionais e Comunica\u00e7\u00e3o, dra. Graziela Milani e do lado direito a palestrante, Tain\u00e1 Grassi segurando o especial de Indaiatuba ( as duas palestrantes s\u00e3o do&nbsp;Instituto Dorina Nowill)&nbsp;<\/p>\n\n\n\n<p><img decoding=\"async\" src=\"blob:https:\/\/imais.online\/9314cf30-18e8-494b-a685-95845642cf36\">A secret\u00e1ria de Rela\u00e7\u00f5es Institucionais e Comunica\u00e7\u00e3o, dra. Graziela Milani ao lado do int\u00e9rprete e tradutor de libras, H\u00e9lio Fonseca.<\/p>\n\n\n\n<p>#pratodosverem: Do lado esquerdo&nbsp;a secret\u00e1ria de Rela\u00e7\u00f5es Institucionais e Comunica\u00e7\u00e3o, dra. Graziela Milani e do lado direito o int\u00e9rprete de libras, H\u00e9lio Fonseca com o especial de Indaiatuba em m\u00e3os. Ao fundo uma parte da tela da apresenta\u00e7\u00e3o.<\/p>\n\n\n\n<p>No final de cada apresenta\u00e7\u00e3o, os palestrantes foram presenteados com um especial que apresenta a cidade de Indaiatuba.\u00a0<\/p>\n\n\n\n<p class=\"has-small-font-size\"><strong>#PraTodosVerem:\u00a0<\/strong>No palco a int\u00e9rprete de libras, D\u00e9bora Ciriaco, o cerimonialista, Agnaldo de Oliveira atr\u00e1s do p\u00falpito para a abertura da solenidade; a diretora do Ciesp, Anita Parizzi; a secret\u00e1ria de Rela\u00e7\u00f5es Institucionais, dra. Graziela Milani; o prefeito, Nilson Gaspar e a vereadora, Silene Carvalini.Ao fundo a tela do projetor com o logo do evento escrito &#8220;Summit Comunica\u00e7\u00e3o Acess\u00edvel&#8221;. Fim da descri\u00e7\u00e3o.<\/p>\n","protected":false},"excerpt":{"rendered":"<p>Discutir a import\u00e2ncia de a\u00e7\u00f5es de comunica\u00e7\u00e3o inclusiva Na sexta-feira (10) aconteceu o 2\u00ba Summit com o tema &#8220;Comunica\u00e7\u00e3o Acess\u00edvel&#8221;, no Ciesp, realizado pela Secretaria de Rela\u00e7\u00f5es Institucionais e Comunica\u00e7\u00e3o. O evento reuniu 100 pessoas ligadas \u00e0 comunica\u00e7\u00e3o de prefeituras, c\u00e2maras, institui\u00e7\u00f5es, funcion\u00e1rios p\u00fablicos e empres\u00e1rios. &nbsp;Na ocasi\u00e3o, foi disponibilizado um caf\u00e9 da manh\u00e3 em [&hellip;]<\/p>\n","protected":false},"author":8,"featured_media":22850,"comment_status":"closed","ping_status":"open","sticky":false,"template":"","format":"standard","meta":{"rop_custom_images_group":[],"rop_custom_messages_group":[],"rop_publish_now":"initial","rop_publish_now_accounts":[],"rop_publish_now_history":[],"rop_publish_now_status":"pending","footnotes":""},"categories":[188],"tags":[],"class_list":["post-22849","post","type-post","status-publish","format-standard","has-post-thumbnail","hentry","category-indaiatuba"],"amp_enabled":true,"_links":{"self":[{"href":"https:\/\/imais.online\/portal\/wp-json\/wp\/v2\/posts\/22849","targetHints":{"allow":["GET"]}}],"collection":[{"href":"https:\/\/imais.online\/portal\/wp-json\/wp\/v2\/posts"}],"about":[{"href":"https:\/\/imais.online\/portal\/wp-json\/wp\/v2\/types\/post"}],"author":[{"embeddable":true,"href":"https:\/\/imais.online\/portal\/wp-json\/wp\/v2\/users\/8"}],"replies":[{"embeddable":true,"href":"https:\/\/imais.online\/portal\/wp-json\/wp\/v2\/comments?post=22849"}],"version-history":[{"count":1,"href":"https:\/\/imais.online\/portal\/wp-json\/wp\/v2\/posts\/22849\/revisions"}],"predecessor-version":[{"id":22851,"href":"https:\/\/imais.online\/portal\/wp-json\/wp\/v2\/posts\/22849\/revisions\/22851"}],"wp:featuredmedia":[{"embeddable":true,"href":"https:\/\/imais.online\/portal\/wp-json\/wp\/v2\/media\/22850"}],"wp:attachment":[{"href":"https:\/\/imais.online\/portal\/wp-json\/wp\/v2\/media?parent=22849"}],"wp:term":[{"taxonomy":"category","embeddable":true,"href":"https:\/\/imais.online\/portal\/wp-json\/wp\/v2\/categories?post=22849"},{"taxonomy":"post_tag","embeddable":true,"href":"https:\/\/imais.online\/portal\/wp-json\/wp\/v2\/tags?post=22849"}],"curies":[{"name":"wp","href":"https:\/\/api.w.org\/{rel}","templated":true}]}}