{"id":22864,"date":"2024-05-15T09:20:19","date_gmt":"2024-05-15T12:20:19","guid":{"rendered":"https:\/\/imais.online\/portal\/?p=22864"},"modified":"2024-05-15T09:20:20","modified_gmt":"2024-05-15T12:20:20","slug":"cultura-realiza-escuta-publica-do-plano-anual-de-aplicacao-de-recursos-da-lei-aldir-blanc","status":"publish","type":"post","link":"https:\/\/imais.online\/portal\/cultura-realiza-escuta-publica-do-plano-anual-de-aplicacao-de-recursos-da-lei-aldir-blanc\/","title":{"rendered":"Cultura realiza Escuta P\u00fablica do Plano Anual de Aplica\u00e7\u00e3o de Recursos da Lei Aldir Blanc"},"content":{"rendered":"<div class=\"imais-before-content-placement\" id=\"imais-241849328\"><script async src=\"\/\/pagead2.googlesyndication.com\/pagead\/js\/adsbygoogle.js?client=ca-pub-8787528412751566\" crossorigin=\"anonymous\"><\/script><ins class=\"adsbygoogle\" style=\"display:block;\" data-ad-client=\"ca-pub-8787528412751566\" \ndata-ad-slot=\"\" \ndata-ad-format=\"auto\"><\/ins>\n<script> \n(adsbygoogle = window.adsbygoogle || []).push({}); \n<\/script>\n<\/div>\n<p><em><small>Escuta acontecer\u00e1 de forma h\u00edbrida nos dias 20 e 22 de maio<\/small><\/em><\/p>\n\n\n\n<p>A Prefeitura de Indaiatuba, por meio da Secretaria de Cultura, realiza nos dias 20 e 22 de maio, \u00e0s 18h30, no Centro de Conven\u00e7\u00f5es Aydil Bonachella a Escuta P\u00fablica referente ao Plano Anual de Aplica\u00e7\u00e3o de Recursos da LEI Aldir Blanc (PAAR). \u00c9 destinada aos membros do &nbsp;Conselho Municipal de Pol\u00edtica Cultural (Comcult), Conselho Municipal de Preserva\u00e7\u00e3o e Patrim\u00f4nio, Conselho Municipal de Turismo, artistas, produtores culturais e a sociedade civil &nbsp;que tiverem interesse em participar. Os interessados podem participar de maneira presencial ou pelo&nbsp;<a href=\"https:\/\/cultura.indaiatuba.sp.gov.br\/\" target=\"_blank\" rel=\"noreferrer noopener\">link<\/a>.<\/p>\n\n\n\n<p>A Escuta P\u00fablica tem como objetivo central ouvir as demandas, sugest\u00f5es e necessidades dos artistas, produtores culturais e membros da sociedade civil criando um espa\u00e7o para debate e contribui\u00e7\u00f5es da comunidade, acolhimento de sugest\u00f5es.<\/p>\n\n\n\n<p><strong>Cronograma<\/strong><\/p>\n\n\n\n<p>Abertura, apresenta\u00e7\u00e3o da legisla\u00e7\u00e3o e do contexto da Pol\u00edtica Nacional Aldir Blanc;<\/p>\n\n\n\n<p>Apresenta\u00e7\u00e3o das a\u00e7\u00f5es propostas no PAAR;<\/p>\n\n\n\n<p>Espa\u00e7o para debate e contribui\u00e7\u00f5es da comunidade, acolhimento de sugest\u00f5es,<\/p>\n\n\n\n<p>explana\u00e7\u00e3o das opini\u00f5es.<\/p>\n\n\n\n<p>Reda\u00e7\u00e3o da ATA.<\/p>\n\n\n\n<p><strong>Sobre a Lei Aldir Blanc<\/strong><\/p>\n\n\n\n<p>A LEI Aldir Blanc \u00e9 um marco fundamental no apoio \u00e0s pessoas que trabalham com cultura. Por isso, a &nbsp;Secretaria Municipal de Cultura convida os artistas e a sociedade civil para participarem de uma escuta fundamental voltada ao Plano Anual de Aplica\u00e7\u00e3o de Recursos (PAAR).<\/p>\n\n\n\n<p><strong>Servi\u00e7o<\/strong><\/p>\n\n\n\n<p><strong>Escuta P\u00fablica<\/strong><\/p>\n\n\n\n<p><strong>Data:<\/strong>&nbsp;20 e 22 de maio.<\/p>\n\n\n\n<p><strong>Hor\u00e1rio:<\/strong>&nbsp;18h30.<\/p>\n\n\n\n<p><strong>Presencial:<\/strong>&nbsp;&nbsp;Centro de Conven\u00e7\u00f5es Aydil Bonachella- R. das Primaveras, 210 &#8211; Jardim Pompeia.<\/p>\n\n\n\n<p><strong>On-line:<\/strong>\u00a0O link da reuni\u00e3o ser\u00e1 disponibilizado no\u00a0<a rel=\"noreferrer noopener\" href=\"https:\/\/cultura.indaiatuba.sp.gov.br\/\" target=\"_blank\">site<\/a>.<\/p>\n\n\n\n<p class=\"has-small-font-size\"><strong>#PraTodosVerem:\u00a0<\/strong>Arte com as informa\u00e7\u00f5es da Escuta P\u00fablica referente ao Plano Anual de Aplica\u00e7\u00e3o de Recursos da LEI Aldir Blanc (PAAR). Fim da descri\u00e7\u00e3o.<\/p>\n","protected":false},"excerpt":{"rendered":"<p>Escuta acontecer\u00e1 de forma h\u00edbrida nos dias 20 e 22 de maio A Prefeitura de Indaiatuba, por meio da Secretaria de Cultura, realiza nos dias 20 e 22 de maio, \u00e0s 18h30, no Centro de Conven\u00e7\u00f5es Aydil Bonachella a Escuta P\u00fablica referente ao Plano Anual de Aplica\u00e7\u00e3o de Recursos da LEI Aldir Blanc (PAAR). \u00c9 [&hellip;]<\/p>\n","protected":false},"author":8,"featured_media":22865,"comment_status":"closed","ping_status":"open","sticky":false,"template":"","format":"standard","meta":{"rop_custom_images_group":[],"rop_custom_messages_group":[],"rop_publish_now":"initial","rop_publish_now_accounts":[],"rop_publish_now_history":[],"rop_publish_now_status":"pending","footnotes":""},"categories":[188],"tags":[],"class_list":["post-22864","post","type-post","status-publish","format-standard","has-post-thumbnail","hentry","category-indaiatuba"],"amp_enabled":true,"_links":{"self":[{"href":"https:\/\/imais.online\/portal\/wp-json\/wp\/v2\/posts\/22864","targetHints":{"allow":["GET"]}}],"collection":[{"href":"https:\/\/imais.online\/portal\/wp-json\/wp\/v2\/posts"}],"about":[{"href":"https:\/\/imais.online\/portal\/wp-json\/wp\/v2\/types\/post"}],"author":[{"embeddable":true,"href":"https:\/\/imais.online\/portal\/wp-json\/wp\/v2\/users\/8"}],"replies":[{"embeddable":true,"href":"https:\/\/imais.online\/portal\/wp-json\/wp\/v2\/comments?post=22864"}],"version-history":[{"count":1,"href":"https:\/\/imais.online\/portal\/wp-json\/wp\/v2\/posts\/22864\/revisions"}],"predecessor-version":[{"id":22866,"href":"https:\/\/imais.online\/portal\/wp-json\/wp\/v2\/posts\/22864\/revisions\/22866"}],"wp:featuredmedia":[{"embeddable":true,"href":"https:\/\/imais.online\/portal\/wp-json\/wp\/v2\/media\/22865"}],"wp:attachment":[{"href":"https:\/\/imais.online\/portal\/wp-json\/wp\/v2\/media?parent=22864"}],"wp:term":[{"taxonomy":"category","embeddable":true,"href":"https:\/\/imais.online\/portal\/wp-json\/wp\/v2\/categories?post=22864"},{"taxonomy":"post_tag","embeddable":true,"href":"https:\/\/imais.online\/portal\/wp-json\/wp\/v2\/tags?post=22864"}],"curies":[{"name":"wp","href":"https:\/\/api.w.org\/{rel}","templated":true}]}}