{"id":22867,"date":"2024-05-15T09:21:41","date_gmt":"2024-05-15T12:21:41","guid":{"rendered":"https:\/\/imais.online\/portal\/?p=22867"},"modified":"2024-05-15T09:21:42","modified_gmt":"2024-05-15T12:21:42","slug":"prefeitura-e-corpus-iniciam-campanha-para-ensinar-diferenca-de-ilha-ecologica-e-ecoponto","status":"publish","type":"post","link":"https:\/\/imais.online\/portal\/prefeitura-e-corpus-iniciam-campanha-para-ensinar-diferenca-de-ilha-ecologica-e-ecoponto\/","title":{"rendered":"Prefeitura e Corpus iniciam campanha para ensinar diferen\u00e7a de Ilha Ecol\u00f3gica e Ecoponto"},"content":{"rendered":"<div class=\"imais-before-content-placement\" id=\"imais-952533546\"><script async src=\"\/\/pagead2.googlesyndication.com\/pagead\/js\/adsbygoogle.js?client=ca-pub-8787528412751566\" crossorigin=\"anonymous\"><\/script><ins class=\"adsbygoogle\" style=\"display:block;\" data-ad-client=\"ca-pub-8787528412751566\" \ndata-ad-slot=\"\" \ndata-ad-format=\"auto\"><\/ins>\n<script> \n(adsbygoogle = window.adsbygoogle || []).push({}); \n<\/script>\n<\/div>\n<p><em><small>Ilhas de coleta seletiva recebem placas de conscientiza\u00e7\u00e3o sobre uso correto do equipamento<\/small><\/em><\/p>\n\n\n\n<p>A Prefeitura de Indaiatuba, por interm\u00e9dio da Secretaria de Servi\u00e7os Urbanos e Meio Ambiente, em parceria com a Corpus, iniciou neste m\u00eas a instala\u00e7\u00e3o de placas de conscientiza\u00e7\u00e3o sobre o uso correto das Ilhas Ecol\u00f3gicas. A proposta \u00e9 orientar a popula\u00e7\u00e3o que o equipamento \u00e9 exclusivo para receber materiais recicl\u00e1veis. A Campanha \u201cEcopontos e Ilhas Ecol\u00f3gicas\u201d, al\u00e9m de informar aos usu\u00e1rios que as ilhas recebem apenas pl\u00e1stico, papel\u00e3o, vidro e ferrosos, tamb\u00e9m destaca a diferen\u00e7a entre esse tipo de equipamento e os Ecopontos.&nbsp;&nbsp;<\/p>\n\n\n\n<p>A campanha inclui, ainda, outdoors instalados em pontos estrat\u00e9gicos da cidade, e divulga\u00e7\u00f5es no site e nas redes sociais oficias da Prefeitura e da Corpus, que \u00e9 a empresa que possui a concess\u00e3o do servi\u00e7o de limpeza urbana no munic\u00edpio.<\/p>\n\n\n\n<p>O secret\u00e1rio de Servi\u00e7os Urbanos, Guilherme Magnusson, explica que os dois espa\u00e7os, tanto as Ilhas Ecol\u00f3gicas como os Ecopontos, funcionam como um refor\u00e7o ambiental importante no combate ao descarte irregular de res\u00edduos realizado oferecidos pela Administra\u00e7\u00e3o Municipal. \u201cEstamos refor\u00e7ando essa campanha de educa\u00e7\u00e3o ambiental porque muita gente ainda utiliza as ilhas de forma errada e precisamos do apoio da popula\u00e7\u00e3o para fazermos o sistema de coleta seletiva e de limpeza urbana, realmente funcionar em nossa cidade\u201d, avisou.<\/p>\n\n\n\n<p>As Ilhas Ecol\u00f3gicas devem ser utilizadas somente para o descarte de materiais recicl\u00e1veis, como papel, pl\u00e1stico, vidro e metal. Grandes objetos, a exemplo dos m\u00f3veis velhos e entulhos de pequenas reformas devem ser direcionados aos Ecopontos, locais maiores e preparados para receber esse tipo de material. Nos Ecopontos tamb\u00e9m \u00e9 poss\u00edvel levar pneus velhos, restos de podas de \u00e1rvores, eletroeletr\u00f4nicos, l\u00e2mpadas, pilhas, baterias e \u00f3leo de cozinha usado, que em Indaiatuba a Prefeitura transforma em biodiesel.<\/p>\n\n\n\n<p>Para ajudar a popula\u00e7\u00e3o identificar o Ecoponto mais pr\u00f3ximo da resid\u00eancia, foram inclu\u00eddos nas placas instaladas nas ilhas, QR Code que informa ao usu\u00e1rio qual dos quatro pontos de coleta volunt\u00e1ria est\u00e1 mais pr\u00f3ximo da sua localiza\u00e7\u00e3o, por meio de georreferenciamento. O documento tamb\u00e9m aponta os endere\u00e7os das demais Ilhas Ecol\u00f3gicas que comp\u00f5e a rede de descarte correto.<\/p>\n\n\n\n<p>Indaiatuba possui 38 Ilhas Ecol\u00f3gicas espalhadas por todo munic\u00edpio. Cada ilha possui um par ou mais unidades de cont\u00eaineres subterr\u00e2neos, com 3 mil m\u00b3 de capacidade cada um deles. Como est\u00e3o instaladas em \u00e1reas p\u00fablicas abertas, podem ser utilizadas em qualquer dia da semana, a qualquer hora do dia.<\/p>\n\n\n\n<p>Os Ecopontos est\u00e3o em quatro endere\u00e7os: Jardim Nova Veneza, na rua Padre Arthur Lupurini Sampaio, esquina com rua Jos\u00e9 Vilalta;&nbsp;&nbsp;Jardim Jo\u00e3o Pioli, localizado na avenida Artes e Of\u00edcios; Jardim Eldorado, localizado na rua Reverendo Eliseu Narciso, esquina com a Rua do Badin, e Jardim Olinda, na esquina da rua Tamoio com a rua Valdir Ferrari. O hor\u00e1rio de funcionamento \u00e9 o mesmo em todos os Ecopontos, das 7h \u00e0s 19h, todos os dias, inclusive aos s\u00e1bados e domingos.<\/p>\n\n\n\n<p>Os dois tipos de pontos de entrega volunt\u00e1ria colaboram no combate ao descarte irregular e evitam a forma\u00e7\u00e3o de pontos viciados. Dessa forma, o servi\u00e7o evita a prolifera\u00e7\u00e3o de pragas e doen\u00e7as, como a dengue, por exemplo. Tudo vai parar em local adequado e deixa tamb\u00e9m de entupir bueiros e galerias pluviais, al\u00e9m de n\u00e3o poluir o solo e os rios.<\/p>\n\n\n\n<p>Magnusson refor\u00e7a que separar e destinar os res\u00edduos para a devida valoriza\u00e7\u00e3o, preserva o meio ambiente e garante mais qualidade de vida e sa\u00fade para a popula\u00e7\u00e3o. Outra vantagem de colaborar com o Programa de Coleta Seletiva do munic\u00edpio, \u00e9 que parte do valor da venda dos res\u00edduos \u00e9 revertido para o custeio de projetos do Funssol (Fundo Social de Solidariedade), que oferece cursos gratuitos voltados \u00e0 gera\u00e7\u00e3o de emprego e renda.<\/p>\n\n\n\n<p class=\"has-small-font-size\"><strong>#PraTodosVerem:\u00a0<\/strong>foto mostra parte do tambor de uma Ilha Ecol\u00f3gica, com a placa met\u00e1lica no fundo, trazendo orienta\u00e7\u00f5es de utiliza\u00e7\u00e3o correta do espa\u00e7o. A placa nas cores amarelo, vermelho, verde e branco tem p\u00e9s met\u00e1licos azuis que est\u00e3o fixados na base de concreto. Atr\u00e1s da placa tem um alambrado e \u00e9 poss\u00edvel visualizar o cal\u00e7amento de pedra no ch\u00e3o e o c\u00e9u azul, na parte de cima da imagem. Fim<\/p>\n","protected":false},"excerpt":{"rendered":"<p>Ilhas de coleta seletiva recebem placas de conscientiza\u00e7\u00e3o sobre uso correto do equipamento A Prefeitura de Indaiatuba, por interm\u00e9dio da Secretaria de Servi\u00e7os Urbanos e Meio Ambiente, em parceria com a Corpus, iniciou neste m\u00eas a instala\u00e7\u00e3o de placas de conscientiza\u00e7\u00e3o sobre o uso correto das Ilhas Ecol\u00f3gicas. A proposta \u00e9 orientar a popula\u00e7\u00e3o que [&hellip;]<\/p>\n","protected":false},"author":8,"featured_media":22868,"comment_status":"closed","ping_status":"open","sticky":false,"template":"","format":"standard","meta":{"rop_custom_images_group":[],"rop_custom_messages_group":[],"rop_publish_now":"initial","rop_publish_now_accounts":[],"rop_publish_now_history":[],"rop_publish_now_status":"pending","footnotes":""},"categories":[188],"tags":[],"class_list":["post-22867","post","type-post","status-publish","format-standard","has-post-thumbnail","hentry","category-indaiatuba"],"amp_enabled":true,"_links":{"self":[{"href":"https:\/\/imais.online\/portal\/wp-json\/wp\/v2\/posts\/22867","targetHints":{"allow":["GET"]}}],"collection":[{"href":"https:\/\/imais.online\/portal\/wp-json\/wp\/v2\/posts"}],"about":[{"href":"https:\/\/imais.online\/portal\/wp-json\/wp\/v2\/types\/post"}],"author":[{"embeddable":true,"href":"https:\/\/imais.online\/portal\/wp-json\/wp\/v2\/users\/8"}],"replies":[{"embeddable":true,"href":"https:\/\/imais.online\/portal\/wp-json\/wp\/v2\/comments?post=22867"}],"version-history":[{"count":1,"href":"https:\/\/imais.online\/portal\/wp-json\/wp\/v2\/posts\/22867\/revisions"}],"predecessor-version":[{"id":22869,"href":"https:\/\/imais.online\/portal\/wp-json\/wp\/v2\/posts\/22867\/revisions\/22869"}],"wp:featuredmedia":[{"embeddable":true,"href":"https:\/\/imais.online\/portal\/wp-json\/wp\/v2\/media\/22868"}],"wp:attachment":[{"href":"https:\/\/imais.online\/portal\/wp-json\/wp\/v2\/media?parent=22867"}],"wp:term":[{"taxonomy":"category","embeddable":true,"href":"https:\/\/imais.online\/portal\/wp-json\/wp\/v2\/categories?post=22867"},{"taxonomy":"post_tag","embeddable":true,"href":"https:\/\/imais.online\/portal\/wp-json\/wp\/v2\/tags?post=22867"}],"curies":[{"name":"wp","href":"https:\/\/api.w.org\/{rel}","templated":true}]}}