{"id":22870,"date":"2024-05-15T09:22:56","date_gmt":"2024-05-15T12:22:56","guid":{"rendered":"https:\/\/imais.online\/portal\/?p=22870"},"modified":"2024-05-15T09:22:57","modified_gmt":"2024-05-15T12:22:57","slug":"pos-graduacao-em-autismo-para-professores-da-rede-municipal-encerra-ciclo-de-aulas-presenciais","status":"publish","type":"post","link":"https:\/\/imais.online\/portal\/pos-graduacao-em-autismo-para-professores-da-rede-municipal-encerra-ciclo-de-aulas-presenciais\/","title":{"rendered":"P\u00f3s-gradua\u00e7\u00e3o em autismo para professores da Rede Municipal encerra ciclo de aulas presenciais"},"content":{"rendered":"<div class=\"imais-before-content-placement\" id=\"imais-658419842\"><script async src=\"\/\/pagead2.googlesyndication.com\/pagead\/js\/adsbygoogle.js?client=ca-pub-8787528412751566\" crossorigin=\"anonymous\"><\/script><ins class=\"adsbygoogle\" style=\"display:block;\" data-ad-client=\"ca-pub-8787528412751566\" \ndata-ad-slot=\"\" \ndata-ad-format=\"auto\"><\/ins>\n<script> \n(adsbygoogle = window.adsbygoogle || []).push({}); \n<\/script>\n<\/div>\n<p><em><small>Forma\u00e7\u00e3o gratuita segue at\u00e9 o final do ano em formato EAD<\/small><\/em><\/p>\n\n\n\n<p>A Secretaria Municipal de Educa\u00e7\u00e3o de Indaiatuba realizou nesta segunda-feira (13\/5) a \u00faltima aula presencial do curso de p\u00f3s-gradua\u00e7\u00e3o em autismo com base no modelo de ensino estruturado para docentes da Rede Municipal. A aula ministrada pela professora Juliana Pereira tratou sobre os Materiais Estruturados no ensino do TEA. A forma\u00e7\u00e3o continua na plataforma EAD para a produ\u00e7\u00e3o do TCC e para aqueles que ainda n\u00e3o finalizaram os m\u00f3dulos.<\/p>\n\n\n\n<p>A p\u00f3s-gradua\u00e7\u00e3o em autismo \u00e9 gratuita para os participantes e conta com investimento municipal de mais de R$ 800 mil. O \u00e9 objetivo atender o Plano Municipal de Educa\u00e7\u00e3o de Indaiatuba \u2013 C\u00e2mara Tem\u00e1tica: Forma\u00e7\u00e3o e Valoriza\u00e7\u00e3o dos Profissionais de Educa\u00e7\u00e3o, Meta 5 e a Meta 16 do Plano Nacional de Educa\u00e7\u00e3o.<\/p>\n\n\n\n<p>Aproximadamente 500 servidores da educa\u00e7\u00e3o se inscreveram para o curso de p\u00f3s-gradua\u00e7\u00e3o, na Faculdade P\u00f3lis Civitas, com carga hor\u00e1ria de 370 horas, dividida em oito m\u00f3dulos, com previs\u00e3o de t\u00e9rmino para o 4\u00ba bimestre de 2024.<\/p>\n\n\n\n<p class=\"has-small-font-size\"><strong>#PraTodosVerem:\u00a0<\/strong>A imagem mostra a professora Juliana Pereira de pele branca, cabelos encaracolados loiro escuro, de vestido longo estampado com as cores predominantes marrom escuro, azul e terracota. Ela est\u00e1 em cima do palco, segurando o microfone com uma m\u00e3o e na outra um copo de \u00e1gua. Do lado esquerdo do palco tem um p\u00falpito de acr\u00edlico com o bras\u00e3o do munic\u00edpio de Indaiatuba.<\/p>\n","protected":false},"excerpt":{"rendered":"<p>Forma\u00e7\u00e3o gratuita segue at\u00e9 o final do ano em formato EAD A Secretaria Municipal de Educa\u00e7\u00e3o de Indaiatuba realizou nesta segunda-feira (13\/5) a \u00faltima aula presencial do curso de p\u00f3s-gradua\u00e7\u00e3o em autismo com base no modelo de ensino estruturado para docentes da Rede Municipal. A aula ministrada pela professora Juliana Pereira tratou sobre os Materiais [&hellip;]<\/p>\n","protected":false},"author":8,"featured_media":22871,"comment_status":"closed","ping_status":"open","sticky":false,"template":"","format":"standard","meta":{"rop_custom_images_group":[],"rop_custom_messages_group":[],"rop_publish_now":"initial","rop_publish_now_accounts":[],"rop_publish_now_history":[],"rop_publish_now_status":"pending","footnotes":""},"categories":[188],"tags":[],"class_list":["post-22870","post","type-post","status-publish","format-standard","has-post-thumbnail","hentry","category-indaiatuba"],"amp_enabled":true,"_links":{"self":[{"href":"https:\/\/imais.online\/portal\/wp-json\/wp\/v2\/posts\/22870","targetHints":{"allow":["GET"]}}],"collection":[{"href":"https:\/\/imais.online\/portal\/wp-json\/wp\/v2\/posts"}],"about":[{"href":"https:\/\/imais.online\/portal\/wp-json\/wp\/v2\/types\/post"}],"author":[{"embeddable":true,"href":"https:\/\/imais.online\/portal\/wp-json\/wp\/v2\/users\/8"}],"replies":[{"embeddable":true,"href":"https:\/\/imais.online\/portal\/wp-json\/wp\/v2\/comments?post=22870"}],"version-history":[{"count":1,"href":"https:\/\/imais.online\/portal\/wp-json\/wp\/v2\/posts\/22870\/revisions"}],"predecessor-version":[{"id":22872,"href":"https:\/\/imais.online\/portal\/wp-json\/wp\/v2\/posts\/22870\/revisions\/22872"}],"wp:featuredmedia":[{"embeddable":true,"href":"https:\/\/imais.online\/portal\/wp-json\/wp\/v2\/media\/22871"}],"wp:attachment":[{"href":"https:\/\/imais.online\/portal\/wp-json\/wp\/v2\/media?parent=22870"}],"wp:term":[{"taxonomy":"category","embeddable":true,"href":"https:\/\/imais.online\/portal\/wp-json\/wp\/v2\/categories?post=22870"},{"taxonomy":"post_tag","embeddable":true,"href":"https:\/\/imais.online\/portal\/wp-json\/wp\/v2\/tags?post=22870"}],"curies":[{"name":"wp","href":"https:\/\/api.w.org\/{rel}","templated":true}]}}