{"id":22873,"date":"2024-05-15T09:25:16","date_gmt":"2024-05-15T12:25:16","guid":{"rendered":"https:\/\/imais.online\/portal\/?p=22873"},"modified":"2024-05-15T09:25:17","modified_gmt":"2024-05-15T12:25:17","slug":"prefeitura-inicia-construcao-de-quadra-poliesportiva-com-vestiarios-no-jardim-oliveira-camargo","status":"publish","type":"post","link":"https:\/\/imais.online\/portal\/prefeitura-inicia-construcao-de-quadra-poliesportiva-com-vestiarios-no-jardim-oliveira-camargo\/","title":{"rendered":"Prefeitura inicia constru\u00e7\u00e3o de quadra poliesportiva com vesti\u00e1rios no Jardim Oliveira Camargo"},"content":{"rendered":"<div class=\"imais-before-content-placement\" id=\"imais-3614905014\"><script async src=\"\/\/pagead2.googlesyndication.com\/pagead\/js\/adsbygoogle.js?client=ca-pub-8787528412751566\" crossorigin=\"anonymous\"><\/script><ins class=\"adsbygoogle\" style=\"display:block;\" data-ad-client=\"ca-pub-8787528412751566\" \ndata-ad-slot=\"\" \ndata-ad-format=\"auto\"><\/ins>\n<script> \n(adsbygoogle = window.adsbygoogle || []).push({}); \n<\/script>\n<\/div>\n<p><em><small>\u00c1rea da obra fica na esquina das ruas Carolina Tempesta Gon\u00e7alves e Manoel Francisco Ribeira Garcia<\/small><\/em><\/p>\n\n\n\n<p>Os moradores do Jardim Oliveira Camargo ganhar\u00e3o uma quadra poliesportiva coberta. A Ordem de Servi\u00e7os para o in\u00edcio da obra foi emitida pelo prefeito Nilson Gaspar no in\u00edcio de maio. O projeto da Secretaria de Planejamento Urbano e Engenharia tamb\u00e9m prev\u00ea a constru\u00e7\u00e3o de vesti\u00e1rios e \u00e1rea administrativa. O investimento da Administra\u00e7\u00e3o Municipal \u00e9 de R$2,6 milh\u00f5es, com recursos pr\u00f3prios, e o prazo para a conclus\u00e3o \u00e9 de 12 meses.<br>A \u00e1rea onde ficar\u00e1 a quadra est\u00e1 localizada na esquina da rua Carolina Tempesta Gon\u00e7alves com a rua Manoel Francisco Ribeira Garcia. De acordo com o projeto da Engenharia, a quadra ser\u00e1 constru\u00edda com piso armado polido e ter\u00e1 \u00e1rea para arquibancada. A cobertura ter\u00e1 estrutura met\u00e1lica sobre pilares de concreto e fechamento com telha ondulada e veneziana industrial.<br>Al\u00e9m de vesti\u00e1rios masculino e feminino, com banheiros adaptados para pessoas com defici\u00eancia, a obra ainda inclui depend\u00eancia para administra\u00e7\u00e3o, secretaria, dep\u00f3sito e copa.<br>Na \u00e1rea da quadra, tamb\u00e9m est\u00e1 previsto espa\u00e7o reservado para pessoas com defici\u00eancia, seguindo todas as normas de acessibilidade.<\/p>\n\n\n\n<p class=\"has-small-font-size\"><strong>#PraTodosVerem:\u00a0<\/strong>imagem mostra uma retroescavadeira amarela e preta fazendo o trabalho de terraplenagem no terreno do Jardim Oliveira Camargo. O terreno j\u00e1 est\u00e1 sem mato, com a terra bem nivelada. Ao fundo, um muro de concreto divide o terreno de uma \u00e1rea de vegeta\u00e7\u00e3o onde est\u00e1 instalada uma antena de telecomunica\u00e7\u00f5es. O c\u00e9u est\u00e1 bem azul, com nuvens claras. Fim da descri\u00e7\u00e3o.<\/p>\n","protected":false},"excerpt":{"rendered":"<p>\u00c1rea da obra fica na esquina das ruas Carolina Tempesta Gon\u00e7alves e Manoel Francisco Ribeira Garcia Os moradores do Jardim Oliveira Camargo ganhar\u00e3o uma quadra poliesportiva coberta. A Ordem de Servi\u00e7os para o in\u00edcio da obra foi emitida pelo prefeito Nilson Gaspar no in\u00edcio de maio. O projeto da Secretaria de Planejamento Urbano e Engenharia [&hellip;]<\/p>\n","protected":false},"author":8,"featured_media":22874,"comment_status":"closed","ping_status":"open","sticky":false,"template":"","format":"standard","meta":{"rop_custom_images_group":[],"rop_custom_messages_group":[],"rop_publish_now":"initial","rop_publish_now_accounts":[],"rop_publish_now_history":[],"rop_publish_now_status":"pending","footnotes":""},"categories":[188],"tags":[],"class_list":["post-22873","post","type-post","status-publish","format-standard","has-post-thumbnail","hentry","category-indaiatuba"],"amp_enabled":true,"_links":{"self":[{"href":"https:\/\/imais.online\/portal\/wp-json\/wp\/v2\/posts\/22873","targetHints":{"allow":["GET"]}}],"collection":[{"href":"https:\/\/imais.online\/portal\/wp-json\/wp\/v2\/posts"}],"about":[{"href":"https:\/\/imais.online\/portal\/wp-json\/wp\/v2\/types\/post"}],"author":[{"embeddable":true,"href":"https:\/\/imais.online\/portal\/wp-json\/wp\/v2\/users\/8"}],"replies":[{"embeddable":true,"href":"https:\/\/imais.online\/portal\/wp-json\/wp\/v2\/comments?post=22873"}],"version-history":[{"count":1,"href":"https:\/\/imais.online\/portal\/wp-json\/wp\/v2\/posts\/22873\/revisions"}],"predecessor-version":[{"id":22875,"href":"https:\/\/imais.online\/portal\/wp-json\/wp\/v2\/posts\/22873\/revisions\/22875"}],"wp:featuredmedia":[{"embeddable":true,"href":"https:\/\/imais.online\/portal\/wp-json\/wp\/v2\/media\/22874"}],"wp:attachment":[{"href":"https:\/\/imais.online\/portal\/wp-json\/wp\/v2\/media?parent=22873"}],"wp:term":[{"taxonomy":"category","embeddable":true,"href":"https:\/\/imais.online\/portal\/wp-json\/wp\/v2\/categories?post=22873"},{"taxonomy":"post_tag","embeddable":true,"href":"https:\/\/imais.online\/portal\/wp-json\/wp\/v2\/tags?post=22873"}],"curies":[{"name":"wp","href":"https:\/\/api.w.org\/{rel}","templated":true}]}}