{"id":22876,"date":"2024-05-15T09:27:04","date_gmt":"2024-05-15T12:27:04","guid":{"rendered":"https:\/\/imais.online\/portal\/?p=22876"},"modified":"2024-05-15T09:27:04","modified_gmt":"2024-05-15T12:27:04","slug":"inscricoes-para-a-oficina-aprendendo-a-falar-em-frente-a-camera-estao-abertas","status":"publish","type":"post","link":"https:\/\/imais.online\/portal\/inscricoes-para-a-oficina-aprendendo-a-falar-em-frente-a-camera-estao-abertas\/","title":{"rendered":"Inscri\u00e7\u00f5es para a Oficina &#8220;Aprendendo a falar em frente \u00e0 c\u00e2mera&#8221; est\u00e3o abertas"},"content":{"rendered":"<div class=\"imais-before-content-placement\" id=\"imais-3347115076\"><script async src=\"\/\/pagead2.googlesyndication.com\/pagead\/js\/adsbygoogle.js?client=ca-pub-8787528412751566\" crossorigin=\"anonymous\"><\/script><ins class=\"adsbygoogle\" style=\"display:block;\" data-ad-client=\"ca-pub-8787528412751566\" \ndata-ad-slot=\"\" \ndata-ad-format=\"auto\"><\/ins>\n<script> \n(adsbygoogle = window.adsbygoogle || []).push({}); \n<\/script>\n<\/div>\n<p><em><small>Carga hor\u00e1ria \u00e9 de quatro horas e aulas s\u00e3o destinadas para maiores de 14 anos<\/small><\/em><\/p>\n\n\n\n<p>A Secretaria Municipal de Cultura, em parceria com o Ponto MIS (Museu da Imagem e do Som), realiza a oficina gratuita \u201cAprendendo a falar em frente \u00e0 c\u00e2mera\u201d ministrada pela preparadora de elenco e produtora, Vanise Carneiro, no dia 20 de maio das 19h \u00e0s 23h, no Casar\u00e3o Pau Preto. Os interessados em participar devem realizar o cadastro atrav\u00e9s do link dispon\u00edvel no site<a href=\"https:\/\/docs.google.com\/forms\/d\/e\/1FAIpQLScEBoEuM5A4aiSYhomlAkJgMLNhy_u32S_2mh0RmygiSW5NiA\/viewform\" target=\"_blank\" rel=\"noreferrer noopener\">&nbsp;Cultura On-line<\/a>. Ser\u00e3o ofertadas 20 vagas para pessoas maiores de 14 anos.<\/p>\n\n\n\n<p>Na oficina os inscritos aprender\u00e3o de maneira pr\u00e1tica atrav\u00e9s de exerc\u00edcios a realizar a comunica\u00e7\u00e3o em frente \u00e0 c\u00e2mera. \u00c9 direcionada a qualquer pessoa que deseja se expressar atrav\u00e9s do v\u00eddeo, gravar conte\u00fados, fazer live e se familiarizar com o instrumento da c\u00e2mera, de forma natural e fluida.&nbsp; Durante as aulas, ser\u00e3o ensinadas t\u00e9cnicas de atua\u00e7\u00e3o, autoconfian\u00e7a, autoimagem, foco e concentra\u00e7\u00e3o. Tamb\u00e9m abordar\u00e1 aspectos t\u00e9cnicos sobre enquadramentos, espa\u00e7o, ilumina\u00e7\u00e3o e ritmo, essenciais para uma melhor comunica\u00e7\u00e3o.\u202f<\/p>\n\n\n\n<p><strong>Sobre Vanise Carneiro<\/strong><\/p>\n\n\n\n<p>&nbsp;\u00c9 atriz, diretora, educadora, preparadora de elenco e produtora, natural do RS, cursou Bacharelado em Artes C\u00eanicas pela UFRGS. Atuou em diversos espet\u00e1culos teatrais, miniss\u00e9ries, curtas e longas-metragens. Por sua atua\u00e7\u00e3o em cinema recebeu o Candango de Melhor atriz curta-metragem no Festival de Bras\u00edlia, al\u00e9m de ser premiada nos festivais de Gramado, Cear\u00e1 e Maranh\u00e3o. Recebeu tamb\u00e9m o pr\u00eamio Jos\u00e9 Lewgoy de Melhor Atriz e no teatro os pr\u00eamios A\u00e7orianos de dire\u00e7\u00e3o e atua\u00e7\u00e3o.<\/p>\n\n\n\n<p><strong>Servi\u00e7o<\/strong><\/p>\n\n\n\n<p><a href=\"https:\/\/docs.google.com\/forms\/d\/e\/1FAIpQLScEBoEuM5A4aiSYhomlAkJgMLNhy_u32S_2mh0RmygiSW5NiA\/viewform\" target=\"_blank\" rel=\"noreferrer noopener\">Oficina \u201cAprendendo a falar em frente \u00e0c\u00e2mera\u201d<\/a><strong><\/strong><\/p>\n\n\n\n<p><strong>Data:<\/strong>&nbsp;20 de maio.<\/p>\n\n\n\n<p><strong>Hor\u00e1rio:<\/strong>&nbsp;19h \u00e0s 23h.<\/p>\n\n\n\n<p><strong>Local:<\/strong>\u00a0\u00a0Casar\u00e3o Pau Preto &#8211; R. Pedro Gon\u00e7alves, 477 &#8211; Centro.<\/p>\n\n\n\n<p class=\"has-small-font-size\"><strong>#PraTodosVerem:\u00a0<\/strong>Arte com as informa\u00e7\u00f5es da oficina \u201cAprendendo a falar em frente \u00e0 c\u00e2mera\u201d. Fim da descri\u00e7\u00e3o.<\/p>\n","protected":false},"excerpt":{"rendered":"<p>Carga hor\u00e1ria \u00e9 de quatro horas e aulas s\u00e3o destinadas para maiores de 14 anos A Secretaria Municipal de Cultura, em parceria com o Ponto MIS (Museu da Imagem e do Som), realiza a oficina gratuita \u201cAprendendo a falar em frente \u00e0 c\u00e2mera\u201d ministrada pela preparadora de elenco e produtora, Vanise Carneiro, no dia 20 [&hellip;]<\/p>\n","protected":false},"author":8,"featured_media":22877,"comment_status":"closed","ping_status":"open","sticky":false,"template":"","format":"standard","meta":{"rop_custom_images_group":[],"rop_custom_messages_group":[],"rop_publish_now":"initial","rop_publish_now_accounts":[],"rop_publish_now_history":[],"rop_publish_now_status":"pending","footnotes":""},"categories":[188],"tags":[],"class_list":["post-22876","post","type-post","status-publish","format-standard","has-post-thumbnail","hentry","category-indaiatuba"],"amp_enabled":true,"_links":{"self":[{"href":"https:\/\/imais.online\/portal\/wp-json\/wp\/v2\/posts\/22876","targetHints":{"allow":["GET"]}}],"collection":[{"href":"https:\/\/imais.online\/portal\/wp-json\/wp\/v2\/posts"}],"about":[{"href":"https:\/\/imais.online\/portal\/wp-json\/wp\/v2\/types\/post"}],"author":[{"embeddable":true,"href":"https:\/\/imais.online\/portal\/wp-json\/wp\/v2\/users\/8"}],"replies":[{"embeddable":true,"href":"https:\/\/imais.online\/portal\/wp-json\/wp\/v2\/comments?post=22876"}],"version-history":[{"count":1,"href":"https:\/\/imais.online\/portal\/wp-json\/wp\/v2\/posts\/22876\/revisions"}],"predecessor-version":[{"id":22878,"href":"https:\/\/imais.online\/portal\/wp-json\/wp\/v2\/posts\/22876\/revisions\/22878"}],"wp:featuredmedia":[{"embeddable":true,"href":"https:\/\/imais.online\/portal\/wp-json\/wp\/v2\/media\/22877"}],"wp:attachment":[{"href":"https:\/\/imais.online\/portal\/wp-json\/wp\/v2\/media?parent=22876"}],"wp:term":[{"taxonomy":"category","embeddable":true,"href":"https:\/\/imais.online\/portal\/wp-json\/wp\/v2\/categories?post=22876"},{"taxonomy":"post_tag","embeddable":true,"href":"https:\/\/imais.online\/portal\/wp-json\/wp\/v2\/tags?post=22876"}],"curies":[{"name":"wp","href":"https:\/\/api.w.org\/{rel}","templated":true}]}}