{"id":22879,"date":"2024-05-15T09:28:31","date_gmt":"2024-05-15T12:28:31","guid":{"rendered":"https:\/\/imais.online\/portal\/?p=22879"},"modified":"2024-05-15T09:28:31","modified_gmt":"2024-05-15T12:28:31","slug":"joao-carlos-martins-abre-a-terceira-semana-de-maio-musical-com-homenagem-a-johann-sebastian-bach","status":"publish","type":"post","link":"https:\/\/imais.online\/portal\/joao-carlos-martins-abre-a-terceira-semana-de-maio-musical-com-homenagem-a-johann-sebastian-bach\/","title":{"rendered":"Jo\u00e3o Carlos Martins abre a terceira semana de Maio Musical com homenagem a Johann Sebastian Bach"},"content":{"rendered":"<div class=\"imais-before-content-placement\" id=\"imais-3988941094\"><script async src=\"\/\/pagead2.googlesyndication.com\/pagead\/js\/adsbygoogle.js?client=ca-pub-8787528412751566\" crossorigin=\"anonymous\"><\/script><ins class=\"adsbygoogle\" style=\"display:block;\" data-ad-client=\"ca-pub-8787528412751566\" \ndata-ad-slot=\"\" \ndata-ad-format=\"auto\"><\/ins>\n<script> \n(adsbygoogle = window.adsbygoogle || []).push({}); \n<\/script>\n<\/div>\n<p><em><small>Apresenta\u00e7\u00e3o acontece no dia 16 de maio com a participa\u00e7\u00e3o da Camerata Bachiana<\/small><\/em><\/p>\n\n\n\n<p>Na pr\u00f3xima quinta-feira (16) acontece a abertura da terceira semana da 32\u00aa edi\u00e7\u00e3o do Maio Musical realizado pela Prefeitura de Indaiatuba, por meio da Secretaria de Cultura que conta com apresenta\u00e7\u00f5es no Parque Ecol\u00f3gico, Casar\u00e3o Pau Preto, Piano e Ciaei at\u00e9 o dia 26 de maio. A programa\u00e7\u00e3o desta semana tem inicio com o pianista maestro, Jo\u00e3o Carlos Martins a Camerata Bachiana, \u00e0s 20h, no Ciaei. &nbsp;Na entrada do teatro, quem quiser ajudar com a doa\u00e7\u00e3o de \u00e1gua mineral para serem repassadas \u00e0s vitimas do Rio Grande do Sul, a produ\u00e7\u00e3o da atra\u00e7\u00e3o estar\u00e1 recebendo toda a contribui\u00e7\u00e3o. A doa\u00e7\u00e3o n\u00e3o \u00e9 obrigat\u00f3ria para assistir ao espet\u00e1culo.<\/p>\n\n\n\n<p>O concerto \u201cNa Roda com o Maestro &#8211; Uma homenagem a Johann Sebastian Bach\u201d tem a participa\u00e7\u00e3o da solista Karen Stephanie. A soprano, que tem licenciatura em m\u00fasica pela USP (Universidade de S\u00e3o Paulo) participou do Opera Studio, programa de forma\u00e7\u00e3o da EMESP (Escola de M\u00fasica do Estado de S\u00e3o Paulo) e recebeu o pr\u00eamio na categoria Cantora Revela\u00e7\u00e3o no concurso Carlos Gomes, em Campinas. Entre 2012 e 2015, Karen se apresentou no Festival Internacional Fiato al Brasile, na It\u00e1lia. Atualmente tem presen\u00e7a frequente nos concertos da Orquestra Filarm\u00f4nica Bachiana. Haver\u00e1 ainda a distribui\u00e7\u00e3o de livro sobre o tema para cada fam\u00edlia e a presen\u00e7a de um int\u00e9rprete de Libras.<\/p>\n\n\n\n<p>O concerto \u00e9 produzido pela D\u2019Color Produ\u00e7\u00f5es Culturais, com patroc\u00ednio da Maravilhas do Lar, por meio da Lei de Incentivo \u00e0 Cultura do Governo Federal e conta com apoio da Prefeitura de Indaiatuba por meio da Secretaria Municipal de Cultura.<\/p>\n\n\n\n<p>A programa\u00e7\u00e3o ainda conta com a atra\u00e7\u00e3o internacional, Evi Goffin, no dia 17 de maio \u00e0s 21h no Parque Ecol\u00f3gico e, encerrando a terceira semana, no domingo (19) acontece o show do Zeeba \u00e0s 19h30, no palco em frente \u00e0 Prefeitura.<\/p>\n\n\n\n<p><strong>Programa\u00e7\u00e3o Completa<\/strong><\/p>\n\n\n\n<p><strong>16 de maio, no Ciaei<\/strong><\/p>\n\n\n\n<p>20h \u2013 Jo\u00e3o Carlos Martins<\/p>\n\n\n\n<p><strong>17 de maio, no Parque Ecol\u00f3gico<\/strong><\/p>\n\n\n\n<p>19h \u2013 Cizara<\/p>\n\n\n\n<p>20h \u2013 Juninho Andrade Trio<\/p>\n\n\n\n<p>21h \u2013 Evi Goffin<\/p>\n\n\n\n<p><strong>17 de maio, no Ciaei<\/strong><\/p>\n\n\n\n<p>19h30 \u2013 Arthur Raymundo e Laura<\/p>\n\n\n\n<p>20h30 \u2013 Bananeira Grupo convida Lucy Campos<\/p>\n\n\n\n<p><strong>18 de maio, no Ciaei<\/strong><\/p>\n\n\n\n<p>16h \u2013 Camerata Sesi Indaiatuba<\/p>\n\n\n\n<p><strong>18 de maio, no Parque Ecol\u00f3gico<\/strong><\/p>\n\n\n\n<p>18h \u2013 Tavinho Rezende Blues Band<\/p>\n\n\n\n<p>19h \u2013 Presidentes de Bras\u00edlia<\/p>\n\n\n\n<p>20h \u2013 Anderson Xavier e DJ Oitom\u00e3o<\/p>\n\n\n\n<p>21h \u2013 No Small Talks (NST)<\/p>\n\n\n\n<p><strong>18 de maio, no Piano<\/strong><\/p>\n\n\n\n<p>19h \u2013 Orquestra Popular &#8211; Guri<\/p>\n\n\n\n<p><strong>19 de maio, no Casar\u00e3o Pau Preto<\/strong><\/p>\n\n\n\n<p>10h \u2013 Roda de Choro NMNPC \u2013 Semana Nabor<\/p>\n\n\n\n<p><strong>19 de maio, no Parque Ecol\u00f3gico<\/strong><\/p>\n\n\n\n<p>18h \u2013 Sync2 \u2013 Tributo Pitty<\/p>\n\n\n\n<p>\u00a019h30 \u2013 Zeeba<\/p>\n\n\n\n<p class=\"has-small-font-size\"><strong>#PraTodosVerem:\u00a0<\/strong>Foto do Maestro do Jo\u00e3o Carlos Martins regendo. Fim da descri\u00e7\u00e3o.<\/p>\n","protected":false},"excerpt":{"rendered":"<p>Apresenta\u00e7\u00e3o acontece no dia 16 de maio com a participa\u00e7\u00e3o da Camerata Bachiana Na pr\u00f3xima quinta-feira (16) acontece a abertura da terceira semana da 32\u00aa edi\u00e7\u00e3o do Maio Musical realizado pela Prefeitura de Indaiatuba, por meio da Secretaria de Cultura que conta com apresenta\u00e7\u00f5es no Parque Ecol\u00f3gico, Casar\u00e3o Pau Preto, Piano e Ciaei at\u00e9 o [&hellip;]<\/p>\n","protected":false},"author":8,"featured_media":22880,"comment_status":"closed","ping_status":"open","sticky":false,"template":"","format":"standard","meta":{"rop_custom_images_group":[],"rop_custom_messages_group":[],"rop_publish_now":"initial","rop_publish_now_accounts":[],"rop_publish_now_history":[],"rop_publish_now_status":"pending","footnotes":""},"categories":[188],"tags":[73],"class_list":["post-22879","post","type-post","status-publish","format-standard","has-post-thumbnail","hentry","category-indaiatuba","tag-featured"],"amp_enabled":true,"_links":{"self":[{"href":"https:\/\/imais.online\/portal\/wp-json\/wp\/v2\/posts\/22879","targetHints":{"allow":["GET"]}}],"collection":[{"href":"https:\/\/imais.online\/portal\/wp-json\/wp\/v2\/posts"}],"about":[{"href":"https:\/\/imais.online\/portal\/wp-json\/wp\/v2\/types\/post"}],"author":[{"embeddable":true,"href":"https:\/\/imais.online\/portal\/wp-json\/wp\/v2\/users\/8"}],"replies":[{"embeddable":true,"href":"https:\/\/imais.online\/portal\/wp-json\/wp\/v2\/comments?post=22879"}],"version-history":[{"count":1,"href":"https:\/\/imais.online\/portal\/wp-json\/wp\/v2\/posts\/22879\/revisions"}],"predecessor-version":[{"id":22881,"href":"https:\/\/imais.online\/portal\/wp-json\/wp\/v2\/posts\/22879\/revisions\/22881"}],"wp:featuredmedia":[{"embeddable":true,"href":"https:\/\/imais.online\/portal\/wp-json\/wp\/v2\/media\/22880"}],"wp:attachment":[{"href":"https:\/\/imais.online\/portal\/wp-json\/wp\/v2\/media?parent=22879"}],"wp:term":[{"taxonomy":"category","embeddable":true,"href":"https:\/\/imais.online\/portal\/wp-json\/wp\/v2\/categories?post=22879"},{"taxonomy":"post_tag","embeddable":true,"href":"https:\/\/imais.online\/portal\/wp-json\/wp\/v2\/tags?post=22879"}],"curies":[{"name":"wp","href":"https:\/\/api.w.org\/{rel}","templated":true}]}}