{"id":22884,"date":"2024-05-16T09:43:32","date_gmt":"2024-05-16T12:43:32","guid":{"rendered":"https:\/\/imais.online\/portal\/?p=22884"},"modified":"2024-05-16T09:43:33","modified_gmt":"2024-05-16T12:43:33","slug":"bosque-do-saber-sedia-a-78a-edicao-do-domingo-ecologico-com-peca-teatral-acessivel-em-libras","status":"publish","type":"post","link":"https:\/\/imais.online\/portal\/bosque-do-saber-sedia-a-78a-edicao-do-domingo-ecologico-com-peca-teatral-acessivel-em-libras\/","title":{"rendered":"Bosque do Saber sedia a 78\u00aa edi\u00e7\u00e3o do Domingo Ecol\u00f3gico com pe\u00e7a teatral acess\u00edvel em Libras"},"content":{"rendered":"<div class=\"imais-before-content-placement\" id=\"imais-68892018\"><script async src=\"\/\/pagead2.googlesyndication.com\/pagead\/js\/adsbygoogle.js?client=ca-pub-8787528412751566\" crossorigin=\"anonymous\"><\/script><ins class=\"adsbygoogle\" style=\"display:block;\" data-ad-client=\"ca-pub-8787528412751566\" \ndata-ad-slot=\"\" \ndata-ad-format=\"auto\"><\/ins>\n<script> \n(adsbygoogle = window.adsbygoogle || []).push({}); \n<\/script>\n<\/div>\n<p><em><small>A partir desta edi\u00e7\u00e3o (19\/5) as pe\u00e7as teatrais e abertura do evento contar\u00e1 com int\u00e9rprete de Libras<\/small><\/em><\/p>\n\n\n\n<p>A Prefeitura de Indaiatuba, por meio da Secretaria de Educa\u00e7\u00e3o, sedia a 78\u00aa edi\u00e7\u00e3o do Domingo Ecol\u00f3gico. O evento acontecer\u00e1 no domingo, 19 de maio, a partir das 13h30, na Escola Municipal Ambiental Bosque do Saber, com parceria da empresa Mann + Hummel.&nbsp;O evento conta com v\u00e1rias atra\u00e7\u00f5es gratuitas, como teatro e atividades interativas. O objetivo \u00e9 desenvolver a\u00e7\u00f5es que possam multiplicar a conscientiza\u00e7\u00e3o de um meio ambiente saud\u00e1vel e integra\u00e7\u00e3o entre fam\u00edlia, escola e comunidade.<\/p>\n\n\n\n<p>A novidade para esta edi\u00e7\u00e3o \u00e9 que o evento contar\u00e1 com um int\u00e9rprete de Libras, cedido pela Secretaria de Educa\u00e7\u00e3o, que tornar\u00e1 acess\u00edvel a abertura e a pe\u00e7a teatral.<\/p>\n\n\n\n<p>O prefeito Nilson Gaspar ressalta a iniciativa da Secretaria de Educa\u00e7\u00e3o em tornar acess\u00edvel o Domingo Ecol\u00f3gico. \u201c\u00c9 com grande entusiasmo que anunciamos uma novidade especial para as edi\u00e7\u00f5es do Domingo Ecol\u00f3gicos. A inclus\u00e3o de um int\u00e9rprete de Libras representa um passo significativo em dire\u00e7\u00e3o \u00e0 acessibilidade, tornando a abertura e a pe\u00e7a teatral acess\u00edveis a todos os membros de nossa comunidade, incluindo aqueles com defici\u00eancia auditiva\u201d, declara Gaspar.<\/p>\n\n\n\n<p><strong>Programa\u00e7\u00e3o<\/strong><\/p>\n\n\n\n<p>Todas atividades s\u00e3o gratuitas e aberta \u00e0 popula\u00e7\u00e3o<br><br>13h30 \u2013 Inscri\u00e7\u00f5es<\/p>\n\n\n\n<p>14h \u2013 Pe\u00e7a Teatral \u2013 \u201cO mundo m\u00e1gico de Pedrinho\u201d<\/p>\n\n\n\n<p>14h \u2013 Oficina: Arte e reciclagem de CD &#8211; Tartaruga<\/p>\n\n\n\n<p>15h \u2013 Oficina Cantinho Verde: Plantio de mudas de suculentas (50 vagas)<\/p>\n\n\n\n<p>15h \u2013&nbsp;Pe\u00e7a Teatral \u2013 \u201cO mundo m\u00e1gico de Pedrinho\u201d<\/p>\n\n\n\n<p><strong>Lacre Solid\u00e1rio<\/strong><br>Os visitantes e participantes poder\u00e3o colaborar com a Escola Municipal Ambiental Bosque do Saber, doando latinhas de refrigerantes, cervejas, sucos e\/ou o lacre de alum\u00ednio para Campanha Lacre Solid\u00e1rio, que visa aquisi\u00e7\u00e3o de cadeira de rodas para entidades assistenciais.<\/p>\n\n\n\n<p><strong>Sobre o Bosque do Saber<\/strong><br>O Bosque do Saber est\u00e1 localizado na rua Jo\u00e3o Batista D&#8217;Alessandro, 610, Jardim do Sol, funciona aos s\u00e1bados, domingos e feriados, das 9h \u00e0s 16h.\u00a0Consulte as regras para utiliza\u00e7\u00e3o do espa\u00e7o no Regimento Interno, o qual pode ser conferido no link\u00a0\u00a0<a rel=\"noreferrer noopener\" href=\"https:\/\/www.indaiatuba.sp.gov.br\/educacao\/bosque-do-saber\/\" target=\"_blank\">https:\/\/www.indaiatuba.sp.gov.br\/educacao\/bosque-do-saber\/.<\/a><\/p>\n\n\n\n<p class=\"has-small-font-size\"><strong>#PraTodosVerem:\u00a0<\/strong>A imagem mostra a fachada de entrada do Bosque do Saber. O dia est\u00e1 ensolarado, com o c\u00e9u azul, em primeiro plano mostra o caminho de pedras com coqueiros, \u00e1rvores e vegeta\u00e7\u00e3o rasteira aos lados, que leva a entrada do pr\u00e9dio administrativo, pintado de verde e amarelo, com letreiro em vermelho, escrito Escola Ambiental Bosque do Saber. Fim da descri\u00e7\u00e3o.<\/p>\n","protected":false},"excerpt":{"rendered":"<p>A partir desta edi\u00e7\u00e3o (19\/5) as pe\u00e7as teatrais e abertura do evento contar\u00e1 com int\u00e9rprete de Libras A Prefeitura de Indaiatuba, por meio da Secretaria de Educa\u00e7\u00e3o, sedia a 78\u00aa edi\u00e7\u00e3o do Domingo Ecol\u00f3gico. O evento acontecer\u00e1 no domingo, 19 de maio, a partir das 13h30, na Escola Municipal Ambiental Bosque do Saber, com parceria [&hellip;]<\/p>\n","protected":false},"author":8,"featured_media":22885,"comment_status":"closed","ping_status":"open","sticky":false,"template":"","format":"standard","meta":{"rop_custom_images_group":[],"rop_custom_messages_group":[],"rop_publish_now":"initial","rop_publish_now_accounts":[],"rop_publish_now_history":[],"rop_publish_now_status":"pending","footnotes":""},"categories":[188],"tags":[],"class_list":["post-22884","post","type-post","status-publish","format-standard","has-post-thumbnail","hentry","category-indaiatuba"],"amp_enabled":true,"_links":{"self":[{"href":"https:\/\/imais.online\/portal\/wp-json\/wp\/v2\/posts\/22884","targetHints":{"allow":["GET"]}}],"collection":[{"href":"https:\/\/imais.online\/portal\/wp-json\/wp\/v2\/posts"}],"about":[{"href":"https:\/\/imais.online\/portal\/wp-json\/wp\/v2\/types\/post"}],"author":[{"embeddable":true,"href":"https:\/\/imais.online\/portal\/wp-json\/wp\/v2\/users\/8"}],"replies":[{"embeddable":true,"href":"https:\/\/imais.online\/portal\/wp-json\/wp\/v2\/comments?post=22884"}],"version-history":[{"count":1,"href":"https:\/\/imais.online\/portal\/wp-json\/wp\/v2\/posts\/22884\/revisions"}],"predecessor-version":[{"id":22886,"href":"https:\/\/imais.online\/portal\/wp-json\/wp\/v2\/posts\/22884\/revisions\/22886"}],"wp:featuredmedia":[{"embeddable":true,"href":"https:\/\/imais.online\/portal\/wp-json\/wp\/v2\/media\/22885"}],"wp:attachment":[{"href":"https:\/\/imais.online\/portal\/wp-json\/wp\/v2\/media?parent=22884"}],"wp:term":[{"taxonomy":"category","embeddable":true,"href":"https:\/\/imais.online\/portal\/wp-json\/wp\/v2\/categories?post=22884"},{"taxonomy":"post_tag","embeddable":true,"href":"https:\/\/imais.online\/portal\/wp-json\/wp\/v2\/tags?post=22884"}],"curies":[{"name":"wp","href":"https:\/\/api.w.org\/{rel}","templated":true}]}}