{"id":22890,"date":"2024-05-16T09:46:19","date_gmt":"2024-05-16T12:46:19","guid":{"rendered":"https:\/\/imais.online\/portal\/?p=22890"},"modified":"2024-05-16T09:46:20","modified_gmt":"2024-05-16T12:46:20","slug":"indaiatuba-e-contemplada-com-selo-caixa-de-gestao-sustentavel","status":"publish","type":"post","link":"https:\/\/imais.online\/portal\/indaiatuba-e-contemplada-com-selo-caixa-de-gestao-sustentavel\/","title":{"rendered":"Indaiatuba \u00e9 contemplada com Selo Caixa de Gest\u00e3o Sustent\u00e1vel"},"content":{"rendered":"<div class=\"imais-before-content-placement\" id=\"imais-1319978967\"><script async src=\"\/\/pagead2.googlesyndication.com\/pagead\/js\/adsbygoogle.js?client=ca-pub-8787528412751566\" crossorigin=\"anonymous\"><\/script><ins class=\"adsbygoogle\" style=\"display:block;\" data-ad-client=\"ca-pub-8787528412751566\" \ndata-ad-slot=\"\" \ndata-ad-format=\"auto\"><\/ins>\n<script> \n(adsbygoogle = window.adsbygoogle || []).push({}); \n<\/script>\n<\/div>\n<p><em><small>Objetivo \u00e9 reconhecer os munic\u00edpios que aplicam as melhores pr\u00e1ticas de governan\u00e7a e sustentabilidade na gest\u00e3o p\u00fablica local<\/small><\/em><\/p>\n\n\n\n<p>Indaiatuba \u00e9 contemplada com Selo Caixa de Gest\u00e3o Sustent\u00e1vel.&nbsp;O reconhecimento criado pela CAIXA \u00e9 concedido aos munic\u00edpios que aplicam as melhores pr\u00e1ticas de governan\u00e7a e sustentabilidade na gest\u00e3o p\u00fablica local. O Selo tem validade de dois anos e a ades\u00e3o pelo munic\u00edpio \u00e9 volunt\u00e1ria. A iniciativa avalia 21&nbsp;indicadores, classificados sob quatro aspectos: Ambiental, Social, Governan\u00e7a e Clim\u00e1tico.<\/p>\n\n\n\n<p>Na ter\u00e7a-feira (14) o prefeito de Indaiatuba, Nilson Gaspar (MDB), recebeu em seu Gabinete representantes da CAIXA, que entregaram o Selo Caixa de Gest\u00e3o Sustent\u00e1vel. Com o certificado, o munic\u00edpio tem acesso a condi\u00e7\u00f5es diferenciadas na contrata\u00e7\u00e3o de servi\u00e7os e de produtos junto \u00e0 CAIXA.&nbsp;O objetivo \u00e9 apoiar os munic\u00edpios a alcan\u00e7arem as metas da Agenda 2030 das Na\u00e7\u00f5es Unidas por meio da implementa\u00e7\u00e3o dos Objetivos do Desenvolvimento Sustent\u00e1vel \u2013 ODS com a\u00e7\u00f5es de combate \u00e0 pobreza, prote\u00e7\u00e3o do meio ambiente e do clima, e garantir que as pessoas, em todos os lugares, possam desfrutar de paz e de prosperidade.<\/p>\n\n\n\n<p>O prefeito Nilson Gaspar destacou mais esta conquista para o munic\u00edpio. \u201c\u00c9 com imenso orgulho que compartilho mais um reconhecimento alcan\u00e7ado para nossa Indaiatuba. O Selo Caixa de Gest\u00e3o Sustent\u00e1vel evidencia o compromisso cont\u00ednuo da administra\u00e7\u00e3o de nosso grupo pol\u00edtico com a sustentabilidade e o cuidado com o meio ambiente. O selo n\u00e3o \u00e9 apenas um reconhecimento do trabalho \u00e1rduo de nossa equipe, mas tamb\u00e9m do apoio de todos indaiatubanos. Juntos, estamos construindo um futuro mais sustent\u00e1vel para as gera\u00e7\u00f5es futuras\u201d, discorreu Gaspar.<\/p>\n\n\n\n<p>Participaram da entrega do Selo Caixa de Gest\u00e3o Sustent\u00e1vel\u00a0 Luiz Henrique Furlan, secret\u00e1rio de Administra\u00e7\u00e3o de Indaiatuba; Marcelo Pigatto, analista t\u00e9cnico administrativo; Cristiano Boaventura de Medeiros &#8211; Diretor da Vice-presid\u00eancia de Governo da CAIXA; Celso Eduardo Moreno Nucci &#8211; Gerente de Filial &#8211; Ger\u00eancia Executiva de Governo Campinas; Fl\u00e1vio Augusto Cajuella da Silva &#8211; Supervisor de Filial &#8211; Ger\u00eancia Executiva de Governo Campinas; Jos\u00e9 Luiz Pavanelli &#8211; Superintendente &#8211; Superintend\u00eancia Regional Campinas; F\u00e1bio Estevam Vieira &#8211; Superintendente Executivo Governo &#8211; Superintend\u00eancia Regional Campinas.<\/p>\n\n\n\n<p class=\"has-small-font-size\"><strong>#PraTodosVerem:\u00a0<\/strong>A imagem mostra o prefeito Nilson Gaspar de camisa de manga longa cinza escuro, cal\u00e7a jeans, segurando uma caixa de veludo preto, com o Selo Caixa de Gest\u00e3o Sustent\u00e1vel impresso em uma placa de alum\u00ednio. Dos dois lados est\u00e3o dois representantes da Secretaria de Administra\u00e7\u00e3o de Indaiatuba e cinco da CAIXA.<\/p>\n","protected":false},"excerpt":{"rendered":"<p>Objetivo \u00e9 reconhecer os munic\u00edpios que aplicam as melhores pr\u00e1ticas de governan\u00e7a e sustentabilidade na gest\u00e3o p\u00fablica local Indaiatuba \u00e9 contemplada com Selo Caixa de Gest\u00e3o Sustent\u00e1vel.&nbsp;O reconhecimento criado pela CAIXA \u00e9 concedido aos munic\u00edpios que aplicam as melhores pr\u00e1ticas de governan\u00e7a e sustentabilidade na gest\u00e3o p\u00fablica local. O Selo tem validade de dois anos [&hellip;]<\/p>\n","protected":false},"author":8,"featured_media":22891,"comment_status":"closed","ping_status":"open","sticky":false,"template":"","format":"standard","meta":{"rop_custom_images_group":[],"rop_custom_messages_group":[],"rop_publish_now":"initial","rop_publish_now_accounts":[],"rop_publish_now_history":[],"rop_publish_now_status":"pending","footnotes":""},"categories":[188],"tags":[73],"class_list":["post-22890","post","type-post","status-publish","format-standard","has-post-thumbnail","hentry","category-indaiatuba","tag-featured"],"amp_enabled":true,"_links":{"self":[{"href":"https:\/\/imais.online\/portal\/wp-json\/wp\/v2\/posts\/22890","targetHints":{"allow":["GET"]}}],"collection":[{"href":"https:\/\/imais.online\/portal\/wp-json\/wp\/v2\/posts"}],"about":[{"href":"https:\/\/imais.online\/portal\/wp-json\/wp\/v2\/types\/post"}],"author":[{"embeddable":true,"href":"https:\/\/imais.online\/portal\/wp-json\/wp\/v2\/users\/8"}],"replies":[{"embeddable":true,"href":"https:\/\/imais.online\/portal\/wp-json\/wp\/v2\/comments?post=22890"}],"version-history":[{"count":1,"href":"https:\/\/imais.online\/portal\/wp-json\/wp\/v2\/posts\/22890\/revisions"}],"predecessor-version":[{"id":22892,"href":"https:\/\/imais.online\/portal\/wp-json\/wp\/v2\/posts\/22890\/revisions\/22892"}],"wp:featuredmedia":[{"embeddable":true,"href":"https:\/\/imais.online\/portal\/wp-json\/wp\/v2\/media\/22891"}],"wp:attachment":[{"href":"https:\/\/imais.online\/portal\/wp-json\/wp\/v2\/media?parent=22890"}],"wp:term":[{"taxonomy":"category","embeddable":true,"href":"https:\/\/imais.online\/portal\/wp-json\/wp\/v2\/categories?post=22890"},{"taxonomy":"post_tag","embeddable":true,"href":"https:\/\/imais.online\/portal\/wp-json\/wp\/v2\/tags?post=22890"}],"curies":[{"name":"wp","href":"https:\/\/api.w.org\/{rel}","templated":true}]}}