{"id":22903,"date":"2024-05-17T11:38:31","date_gmt":"2024-05-17T14:38:31","guid":{"rendered":"https:\/\/imais.online\/portal\/?p=22903"},"modified":"2024-05-17T11:38:32","modified_gmt":"2024-05-17T14:38:32","slug":"pat-realiza-o-projeto-temporario-vagas-na-praca-a-partir-do-dia-10-de-junho","status":"publish","type":"post","link":"https:\/\/imais.online\/portal\/pat-realiza-o-projeto-temporario-vagas-na-praca-a-partir-do-dia-10-de-junho\/","title":{"rendered":"PAT realiza o projeto tempor\u00e1rio &#8220;Vagas na Pra\u00e7a&#8221; a partir do dia 10 de junho"},"content":{"rendered":"<div class=\"imais-before-content-placement\" id=\"imais-3689861045\"><script async src=\"\/\/pagead2.googlesyndication.com\/pagead\/js\/adsbygoogle.js?client=ca-pub-8787528412751566\" crossorigin=\"anonymous\"><\/script><ins class=\"adsbygoogle\" style=\"display:block;\" data-ad-client=\"ca-pub-8787528412751566\" \ndata-ad-slot=\"\" \ndata-ad-format=\"auto\"><\/ins>\n<script> \n(adsbygoogle = window.adsbygoogle || []).push({}); \n<\/script>\n<\/div>\n<p><em><small>Cronograma conta com seis datas confirmadas para a realiza\u00e7\u00e3o da a\u00e7\u00e3o<\/small><\/em><\/p>\n\n\n\n<p>A Secretaria de Governo lan\u00e7a projeto tempor\u00e1rio \u201cVagas na Pra\u00e7a\u201d que visa disponibilizar dois agentes do Posto de Atendimento ao Trabalhador (PAT) no terminal de \u00f4nibus localizado na Pra\u00e7a Dom Pedro. A a\u00e7\u00e3o acontece nos dias 10 de junho, 15 de julho, 19 de agosto, 23 de setembro, 21 de outubro e 25 de novembro, \u00e0s segundas-feiras, das 8h \u00e0s 10h. A finalidade \u00e9 oferecer intermedia\u00e7\u00e3o de m\u00e3o de obra (IMO).<\/p>\n\n\n\n<p>O projeto tem o intuito de abordar as pessoas para entender se est\u00e3o empregadas ou se possuem interesse em alguma vaga dispon\u00edvel, bem como, entender o que as pessoas procuram quando v\u00e3o procurar um emprego. Atrav\u00e9s desta a\u00e7\u00e3o ser\u00e1 poss\u00edvel realizar uma an\u00e1lise de mercado e inovar, junto com as empresas empregadoras, a fim de oferecer melhores benef\u00edcios e adequar \u00e0s poss\u00edveis, expectativas.<\/p>\n\n\n\n<p><strong>Servi\u00e7o<\/strong><\/p>\n\n\n\n<p>10\/06<\/p>\n\n\n\n<p>15\/07<\/p>\n\n\n\n<p>19\/08<\/p>\n\n\n\n<p>23\/09<\/p>\n\n\n\n<p>21\/10<\/p>\n\n\n\n<p>25\/11<\/p>\n\n\n\n<p><strong>Local:<\/strong>&nbsp;Pra\u00e7a Dom Pedro<\/p>\n\n\n\n<p><strong>Hor\u00e1rio:&nbsp;<\/strong>8h \u00e0s 10h.<\/p>\n\n\n\n<p><strong>Informa\u00e7\u00f5es:&nbsp;<\/strong>(19)3816-9252<\/p>\n\n\n\n<p class=\"has-small-font-size\"><strong><strong>#PraTodosVerem:\u00a0<\/strong>Na arte consta a ilustra\u00e7\u00e3o de uma <\/strong>pra\u00e7a<strong>, uma rodovia sinuosa e uma m\u00e3o segurando uma carteira de trabalho. Fim da descri\u00e7\u00e3o.<\/strong><\/p>\n\n\n\n<p><\/p>\n","protected":false},"excerpt":{"rendered":"<p>Cronograma conta com seis datas confirmadas para a realiza\u00e7\u00e3o da a\u00e7\u00e3o A Secretaria de Governo lan\u00e7a projeto tempor\u00e1rio \u201cVagas na Pra\u00e7a\u201d que visa disponibilizar dois agentes do Posto de Atendimento ao Trabalhador (PAT) no terminal de \u00f4nibus localizado na Pra\u00e7a Dom Pedro. A a\u00e7\u00e3o acontece nos dias 10 de junho, 15 de julho, 19 de [&hellip;]<\/p>\n","protected":false},"author":8,"featured_media":22904,"comment_status":"closed","ping_status":"open","sticky":false,"template":"","format":"standard","meta":{"rop_custom_images_group":[],"rop_custom_messages_group":[],"rop_publish_now":"initial","rop_publish_now_accounts":[],"rop_publish_now_history":[],"rop_publish_now_status":"pending","footnotes":""},"categories":[188],"tags":[],"class_list":["post-22903","post","type-post","status-publish","format-standard","has-post-thumbnail","hentry","category-indaiatuba"],"amp_enabled":true,"_links":{"self":[{"href":"https:\/\/imais.online\/portal\/wp-json\/wp\/v2\/posts\/22903","targetHints":{"allow":["GET"]}}],"collection":[{"href":"https:\/\/imais.online\/portal\/wp-json\/wp\/v2\/posts"}],"about":[{"href":"https:\/\/imais.online\/portal\/wp-json\/wp\/v2\/types\/post"}],"author":[{"embeddable":true,"href":"https:\/\/imais.online\/portal\/wp-json\/wp\/v2\/users\/8"}],"replies":[{"embeddable":true,"href":"https:\/\/imais.online\/portal\/wp-json\/wp\/v2\/comments?post=22903"}],"version-history":[{"count":1,"href":"https:\/\/imais.online\/portal\/wp-json\/wp\/v2\/posts\/22903\/revisions"}],"predecessor-version":[{"id":22905,"href":"https:\/\/imais.online\/portal\/wp-json\/wp\/v2\/posts\/22903\/revisions\/22905"}],"wp:featuredmedia":[{"embeddable":true,"href":"https:\/\/imais.online\/portal\/wp-json\/wp\/v2\/media\/22904"}],"wp:attachment":[{"href":"https:\/\/imais.online\/portal\/wp-json\/wp\/v2\/media?parent=22903"}],"wp:term":[{"taxonomy":"category","embeddable":true,"href":"https:\/\/imais.online\/portal\/wp-json\/wp\/v2\/categories?post=22903"},{"taxonomy":"post_tag","embeddable":true,"href":"https:\/\/imais.online\/portal\/wp-json\/wp\/v2\/tags?post=22903"}],"curies":[{"name":"wp","href":"https:\/\/api.w.org\/{rel}","templated":true}]}}