{"id":22913,"date":"2024-05-20T09:31:47","date_gmt":"2024-05-20T12:31:47","guid":{"rendered":"https:\/\/imais.online\/portal\/?p=22913"},"modified":"2024-05-20T09:31:48","modified_gmt":"2024-05-20T12:31:48","slug":"saiba-o-que-a-cor-diz-sobre-o-meteoro-que-iluminou-os-ceus-de-portugal","status":"publish","type":"post","link":"https:\/\/imais.online\/portal\/saiba-o-que-a-cor-diz-sobre-o-meteoro-que-iluminou-os-ceus-de-portugal\/","title":{"rendered":"Saiba o que a cor diz sobre o meteoro que iluminou os c\u00e9us de Portugal"},"content":{"rendered":"<div class=\"imais-before-content-placement\" id=\"imais-4121361477\"><script async src=\"\/\/pagead2.googlesyndication.com\/pagead\/js\/adsbygoogle.js?client=ca-pub-8787528412751566\" crossorigin=\"anonymous\"><\/script><ins class=\"adsbygoogle\" style=\"display:block;\" data-ad-client=\"ca-pub-8787528412751566\" \ndata-ad-slot=\"\" \ndata-ad-format=\"auto\"><\/ins>\n<script> \n(adsbygoogle = window.adsbygoogle || []).push({}); \n<\/script>\n<\/div>\n<h2 class=\"wp-block-heading\">A cor destas bolas de fogo \u00e9 uma pista valiosa para os astr\u00f4nomos saberem mais sobre estes corpos celestes<\/h2>\n\n\n\n<p><strong>A<\/strong> noite de s\u00e1bado (18) ficou marcada pela passagem de um meteoro pelos c\u00e9us de Portugal &#8211; um fen\u00f4meno que iluminou o c\u00e9u noturno e surpreendeu todos os que o presenciaram.<\/p>\n\n\n\n<p>Os v\u00eddeos sobre a passagem desta \u2018bola de fogo\u2019 foram compartilhados durante o resto do fim de semana e, entre os detalhes que mais despertaram a curiosidade dos internautas, est\u00e1 a cor composta por uma mistura de verde e azul.<\/p>\n\n\n\n<p>Segundo o site &#8216;Space.com&#8217;, este detalhe est\u00e1 diretamente ligado \u00e0 composi\u00e7\u00e3o desta \u2018bola de fogo\u2019, mais precisamente \u00e0 composi\u00e7\u00e3o qu\u00edmica. Neste caso, tratando-se de verde e azul, assume-se que a bola de fogo \u00e9 composta por magn\u00e9sio, o qual arde na entrada da atmosfera da Terra com esta tonalidade.<\/p>\n\n\n\n<p>Vale lembrar que \u00e9 extremamente improv\u00e1vel que a \u2018bola de fogo\u2019 tenha sobrevivido \u00e0 entrada na atmosfera da Terra e acredita-se que se teria se desintegrado a uma altura de 54 km j\u00e1 sobre o Oceano Atl\u00e2ntico.<\/p>\n\n\n\n<p>Fonte Noticias ao Minuto <\/p>\n","protected":false},"excerpt":{"rendered":"<p>A cor destas bolas de fogo \u00e9 uma pista valiosa para os astr\u00f4nomos saberem mais sobre estes corpos celestes A noite de s\u00e1bado (18) ficou marcada pela passagem de um meteoro pelos c\u00e9us de Portugal &#8211; um fen\u00f4meno que iluminou o c\u00e9u noturno e surpreendeu todos os que o presenciaram. Os v\u00eddeos sobre a passagem [&hellip;]<\/p>\n","protected":false},"author":8,"featured_media":22914,"comment_status":"closed","ping_status":"open","sticky":false,"template":"","format":"standard","meta":{"rop_custom_images_group":[],"rop_custom_messages_group":[],"rop_publish_now":"initial","rop_publish_now_accounts":[],"rop_publish_now_history":[],"rop_publish_now_status":"pending","footnotes":""},"categories":[212],"tags":[],"class_list":["post-22913","post","type-post","status-publish","format-standard","has-post-thumbnail","hentry","category-internacional"],"amp_enabled":true,"_links":{"self":[{"href":"https:\/\/imais.online\/portal\/wp-json\/wp\/v2\/posts\/22913","targetHints":{"allow":["GET"]}}],"collection":[{"href":"https:\/\/imais.online\/portal\/wp-json\/wp\/v2\/posts"}],"about":[{"href":"https:\/\/imais.online\/portal\/wp-json\/wp\/v2\/types\/post"}],"author":[{"embeddable":true,"href":"https:\/\/imais.online\/portal\/wp-json\/wp\/v2\/users\/8"}],"replies":[{"embeddable":true,"href":"https:\/\/imais.online\/portal\/wp-json\/wp\/v2\/comments?post=22913"}],"version-history":[{"count":1,"href":"https:\/\/imais.online\/portal\/wp-json\/wp\/v2\/posts\/22913\/revisions"}],"predecessor-version":[{"id":22915,"href":"https:\/\/imais.online\/portal\/wp-json\/wp\/v2\/posts\/22913\/revisions\/22915"}],"wp:featuredmedia":[{"embeddable":true,"href":"https:\/\/imais.online\/portal\/wp-json\/wp\/v2\/media\/22914"}],"wp:attachment":[{"href":"https:\/\/imais.online\/portal\/wp-json\/wp\/v2\/media?parent=22913"}],"wp:term":[{"taxonomy":"category","embeddable":true,"href":"https:\/\/imais.online\/portal\/wp-json\/wp\/v2\/categories?post=22913"},{"taxonomy":"post_tag","embeddable":true,"href":"https:\/\/imais.online\/portal\/wp-json\/wp\/v2\/tags?post=22913"}],"curies":[{"name":"wp","href":"https:\/\/api.w.org\/{rel}","templated":true}]}}