{"id":22916,"date":"2024-05-20T09:34:41","date_gmt":"2024-05-20T12:34:41","guid":{"rendered":"https:\/\/imais.online\/portal\/?p=22916"},"modified":"2024-05-20T09:34:41","modified_gmt":"2024-05-20T12:34:41","slug":"secretaria-de-cultura-divulga-mudanca-de-locais-que-ocorrera-a-escuta-publica","status":"publish","type":"post","link":"https:\/\/imais.online\/portal\/secretaria-de-cultura-divulga-mudanca-de-locais-que-ocorrera-a-escuta-publica\/","title":{"rendered":"Secretaria de Cultura divulga mudan\u00e7a de locais que ocorrer\u00e1 a Escuta Publica"},"content":{"rendered":"<div class=\"imais-before-content-placement\" id=\"imais-2593339671\"><script async src=\"\/\/pagead2.googlesyndication.com\/pagead\/js\/adsbygoogle.js?client=ca-pub-8787528412751566\" crossorigin=\"anonymous\"><\/script><ins class=\"adsbygoogle\" style=\"display:block;\" data-ad-client=\"ca-pub-8787528412751566\" \ndata-ad-slot=\"\" \ndata-ad-format=\"auto\"><\/ins>\n<script> \n(adsbygoogle = window.adsbygoogle || []).push({}); \n<\/script>\n<\/div>\n<p><em><small>Escuta acontece de forma on-line e presencial<\/small><\/em><\/p>\n\n\n\n<h3 class=\"wp-block-heading\">A Secretaria de Cultura, realiza nos dias 20 e 22 de maio, \u00e0s 18h30, a Escuta P\u00fablica referente ao Plano Anual de Aplica\u00e7\u00e3o de Recursos da LEI Aldir Blanc (PAAR). \u00c9 destinada aos membros do \u00a0Conselho Municipal de Pol\u00edtica Cultural (Comcult), Conselho Municipal de Preserva\u00e7\u00e3o e Patrim\u00f4nio, Conselho Municipal de Turismo, artistas, produtores culturais e a sociedade civil \u00a0que tiverem interesse em participar. Os interessados podem participar de maneira presencial ou pelo\u00a0<a rel=\"noreferrer noopener\" href=\"https:\/\/cultura.indaiatuba.sp.gov.br\/\" target=\"_blank\">link<\/a>.\u00a0<\/h3>\n\n\n\n<h3 class=\"wp-block-heading\">O evento acontece em dois locais, na segunda-feira (20) acontecer\u00e1 no Centro Cultural Aydil Pinesi\u00a0 Bonachella e na quarta-feira (22) ser\u00e1 realizada o no Audit\u00f3rio da Prefeitura.A Escuta P\u00fablica tem como objetivo central ouvir as demandas, sugest\u00f5es e necessidades dos artistas, produtores culturais e membros da sociedade civil criando um espa\u00e7o para debate e contribui\u00e7\u00f5es da comunidade, acolhimento de sugest\u00f5es.<\/h3>\n\n\n\n<h3 class=\"wp-block-heading\"><strong>Cronograma<\/strong><\/h3>\n\n\n\n<h3 class=\"wp-block-heading\">Abertura, apresenta\u00e7\u00e3o da legisla\u00e7\u00e3o e do contexto da Pol\u00edtica Nacional Aldir Blanc;<\/h3>\n\n\n\n<h3 class=\"wp-block-heading\">Apresenta\u00e7\u00e3o das a\u00e7\u00f5es propostas no PAAR;<\/h3>\n\n\n\n<h3 class=\"wp-block-heading\">Espa\u00e7o para debate e contribui\u00e7\u00f5es da comunidade, acolhimento de sugest\u00f5es,explana\u00e7\u00e3o das opini\u00f5es.<\/h3>\n\n\n\n<h3 class=\"wp-block-heading\">Reda\u00e7\u00e3o da ATA.<\/h3>\n\n\n\n<h3 class=\"wp-block-heading\">Sobre a Lei Aldir Blanc<\/h3>\n\n\n\n<h3 class=\"wp-block-heading\">A LEI Aldir Blanc \u00e9 um marco fundamental no apoio \u00e0s pessoas que trabalham com cultura. Por isso, a \u00a0Secretaria Municipal de Cultura convida os artistas e a sociedade civil para participarem de uma escuta fundamental voltada ao Plano Anual de Aplica\u00e7\u00e3o de Recursos (PAAR).<\/h3>\n\n\n\n<h3 class=\"wp-block-heading\"><strong>Servi\u00e7oEscuta P\u00fablicaData:<\/strong>\u00a020 e 22 de maio.<\/h3>\n\n\n\n<h3 class=\"wp-block-heading\"><strong>Hor\u00e1rio:<\/strong>\u00a018h30.<strong>Presencial:<\/strong>\u00a0\u00a020\/05 -Centro de Conven\u00e7\u00f5es Aydil Bonachella- R. das Primaveras, 210 &#8211; Jardim Pompeia.<\/h3>\n\n\n\n<h3 class=\"wp-block-heading\"><strong>Presencial:<\/strong>\u00a0\u00a022\/05 \u2013 Audit\u00f3rio da Prefeitura \u2013 Av, Eng. F\u00e1bio Roberto Barnab\u00e9, 2.800.<\/h3>\n\n\n\n<h3 class=\"wp-block-heading\"><strong>On-line:<\/strong>\u00a0O link da reuni\u00e3o ser\u00e1 disponibilizado no\u00a0<a rel=\"noreferrer noopener\" href=\"https:\/\/cultura.indaiatuba.sp.gov.br\/\" target=\"_blank\">site<\/a>.<\/h3>\n","protected":false},"excerpt":{"rendered":"<p>Escuta acontece de forma on-line e presencial A Secretaria de Cultura, realiza nos dias 20 e 22 de maio, \u00e0s 18h30, a Escuta P\u00fablica referente ao Plano Anual de Aplica\u00e7\u00e3o de Recursos da LEI Aldir Blanc (PAAR). \u00c9 destinada aos membros do \u00a0Conselho Municipal de Pol\u00edtica Cultural (Comcult), Conselho Municipal de Preserva\u00e7\u00e3o e Patrim\u00f4nio, Conselho [&hellip;]<\/p>\n","protected":false},"author":8,"featured_media":22917,"comment_status":"closed","ping_status":"open","sticky":false,"template":"","format":"standard","meta":{"rop_custom_images_group":[],"rop_custom_messages_group":[],"rop_publish_now":"initial","rop_publish_now_accounts":[],"rop_publish_now_history":[],"rop_publish_now_status":"pending","footnotes":""},"categories":[188],"tags":[],"class_list":["post-22916","post","type-post","status-publish","format-standard","has-post-thumbnail","hentry","category-indaiatuba"],"amp_enabled":true,"_links":{"self":[{"href":"https:\/\/imais.online\/portal\/wp-json\/wp\/v2\/posts\/22916","targetHints":{"allow":["GET"]}}],"collection":[{"href":"https:\/\/imais.online\/portal\/wp-json\/wp\/v2\/posts"}],"about":[{"href":"https:\/\/imais.online\/portal\/wp-json\/wp\/v2\/types\/post"}],"author":[{"embeddable":true,"href":"https:\/\/imais.online\/portal\/wp-json\/wp\/v2\/users\/8"}],"replies":[{"embeddable":true,"href":"https:\/\/imais.online\/portal\/wp-json\/wp\/v2\/comments?post=22916"}],"version-history":[{"count":1,"href":"https:\/\/imais.online\/portal\/wp-json\/wp\/v2\/posts\/22916\/revisions"}],"predecessor-version":[{"id":22918,"href":"https:\/\/imais.online\/portal\/wp-json\/wp\/v2\/posts\/22916\/revisions\/22918"}],"wp:featuredmedia":[{"embeddable":true,"href":"https:\/\/imais.online\/portal\/wp-json\/wp\/v2\/media\/22917"}],"wp:attachment":[{"href":"https:\/\/imais.online\/portal\/wp-json\/wp\/v2\/media?parent=22916"}],"wp:term":[{"taxonomy":"category","embeddable":true,"href":"https:\/\/imais.online\/portal\/wp-json\/wp\/v2\/categories?post=22916"},{"taxonomy":"post_tag","embeddable":true,"href":"https:\/\/imais.online\/portal\/wp-json\/wp\/v2\/tags?post=22916"}],"curies":[{"name":"wp","href":"https:\/\/api.w.org\/{rel}","templated":true}]}}