{"id":22940,"date":"2024-05-21T09:48:38","date_gmt":"2024-05-21T12:48:38","guid":{"rendered":"https:\/\/imais.online\/portal\/?p=22940"},"modified":"2024-05-21T09:48:39","modified_gmt":"2024-05-21T12:48:39","slug":"feira-de-organicos-de-indaiatuba-passa-a-funcionar-as-quartas-feiras-a-partir-de-05-de-junho","status":"publish","type":"post","link":"https:\/\/imais.online\/portal\/feira-de-organicos-de-indaiatuba-passa-a-funcionar-as-quartas-feiras-a-partir-de-05-de-junho\/","title":{"rendered":"Feira de Org\u00e2nicos de Indaiatuba passa a funcionar \u00e0s quartas-feiras a partir de 05 de junho"},"content":{"rendered":"<div class=\"imais-before-content-placement\" id=\"imais-474423603\"><script async src=\"\/\/pagead2.googlesyndication.com\/pagead\/js\/adsbygoogle.js?client=ca-pub-8787528412751566\" crossorigin=\"anonymous\"><\/script><ins class=\"adsbygoogle\" style=\"display:block;\" data-ad-client=\"ca-pub-8787528412751566\" \ndata-ad-slot=\"\" \ndata-ad-format=\"auto\"><\/ins>\n<script> \n(adsbygoogle = window.adsbygoogle || []).push({}); \n<\/script>\n<\/div>\n<p><em><small>Com a novidade, mun\u00edcipes poder\u00e3o fazer as compras nas manh\u00e3s de s\u00e1bado e nas noites de quarta-feira<\/small><\/em><\/p>\n\n\n\n<p>A Prefeitura de Indaiatuba informa que a partir do dia 05 de junho, a Feira de Org\u00e2nicos de Indaiatuba tamb\u00e9m funcionar\u00e1 \u00e0s quartas-feiras, das 17h \u00e0s 21h. Aos s\u00e1bados, a feira continuar\u00e1 acontecendo no per\u00edodo da manh\u00e3, das 6h \u00e0s 12h. Com a novidade, os mun\u00edcipes que gostam de consumir produtos org\u00e2nicos fresquinhos ter\u00e3o dois dias da semana para fazer as compras. O local da feira \u00e9 rua Ana Nunes da Rocha, em frente ao estacionamento do Parque Ecol\u00f3gico \u2013 Marginal Esquerda.<\/p>\n\n\n\n<p>No espa\u00e7o s\u00e3o comercializados v\u00e1rios tipos de mercadorias org\u00e2nicas, principalmente frutas e verduras, produzidas de maneira natural, sem o uso de agrot\u00f3xicos.<\/p>\n\n\n\n<p>A Feira de Org\u00e2nicos acontece em Indaiatuba desde fevereiro de 2021, quando a Prefeitura disponibilizou um espa\u00e7o fixo para que produtores rurais da cidade pudessem comercializar suas mercadorias org\u00e2nicas, no mesmo formato de uma feira livre. A proposta da Administra\u00e7\u00e3o Municipal \u00e9 incentivar a produ\u00e7\u00e3o rural do munic\u00edpio e contribuir com a agricultura familiar.<\/p>\n\n\n\n<p>Os expositores precisam ser certificados e estar devidamente cadastrados na Prefeitura. Para expor e comercializar no espa\u00e7o, os produtores rurais devem ter produ\u00e7\u00e3o estabelecida em Indaiatuba e certificado de Produtor Org\u00e2nico, com selo obtido junto ao Minist\u00e9rio da Agricultura.<\/p>\n\n\n\n<p>Os interessados podem abrir um processo no setor de Protocolo da Prefeitura de Indaiatuba, localizada na avenida Engenheiro F\u00e1bio Roberto Barnab\u00e9, n\u00famero 2.800, das 8h \u00e0s 17h. Mais informa\u00e7\u00f5es podem ser obtidas pelo telefone (019) 3834-9398.<\/p>\n\n\n\n<p><strong>Servi\u00e7o<\/strong><\/p>\n\n\n\n<p>Feira de Org\u00e2nicos de Indaiatuba<\/p>\n\n\n\n<p>Hor\u00e1rio: s\u00e1bados, das 6h \u00e0s 12h; quarta-feira (somente a partir do dia 05\/06), das 17h \u00e0s 21h.<\/p>\n\n\n\n<p>Local: rua Ana Nunes da Rocha (em frente ao estacionamento do Parque Ecol\u00f3gico \u2013 Marginal Esquerda)<\/p>\n\n\n\n<p class=\"has-small-font-size\"><strong>#PraTodosVerem:\u00a0<\/strong>do lado esquerdo da foto est\u00e3o enfileiradas as barracas de madeira com cobertura verde, com produtos expostos. Tamb\u00e9m \u00e0 esquerda, est\u00e3o algumas \u00e1rvores na cal\u00e7ada, atr\u00e1s das barracas. Na divis\u00e3o das duas faixas de rolamento, cavaletes na cor laranja e branco protegem as barracas. Do lado direito, carros est\u00e3o estacionados, mais \u00e1rvores e c\u00e9u azul. Fim da descri\u00e7\u00e3o.<\/p>\n","protected":false},"excerpt":{"rendered":"<p>Com a novidade, mun\u00edcipes poder\u00e3o fazer as compras nas manh\u00e3s de s\u00e1bado e nas noites de quarta-feira A Prefeitura de Indaiatuba informa que a partir do dia 05 de junho, a Feira de Org\u00e2nicos de Indaiatuba tamb\u00e9m funcionar\u00e1 \u00e0s quartas-feiras, das 17h \u00e0s 21h. Aos s\u00e1bados, a feira continuar\u00e1 acontecendo no per\u00edodo da manh\u00e3, das [&hellip;]<\/p>\n","protected":false},"author":8,"featured_media":22941,"comment_status":"closed","ping_status":"open","sticky":false,"template":"","format":"standard","meta":{"rop_custom_images_group":[],"rop_custom_messages_group":[],"rop_publish_now":"initial","rop_publish_now_accounts":[],"rop_publish_now_history":[],"rop_publish_now_status":"pending","footnotes":""},"categories":[188],"tags":[],"class_list":["post-22940","post","type-post","status-publish","format-standard","has-post-thumbnail","hentry","category-indaiatuba"],"amp_enabled":true,"_links":{"self":[{"href":"https:\/\/imais.online\/portal\/wp-json\/wp\/v2\/posts\/22940","targetHints":{"allow":["GET"]}}],"collection":[{"href":"https:\/\/imais.online\/portal\/wp-json\/wp\/v2\/posts"}],"about":[{"href":"https:\/\/imais.online\/portal\/wp-json\/wp\/v2\/types\/post"}],"author":[{"embeddable":true,"href":"https:\/\/imais.online\/portal\/wp-json\/wp\/v2\/users\/8"}],"replies":[{"embeddable":true,"href":"https:\/\/imais.online\/portal\/wp-json\/wp\/v2\/comments?post=22940"}],"version-history":[{"count":1,"href":"https:\/\/imais.online\/portal\/wp-json\/wp\/v2\/posts\/22940\/revisions"}],"predecessor-version":[{"id":22942,"href":"https:\/\/imais.online\/portal\/wp-json\/wp\/v2\/posts\/22940\/revisions\/22942"}],"wp:featuredmedia":[{"embeddable":true,"href":"https:\/\/imais.online\/portal\/wp-json\/wp\/v2\/media\/22941"}],"wp:attachment":[{"href":"https:\/\/imais.online\/portal\/wp-json\/wp\/v2\/media?parent=22940"}],"wp:term":[{"taxonomy":"category","embeddable":true,"href":"https:\/\/imais.online\/portal\/wp-json\/wp\/v2\/categories?post=22940"},{"taxonomy":"post_tag","embeddable":true,"href":"https:\/\/imais.online\/portal\/wp-json\/wp\/v2\/tags?post=22940"}],"curies":[{"name":"wp","href":"https:\/\/api.w.org\/{rel}","templated":true}]}}