{"id":22967,"date":"2024-05-23T11:03:07","date_gmt":"2024-05-23T14:03:07","guid":{"rendered":"https:\/\/imais.online\/portal\/?p=22967"},"modified":"2024-05-23T11:03:07","modified_gmt":"2024-05-23T14:03:07","slug":"indaiatuba-participa-da-30a-edicao-do-dia-do-desafio","status":"publish","type":"post","link":"https:\/\/imais.online\/portal\/indaiatuba-participa-da-30a-edicao-do-dia-do-desafio\/","title":{"rendered":"Indaiatuba participa da 30\u00aa edi\u00e7\u00e3o do Dia do Desafio"},"content":{"rendered":"<div class=\"imais-before-content-placement\" id=\"imais-3337846561\"><script async src=\"\/\/pagead2.googlesyndication.com\/pagead\/js\/adsbygoogle.js?client=ca-pub-8787528412751566\" crossorigin=\"anonymous\"><\/script><ins class=\"adsbygoogle\" style=\"display:block;\" data-ad-client=\"ca-pub-8787528412751566\" \ndata-ad-slot=\"\" \ndata-ad-format=\"auto\"><\/ins>\n<script> \n(adsbygoogle = window.adsbygoogle || []).push({}); \n<\/script>\n<\/div>\n<p><em><small>Campanha mundial de incentivo \u00e0 pr\u00e1tica de esportes e atividades f\u00edsicas, acontece na quarta-feira, 29 de maio<\/small><\/em><\/p>\n\n\n\n<p>Mais uma vez a cidade de Indaiatuba participar\u00e1 do Dia do Desafio. A 30\u00aa edi\u00e7\u00e3o da campanha mundial de incentivo \u00e0 pr\u00e1tica de esportes e atividades f\u00edsicas, acontece na quarta-feira, 29 de maio. A a\u00e7\u00e3o \u00e9 uma iniciativa global da&nbsp;TAFISA (The Association For International Sport for All),&nbsp;com apoio institucional da ISCA (International Sport and Culture Association), da UNESCO (Organiza\u00e7\u00e3o das Na\u00e7\u00f5es Unidas para a Educa\u00e7\u00e3o, a Ci\u00eancia e a Cultura) e a coordena\u00e7\u00e3o do Sesc S\u00e3o Paulo no continente americano.&nbsp;O evento n\u00e3o contar\u00e1 com a competi\u00e7\u00e3o amistosa entre cidades, mas segue mobilizando os munic\u00edpios para colocar seus cidad\u00e3os em movimento.<\/p>\n\n\n\n<p>A Prefeitura de Indaiatuba, por meio da Secretaria Municipal de Esportes, mobilizar\u00e1 os alunos dos projetos educacionais, de lazer e competitivos, al\u00e9m de buscar o engajamento da popula\u00e7\u00e3o. \u201cIndaiatuba tem tradi\u00e7\u00e3o em participa\u00e7\u00e3o no Dia do Desafio e estamos muito empolgados em continuar nossa hist\u00f3ria em 2024. A campanha busca sensibilizar e unir todas as esferas a desenvolverem projetos comunit\u00e1rios com foco nos esportes, atividades f\u00edsicas e mobilidade urbana. Este ano, nossos alunos que integram os projetos Esporte Cidad\u00e3o e Juventude Esportiva, Lazer, Competitivo e Social a participarem, mais uma vez\u201d, ressalta o secret\u00e1rio municipal de Esportes, Marcos Ant\u00f4nio de Moraes, o Marquinhos.<\/p>\n\n\n\n<p>O diretor do Sesc S\u00e3o Paulo destaca import\u00e2ncia das atividades f\u00edsicas recreativas e utilit\u00e1rias para a sa\u00fade. \u201cDesta maneira buscamos fomentar a inser\u00e7\u00e3o das atividades f\u00edsicas no cotidiano. Da\u00ed a valoriza\u00e7\u00e3o das formas de mobilidade que privilegiam o corpo e seu deslocamento no territ\u00f3rio, com vistas a sensibilizar gestores p\u00fablicos a tornarem as cidades mais acess\u00edveis e prop\u00edcias ao movimento corporal, contribuindo para o bem-estar dos e das habitantes\u201d, afirma Luiz Deoclecio.<\/p>\n\n\n\n<p class=\"has-small-font-size\"><strong>#PraTodosVerem:\u00a0<\/strong>A imagem mostra uma arte com fundo azul, com um ret\u00e2ngulo verde com a frase Dia do Desafio escrita em preto, ao centro tem outros dois ret\u00e2ngulos, um laranja escrito se joga no desafio em preto e outro amarelo escrito 29 de maio de 2024 em preto, abaixo tem um outro ret\u00e2ngulo laranja com tra\u00e7os verdes que formam a imagem de campo de futebol, atletismo, nata\u00e7\u00e3o.<\/p>\n","protected":false},"excerpt":{"rendered":"<p>Campanha mundial de incentivo \u00e0 pr\u00e1tica de esportes e atividades f\u00edsicas, acontece na quarta-feira, 29 de maio Mais uma vez a cidade de Indaiatuba participar\u00e1 do Dia do Desafio. A 30\u00aa edi\u00e7\u00e3o da campanha mundial de incentivo \u00e0 pr\u00e1tica de esportes e atividades f\u00edsicas, acontece na quarta-feira, 29 de maio. A a\u00e7\u00e3o \u00e9 uma iniciativa [&hellip;]<\/p>\n","protected":false},"author":8,"featured_media":22968,"comment_status":"closed","ping_status":"open","sticky":false,"template":"","format":"standard","meta":{"rop_custom_images_group":[],"rop_custom_messages_group":[],"rop_publish_now":"initial","rop_publish_now_accounts":[],"rop_publish_now_history":[],"rop_publish_now_status":"pending","footnotes":""},"categories":[188],"tags":[],"class_list":["post-22967","post","type-post","status-publish","format-standard","has-post-thumbnail","hentry","category-indaiatuba"],"amp_enabled":true,"_links":{"self":[{"href":"https:\/\/imais.online\/portal\/wp-json\/wp\/v2\/posts\/22967","targetHints":{"allow":["GET"]}}],"collection":[{"href":"https:\/\/imais.online\/portal\/wp-json\/wp\/v2\/posts"}],"about":[{"href":"https:\/\/imais.online\/portal\/wp-json\/wp\/v2\/types\/post"}],"author":[{"embeddable":true,"href":"https:\/\/imais.online\/portal\/wp-json\/wp\/v2\/users\/8"}],"replies":[{"embeddable":true,"href":"https:\/\/imais.online\/portal\/wp-json\/wp\/v2\/comments?post=22967"}],"version-history":[{"count":1,"href":"https:\/\/imais.online\/portal\/wp-json\/wp\/v2\/posts\/22967\/revisions"}],"predecessor-version":[{"id":22969,"href":"https:\/\/imais.online\/portal\/wp-json\/wp\/v2\/posts\/22967\/revisions\/22969"}],"wp:featuredmedia":[{"embeddable":true,"href":"https:\/\/imais.online\/portal\/wp-json\/wp\/v2\/media\/22968"}],"wp:attachment":[{"href":"https:\/\/imais.online\/portal\/wp-json\/wp\/v2\/media?parent=22967"}],"wp:term":[{"taxonomy":"category","embeddable":true,"href":"https:\/\/imais.online\/portal\/wp-json\/wp\/v2\/categories?post=22967"},{"taxonomy":"post_tag","embeddable":true,"href":"https:\/\/imais.online\/portal\/wp-json\/wp\/v2\/tags?post=22967"}],"curies":[{"name":"wp","href":"https:\/\/api.w.org\/{rel}","templated":true}]}}