{"id":22975,"date":"2024-05-24T10:51:41","date_gmt":"2024-05-24T13:51:41","guid":{"rendered":"https:\/\/imais.online\/portal\/?p=22975"},"modified":"2024-05-24T10:51:42","modified_gmt":"2024-05-24T13:51:42","slug":"prefeitura-anula-infracoes-de-avanco-de-sinal-vermelho-em-dois-semaforos-do-parque-ecologico","status":"publish","type":"post","link":"https:\/\/imais.online\/portal\/prefeitura-anula-infracoes-de-avanco-de-sinal-vermelho-em-dois-semaforos-do-parque-ecologico\/","title":{"rendered":"Prefeitura anula infra\u00e7\u00f5es de avan\u00e7o de sinal vermelho em dois sem\u00e1foros do Parque Ecol\u00f3gico"},"content":{"rendered":"<div class=\"imais-before-content-placement\" id=\"imais-3984011067\"><script async src=\"\/\/pagead2.googlesyndication.com\/pagead\/js\/adsbygoogle.js?client=ca-pub-8787528412751566\" crossorigin=\"anonymous\"><\/script><ins class=\"adsbygoogle\" style=\"display:block;\" data-ad-client=\"ca-pub-8787528412751566\" \ndata-ad-slot=\"\" \ndata-ad-format=\"auto\"><\/ins>\n<script> \n(adsbygoogle = window.adsbygoogle || []).push({}); \n<\/script>\n<\/div>\n<p><em><small>Equipamentos da av. F\u00e1bio Roberto Barnab\u00e9, no cruzamento com F\u00e1bio Ferraz Bicudo, registraram falha t\u00e9cnica<\/small><\/em><\/p>\n\n\n\n<p>A Administra\u00e7\u00e3o Municipal informa que ser\u00e3o anuladas as autua\u00e7\u00f5es por avan\u00e7o de sinal vermelho registradas entre os dias 20 e 26 de maio, nos pontos semaf\u00f3ricos localizados nos dois sentidos da avenida Engenheiro F\u00e1bio Roberto Barnab\u00e9, no cruzamento com a avenida F\u00e1bio Ferraz Bicudo. A decis\u00e3o em anular os registros de infra\u00e7\u00f5es cometidas durante toda a semana foi tomada em conjunto com a Autoridade de Tr\u00e2nsito Municipal, para garantir que ningu\u00e9m seja prejudicado pela falha t\u00e9cnica apresentada nos equipamentos na ter\u00e7a-feira (21\/05).<\/p>\n\n\n\n<p>O Departamento Municipal de Tr\u00e2nsito (Demutran) da Secretaria de Obras e Vias P\u00fablicas concluiu na manh\u00e3 desta quinta-feira (23\/05) os reparos no sem\u00e1foro localizado na Marginal Esquerda. O equipamento apresentou um problema el\u00e9trico na noite de ter\u00e7a-feira (21\/05), que fazia com que o sinal verde mudasse direto para o vermelho, sem passar pelo amarelo. A mesma falha foi constatada no sentido contr\u00e1rio da avenida Engenheiro F\u00e1bio Barnab\u00e9, na Marginal Direita, mas foi resolvida no mesmo dia.<\/p>\n\n\n\n<p>A Secretaria de Obras explica que assim que tomou conhecimento do caso, a equipe se mobilizou para executar os reparos, tanto que na Marginal Direita o problema foi resolvido em poucas horas. Na Marginal Esquerda o reparo foi mais complexo porque tamb\u00e9m envolveu a troca de um cabeamento el\u00e9trico no trecho, o que atrasou um pouco mais os trabalhos.<\/p>\n\n\n\n<p>Agentes de tr\u00e2nsito permaneceram no local para monitorar o trecho at\u00e9 que o problema fosse completamente solucionado.<\/p>\n\n\n\n<p class=\"has-small-font-size\"><strong>#PraTodosVerem:\u00a0<\/strong>a imagem mostra o sem\u00e1foro da Marginal Direita do Parque Ecol\u00f3gico, no cruzamento da avenida F\u00e1bio Ferraz Bicudo, com a luz amarela acionada. Carros trafegam pelo local e \u00e9 poss\u00edvel ver, \u00e0 frente, duas placas a\u00e9reas de indica\u00e7\u00e3o de dire\u00e7\u00e3o de bairros, nas cores verde e marrom, e dois pr\u00e9dios e uma outra rua no fundo. \u00c0 direita est\u00e1 uma placa da Pizzaria Bella Capri. Fim da descri\u00e7\u00e3o<\/p>\n","protected":false},"excerpt":{"rendered":"<p>Equipamentos da av. F\u00e1bio Roberto Barnab\u00e9, no cruzamento com F\u00e1bio Ferraz Bicudo, registraram falha t\u00e9cnica A Administra\u00e7\u00e3o Municipal informa que ser\u00e3o anuladas as autua\u00e7\u00f5es por avan\u00e7o de sinal vermelho registradas entre os dias 20 e 26 de maio, nos pontos semaf\u00f3ricos localizados nos dois sentidos da avenida Engenheiro F\u00e1bio Roberto Barnab\u00e9, no cruzamento com a [&hellip;]<\/p>\n","protected":false},"author":8,"featured_media":22976,"comment_status":"closed","ping_status":"open","sticky":false,"template":"","format":"standard","meta":{"rop_custom_images_group":[],"rop_custom_messages_group":[],"rop_publish_now":"initial","rop_publish_now_accounts":[],"rop_publish_now_history":[],"rop_publish_now_status":"pending","footnotes":""},"categories":[188],"tags":[73],"class_list":["post-22975","post","type-post","status-publish","format-standard","has-post-thumbnail","hentry","category-indaiatuba","tag-featured"],"amp_enabled":true,"_links":{"self":[{"href":"https:\/\/imais.online\/portal\/wp-json\/wp\/v2\/posts\/22975","targetHints":{"allow":["GET"]}}],"collection":[{"href":"https:\/\/imais.online\/portal\/wp-json\/wp\/v2\/posts"}],"about":[{"href":"https:\/\/imais.online\/portal\/wp-json\/wp\/v2\/types\/post"}],"author":[{"embeddable":true,"href":"https:\/\/imais.online\/portal\/wp-json\/wp\/v2\/users\/8"}],"replies":[{"embeddable":true,"href":"https:\/\/imais.online\/portal\/wp-json\/wp\/v2\/comments?post=22975"}],"version-history":[{"count":1,"href":"https:\/\/imais.online\/portal\/wp-json\/wp\/v2\/posts\/22975\/revisions"}],"predecessor-version":[{"id":22977,"href":"https:\/\/imais.online\/portal\/wp-json\/wp\/v2\/posts\/22975\/revisions\/22977"}],"wp:featuredmedia":[{"embeddable":true,"href":"https:\/\/imais.online\/portal\/wp-json\/wp\/v2\/media\/22976"}],"wp:attachment":[{"href":"https:\/\/imais.online\/portal\/wp-json\/wp\/v2\/media?parent=22975"}],"wp:term":[{"taxonomy":"category","embeddable":true,"href":"https:\/\/imais.online\/portal\/wp-json\/wp\/v2\/categories?post=22975"},{"taxonomy":"post_tag","embeddable":true,"href":"https:\/\/imais.online\/portal\/wp-json\/wp\/v2\/tags?post=22975"}],"curies":[{"name":"wp","href":"https:\/\/api.w.org\/{rel}","templated":true}]}}