{"id":22978,"date":"2024-05-24T11:00:26","date_gmt":"2024-05-24T14:00:26","guid":{"rendered":"https:\/\/imais.online\/portal\/?p=22978"},"modified":"2024-05-24T11:00:26","modified_gmt":"2024-05-24T14:00:26","slug":"cultura-realiza-mais-uma-edicao-do-trem-das-artes-no-dia-26-de-maio","status":"publish","type":"post","link":"https:\/\/imais.online\/portal\/cultura-realiza-mais-uma-edicao-do-trem-das-artes-no-dia-26-de-maio\/","title":{"rendered":"Cultura realiza mais uma edi\u00e7\u00e3o do Trem das Artes no dia 26 de maio"},"content":{"rendered":"<div class=\"imais-before-content-placement\" id=\"imais-2277271450\"><script async src=\"\/\/pagead2.googlesyndication.com\/pagead\/js\/adsbygoogle.js?client=ca-pub-8787528412751566\" crossorigin=\"anonymous\"><\/script><ins class=\"adsbygoogle\" style=\"display:block;\" data-ad-client=\"ca-pub-8787528412751566\" \ndata-ad-slot=\"\" \ndata-ad-format=\"auto\"><\/ins>\n<script> \n(adsbygoogle = window.adsbygoogle || []).push({}); \n<\/script>\n<\/div>\n<p><em><small>Evento acontece no Museu Ferrovi\u00e1rio e conta com o acionamento da locomotiva hist\u00f3rica<\/small><\/em><\/p>\n\n\n\n<p>A Secretaria de Cultura realiza no pr\u00f3ximo domingo (26) mais uma edi\u00e7\u00e3o do Trem das Artes, em frente ao Museu Ferrovi\u00e1rio. &nbsp;O evento conta com a presen\u00e7a de expositores da Feira de Artes e Artesanatos de Indaiatuba. Al\u00e9m disso, a hist\u00f3rica Locomotiva a Vapor N\u00ba 10 estar\u00e1 em funcionamento. Todas as atra\u00e7\u00f5es s\u00e3o gratuitas.<\/p>\n\n\n\n<p>&nbsp;A Feira de Artesanato acontece &nbsp;a partir das 9h e o acionamento da locomotiva a partir das 10h. Em caso de chuva, o evento ser\u00e1 cancelado. Mais informa\u00e7\u00f5es entrar em contato pelo telefone (19) 3816-4917.<\/p>\n\n\n\n<p><strong>Trem das Artes<\/strong><\/p>\n\n\n\n<p><strong>Feira de Artes e Artesanatos de Indaiatuba<\/strong><\/p>\n\n\n\n<p><strong>Hor\u00e1rio:<\/strong>&nbsp;9h.<\/p>\n\n\n\n<p><strong>Locomotiva<\/strong><\/p>\n\n\n\n<p><strong>Hor\u00e1rio:<\/strong>&nbsp;das 10h.<\/p>\n\n\n\n<p><strong>Local:<\/strong>&nbsp;&nbsp;Museu Ferrovi\u00e1rio &#8211;&nbsp;&nbsp;na Pra\u00e7a Newton Prado &#8211; Centro.&nbsp;<\/p>\n\n\n\n<p><strong>Telefone:&nbsp;<\/strong>(19) 3816-4917.<\/p>\n","protected":false},"excerpt":{"rendered":"<p>Evento acontece no Museu Ferrovi\u00e1rio e conta com o acionamento da locomotiva hist\u00f3rica A Secretaria de Cultura realiza no pr\u00f3ximo domingo (26) mais uma edi\u00e7\u00e3o do Trem das Artes, em frente ao Museu Ferrovi\u00e1rio. &nbsp;O evento conta com a presen\u00e7a de expositores da Feira de Artes e Artesanatos de Indaiatuba. Al\u00e9m disso, a hist\u00f3rica Locomotiva [&hellip;]<\/p>\n","protected":false},"author":8,"featured_media":22979,"comment_status":"closed","ping_status":"open","sticky":false,"template":"","format":"standard","meta":{"rop_custom_images_group":[],"rop_custom_messages_group":[],"rop_publish_now":"initial","rop_publish_now_accounts":[],"rop_publish_now_history":[],"rop_publish_now_status":"pending","footnotes":""},"categories":[188],"tags":[],"class_list":["post-22978","post","type-post","status-publish","format-standard","has-post-thumbnail","hentry","category-indaiatuba"],"amp_enabled":true,"_links":{"self":[{"href":"https:\/\/imais.online\/portal\/wp-json\/wp\/v2\/posts\/22978","targetHints":{"allow":["GET"]}}],"collection":[{"href":"https:\/\/imais.online\/portal\/wp-json\/wp\/v2\/posts"}],"about":[{"href":"https:\/\/imais.online\/portal\/wp-json\/wp\/v2\/types\/post"}],"author":[{"embeddable":true,"href":"https:\/\/imais.online\/portal\/wp-json\/wp\/v2\/users\/8"}],"replies":[{"embeddable":true,"href":"https:\/\/imais.online\/portal\/wp-json\/wp\/v2\/comments?post=22978"}],"version-history":[{"count":1,"href":"https:\/\/imais.online\/portal\/wp-json\/wp\/v2\/posts\/22978\/revisions"}],"predecessor-version":[{"id":22980,"href":"https:\/\/imais.online\/portal\/wp-json\/wp\/v2\/posts\/22978\/revisions\/22980"}],"wp:featuredmedia":[{"embeddable":true,"href":"https:\/\/imais.online\/portal\/wp-json\/wp\/v2\/media\/22979"}],"wp:attachment":[{"href":"https:\/\/imais.online\/portal\/wp-json\/wp\/v2\/media?parent=22978"}],"wp:term":[{"taxonomy":"category","embeddable":true,"href":"https:\/\/imais.online\/portal\/wp-json\/wp\/v2\/categories?post=22978"},{"taxonomy":"post_tag","embeddable":true,"href":"https:\/\/imais.online\/portal\/wp-json\/wp\/v2\/tags?post=22978"}],"curies":[{"name":"wp","href":"https:\/\/api.w.org\/{rel}","templated":true}]}}