{"id":22984,"date":"2024-05-27T09:10:03","date_gmt":"2024-05-27T12:10:03","guid":{"rendered":"https:\/\/imais.online\/portal\/?p=22984"},"modified":"2024-05-27T09:10:04","modified_gmt":"2024-05-27T12:10:04","slug":"campanha-da-polio-comeca-em-indaiatuba-segunda-feira-para-criancas-de-ate-cinco-anos","status":"publish","type":"post","link":"https:\/\/imais.online\/portal\/campanha-da-polio-comeca-em-indaiatuba-segunda-feira-para-criancas-de-ate-cinco-anos\/","title":{"rendered":"Campanha da P\u00f3lio come\u00e7a em Indaiatuba segunda-feira para crian\u00e7as de at\u00e9 cinco anos"},"content":{"rendered":"<div class=\"imais-before-content-placement\" id=\"imais-589080237\"><script async src=\"\/\/pagead2.googlesyndication.com\/pagead\/js\/adsbygoogle.js?client=ca-pub-8787528412751566\" crossorigin=\"anonymous\"><\/script><ins class=\"adsbygoogle\" style=\"display:block;\" data-ad-client=\"ca-pub-8787528412751566\" \ndata-ad-slot=\"\" \ndata-ad-format=\"auto\"><\/ins>\n<script> \n(adsbygoogle = window.adsbygoogle || []).push({}); \n<\/script>\n<\/div>\n<p><em><small>Imuniza\u00e7\u00e3o preconizada pelo Minist\u00e9rio da Sa\u00fade inicia dia 27 e se estende at\u00e9 14 de junho<\/small><\/em><\/p>\n\n\n\n<p>A Prefeitura de Indaiatuba por meio da Secretaria de Sa\u00fade inicia a Campanha de Vacina\u00e7\u00e3o da Poliomielite a partir da pr\u00f3xima segunda-feira (27) em todas as unidades b\u00e1sicas de sa\u00fade, de segunda a sexta, das 7h30 \u00e0s 16h30. A p\u00f3lio oral (gotinha) ser\u00e1 indiscriminada para crian\u00e7as de um a menores de cinco anos, ou seja, toda crian\u00e7a deve receber um refor\u00e7o da imuniza\u00e7\u00e3o. Para as menores de um ano, a orienta\u00e7\u00e3o do Minist\u00e9rio da Sa\u00fade \u00e9 aplicar a p\u00f3lio injet\u00e1vel, de acordo com a situa\u00e7\u00e3o da carteirinha de vacina da crian\u00e7a.<\/p>\n\n\n\n<p>A Secretaria de Sa\u00fade ainda definiu o Dia D da aplica\u00e7\u00e3o da vacina no s\u00e1bado, 8 de junho, das 8h \u00e0s 12h, em todas as unidades de sa\u00fade. A Campanha deve ser encerrada dia 14 do pr\u00f3ximo m\u00eas.<\/p>\n\n\n\n<p>A vacina\u00e7\u00e3o contra a poliomielite para crian\u00e7as menores de 5 anos \u00e9 crucial para garantir a erradica\u00e7\u00e3o desta doen\u00e7a altamente contagiosa e potencialmente devastadora. A poliomielite pode causar paralisia irrevers\u00edvel e, em casos graves, levar \u00e0 morte. A imuniza\u00e7\u00e3o \u00e9 a maneira mais eficaz de proteger as crian\u00e7as, impedindo a propaga\u00e7\u00e3o do v\u00edrus e promovendo a sa\u00fade p\u00fablica. Al\u00e9m disso, ao manter altas taxas de vacina\u00e7\u00e3o, contribu\u00edmos para a manuten\u00e7\u00e3o da imunidade de rebanho, essencial para proteger aqueles que n\u00e3o podem ser vacinados por motivos m\u00e9dicos. A erradica\u00e7\u00e3o da poliomielite \u00e9 uma meta global, e a vacina\u00e7\u00e3o em massa \u00e9 uma ferramenta indispens\u00e1vel para alcan\u00e7ar este objetivo, garantindo um futuro mais saud\u00e1vel para as pr\u00f3ximas gera\u00e7\u00f5es.<\/p>\n\n\n\n<p class=\"has-small-font-size\"><strong>#PraTodosVerem:\u00a0<\/strong>Foto colorida em plano fechado mostra uma crian\u00e7a \u00e0 direita de perfil usando toca de frio com a boca aberta recebendo a gotinha da poliomielite, uma adulta est\u00e1 segurando ela. \u00c0 esquerda a vacinadora est\u00e1 utilizando m\u00e1scara e toca. Fim da descri\u00e7\u00e3o.<\/p>\n","protected":false},"excerpt":{"rendered":"<p>Imuniza\u00e7\u00e3o preconizada pelo Minist\u00e9rio da Sa\u00fade inicia dia 27 e se estende at\u00e9 14 de junho A Prefeitura de Indaiatuba por meio da Secretaria de Sa\u00fade inicia a Campanha de Vacina\u00e7\u00e3o da Poliomielite a partir da pr\u00f3xima segunda-feira (27) em todas as unidades b\u00e1sicas de sa\u00fade, de segunda a sexta, das 7h30 \u00e0s 16h30. A [&hellip;]<\/p>\n","protected":false},"author":8,"featured_media":22985,"comment_status":"closed","ping_status":"open","sticky":false,"template":"","format":"standard","meta":{"rop_custom_images_group":[],"rop_custom_messages_group":[],"rop_publish_now":"initial","rop_publish_now_accounts":[],"rop_publish_now_history":[],"rop_publish_now_status":"pending","footnotes":""},"categories":[188],"tags":[73],"class_list":["post-22984","post","type-post","status-publish","format-standard","has-post-thumbnail","hentry","category-indaiatuba","tag-featured"],"amp_enabled":true,"_links":{"self":[{"href":"https:\/\/imais.online\/portal\/wp-json\/wp\/v2\/posts\/22984","targetHints":{"allow":["GET"]}}],"collection":[{"href":"https:\/\/imais.online\/portal\/wp-json\/wp\/v2\/posts"}],"about":[{"href":"https:\/\/imais.online\/portal\/wp-json\/wp\/v2\/types\/post"}],"author":[{"embeddable":true,"href":"https:\/\/imais.online\/portal\/wp-json\/wp\/v2\/users\/8"}],"replies":[{"embeddable":true,"href":"https:\/\/imais.online\/portal\/wp-json\/wp\/v2\/comments?post=22984"}],"version-history":[{"count":1,"href":"https:\/\/imais.online\/portal\/wp-json\/wp\/v2\/posts\/22984\/revisions"}],"predecessor-version":[{"id":22986,"href":"https:\/\/imais.online\/portal\/wp-json\/wp\/v2\/posts\/22984\/revisions\/22986"}],"wp:featuredmedia":[{"embeddable":true,"href":"https:\/\/imais.online\/portal\/wp-json\/wp\/v2\/media\/22985"}],"wp:attachment":[{"href":"https:\/\/imais.online\/portal\/wp-json\/wp\/v2\/media?parent=22984"}],"wp:term":[{"taxonomy":"category","embeddable":true,"href":"https:\/\/imais.online\/portal\/wp-json\/wp\/v2\/categories?post=22984"},{"taxonomy":"post_tag","embeddable":true,"href":"https:\/\/imais.online\/portal\/wp-json\/wp\/v2\/tags?post=22984"}],"curies":[{"name":"wp","href":"https:\/\/api.w.org\/{rel}","templated":true}]}}