{"id":22987,"date":"2024-05-27T09:11:26","date_gmt":"2024-05-27T12:11:26","guid":{"rendered":"https:\/\/imais.online\/portal\/?p=22987"},"modified":"2024-05-27T09:11:27","modified_gmt":"2024-05-27T12:11:27","slug":"indaiatuba-retoma-vacinacao-contra-covid-19-com-a-aplicacao-da-vacina-monovalente","status":"publish","type":"post","link":"https:\/\/imais.online\/portal\/indaiatuba-retoma-vacinacao-contra-covid-19-com-a-aplicacao-da-vacina-monovalente\/","title":{"rendered":"Indaiatuba retoma vacina\u00e7\u00e3o contra Covid-19 com a aplica\u00e7\u00e3o da vacina monovalente"},"content":{"rendered":"<div class=\"imais-before-content-placement\" id=\"imais-2345134431\"><script async src=\"\/\/pagead2.googlesyndication.com\/pagead\/js\/adsbygoogle.js?client=ca-pub-8787528412751566\" crossorigin=\"anonymous\"><\/script><ins class=\"adsbygoogle\" style=\"display:block;\" data-ad-client=\"ca-pub-8787528412751566\" \ndata-ad-slot=\"\" \ndata-ad-format=\"auto\"><\/ins>\n<script> \n(adsbygoogle = window.adsbygoogle || []).push({}); \n<\/script>\n<\/div>\n<p><em><small>Vacina est\u00e1 dispon\u00edvel em todas as unidades b\u00e1sicas de sa\u00fade das 7h30 \u00e0s 16h30 de segunda a sexta<\/small><\/em><\/p>\n\n\n\n<p>A Prefeitura de Indaiatuba por meio da Secretaria de Sa\u00fade retoma a vacina\u00e7\u00e3o contra Covid-19 a partir da pr\u00f3xima segunda-feira (27) em todas as unidades b\u00e1sicas de sa\u00fade, de segunda a sexta-feira, das 7h30 \u00e0s 16h30. A partir de agora ser\u00e1 utilizada a vacina monovalente da fabricante Moderna (XBB 1.5), que protege contra as variantes da \u00d4micron.<\/p>\n\n\n\n<p>Podem receber a vacina crian\u00e7as de seis meses a menores de cinco anos, idosos a partir de 60, imunocomprometidos, gestantes e pu\u00e9rperas. A recomenda\u00e7\u00e3o para estes grupos \u00e9 de que seja tomado um refor\u00e7o a cada seis meses.<\/p>\n\n\n\n<p>Pessoas com comorbidades de 5 a 59 anos, pessoas vivendo em institui\u00e7\u00f5es de longa perman\u00eancia, ind\u00edgenas, ribeirinhos, quilombolas, trabalhadores da sa\u00fade, pessoas com defici\u00eancia permanente, pessoas privadas de liberdade, funcion\u00e1rios do sistema de priva\u00e7\u00e3o de liberdade, adolescentes e jovens cumprindo medidas socioeducativas e pessoas em situa\u00e7\u00e3o de rua tamb\u00e9m podem receber a vacina, mas a recomenda\u00e7\u00e3o \u00e9 que recebam apenas uma dose por ano.<\/p>\n\n\n\n<p>Para o p\u00fablico em geral, sem comorbidades, o Minist\u00e9rio da Sa\u00fade indica a vacina apenas para aqueles que n\u00e3o tenham tomado nenhuma dose de nenhuma fabricante.<\/p>\n\n\n\n<p>D\u00favidas podem ser esclarecidas no WhatsApp da Sa\u00fade (19) 99779-3856.<\/p>\n\n\n\n<p class=\"has-small-font-size\"><strong>#PraTodosVerem:\u00a0<\/strong>Foto colorida mostra em plano m\u00e9dio uma mulher \u00e0 esquerda recebendo a vacina contra covid-19 de uma enfermeira \u00e0 direita. Ambas as mulheres est\u00e3o utilizando m\u00e1scara e a vacinadora ainda utiliza jaleco e luvas descart\u00e1veis. Fim da descri\u00e7\u00e3o.<\/p>\n","protected":false},"excerpt":{"rendered":"<p>Vacina est\u00e1 dispon\u00edvel em todas as unidades b\u00e1sicas de sa\u00fade das 7h30 \u00e0s 16h30 de segunda a sexta A Prefeitura de Indaiatuba por meio da Secretaria de Sa\u00fade retoma a vacina\u00e7\u00e3o contra Covid-19 a partir da pr\u00f3xima segunda-feira (27) em todas as unidades b\u00e1sicas de sa\u00fade, de segunda a sexta-feira, das 7h30 \u00e0s 16h30. A [&hellip;]<\/p>\n","protected":false},"author":8,"featured_media":22988,"comment_status":"closed","ping_status":"open","sticky":false,"template":"","format":"standard","meta":{"rop_custom_images_group":[],"rop_custom_messages_group":[],"rop_publish_now":"initial","rop_publish_now_accounts":[],"rop_publish_now_history":[],"rop_publish_now_status":"pending","footnotes":""},"categories":[188],"tags":[],"class_list":["post-22987","post","type-post","status-publish","format-standard","has-post-thumbnail","hentry","category-indaiatuba"],"amp_enabled":true,"_links":{"self":[{"href":"https:\/\/imais.online\/portal\/wp-json\/wp\/v2\/posts\/22987","targetHints":{"allow":["GET"]}}],"collection":[{"href":"https:\/\/imais.online\/portal\/wp-json\/wp\/v2\/posts"}],"about":[{"href":"https:\/\/imais.online\/portal\/wp-json\/wp\/v2\/types\/post"}],"author":[{"embeddable":true,"href":"https:\/\/imais.online\/portal\/wp-json\/wp\/v2\/users\/8"}],"replies":[{"embeddable":true,"href":"https:\/\/imais.online\/portal\/wp-json\/wp\/v2\/comments?post=22987"}],"version-history":[{"count":1,"href":"https:\/\/imais.online\/portal\/wp-json\/wp\/v2\/posts\/22987\/revisions"}],"predecessor-version":[{"id":22989,"href":"https:\/\/imais.online\/portal\/wp-json\/wp\/v2\/posts\/22987\/revisions\/22989"}],"wp:featuredmedia":[{"embeddable":true,"href":"https:\/\/imais.online\/portal\/wp-json\/wp\/v2\/media\/22988"}],"wp:attachment":[{"href":"https:\/\/imais.online\/portal\/wp-json\/wp\/v2\/media?parent=22987"}],"wp:term":[{"taxonomy":"category","embeddable":true,"href":"https:\/\/imais.online\/portal\/wp-json\/wp\/v2\/categories?post=22987"},{"taxonomy":"post_tag","embeddable":true,"href":"https:\/\/imais.online\/portal\/wp-json\/wp\/v2\/tags?post=22987"}],"curies":[{"name":"wp","href":"https:\/\/api.w.org\/{rel}","templated":true}]}}