{"id":23011,"date":"2024-05-28T09:33:20","date_gmt":"2024-05-28T12:33:20","guid":{"rendered":"https:\/\/imais.online\/portal\/?p=23011"},"modified":"2024-05-28T09:33:21","modified_gmt":"2024-05-28T12:33:21","slug":"departamento-de-transito-informa-sobre-interdicoes-para-eventos-no-feriado-de-corpus-christi","status":"publish","type":"post","link":"https:\/\/imais.online\/portal\/departamento-de-transito-informa-sobre-interdicoes-para-eventos-no-feriado-de-corpus-christi\/","title":{"rendered":"Departamento de Tr\u00e2nsito informa sobre interdi\u00e7\u00f5es para eventos no feriado de Corpus Christi"},"content":{"rendered":"<div class=\"imais-before-content-placement\" id=\"imais-3790680107\"><script async src=\"\/\/pagead2.googlesyndication.com\/pagead\/js\/adsbygoogle.js?client=ca-pub-8787528412751566\" crossorigin=\"anonymous\"><\/script><ins class=\"adsbygoogle\" style=\"display:block;\" data-ad-client=\"ca-pub-8787528412751566\" \ndata-ad-slot=\"\" \ndata-ad-format=\"auto\"><\/ins>\n<script> \n(adsbygoogle = window.adsbygoogle || []).push({}); \n<\/script>\n<\/div>\n<p><em><small>Al\u00e7a de acesso em frente \u00e0 Prefeitura ser\u00e1 fechada para Arte Sacra, missa e espet\u00e1culo A Ressurrei\u00e7\u00e3o<\/small><\/em><\/p>\n\n\n\n<p>O Departamento Municipal de Tr\u00e2nsito da Secretaria de Obras e Vias P\u00fablicas informa que a al\u00e7a de acesso Nilson Cardoso de Carvalho, em frente \u00e0 Prefeitura, ser\u00e1 fechada para a realiza\u00e7\u00e3o dos eventos do feriado de Corpus Christi. Na quinta-feira (30\/05), a interdi\u00e7\u00e3o ser\u00e1 a partir das 7h para a Arte Sacra de Rua, com a montagem do tradicional tapete decorativo, e para a celebra\u00e7\u00e3o da Missa de Corpus Christi, que reunir\u00e1 todas as par\u00f3quias da cidade no local, \u00e0s 16h. No s\u00e1bado (01\/06) e domingo (02\/06) a al\u00e7a ser\u00e1 fechada somente no sentido Marginal Esquerda-Marginal Direita (Sonda-Prefeitura), a partir das 18h30, para a realiza\u00e7\u00e3o do espet\u00e1culo A Ressurrei\u00e7\u00e3o, que tem in\u00edcio previsto para \u00e0s 19h, no palco montado em frente \u00e0 Prefeitura. Nos tr\u00eas dias, a al\u00e7a ser\u00e1 liberada logo ap\u00f3s o t\u00e9rmino dos eventos. Nos trechos da avenida Engenheiro F\u00e1bio Roberto Barnab\u00e9 \u2013 marginais Direita e Esquerda, nas proximidades da Prefeitura, o tr\u00e2nsito permanecer\u00e1 liberado.<\/p>\n\n\n\n<p class=\"has-small-font-size\"><strong>#PraTodosVerem:\u00a0<\/strong>a imagem do comunicado tem o formato de um ret\u00e2ngulo com o fundo na cor amarela com os dizeres \u201cComunicado Tr\u00e2nsito\u201d em preto, e \u00e9 ilustrada com um cone na cor laranja e branco. Fim da descri\u00e7\u00e3o.<\/p>\n","protected":false},"excerpt":{"rendered":"<p>Al\u00e7a de acesso em frente \u00e0 Prefeitura ser\u00e1 fechada para Arte Sacra, missa e espet\u00e1culo A Ressurrei\u00e7\u00e3o O Departamento Municipal de Tr\u00e2nsito da Secretaria de Obras e Vias P\u00fablicas informa que a al\u00e7a de acesso Nilson Cardoso de Carvalho, em frente \u00e0 Prefeitura, ser\u00e1 fechada para a realiza\u00e7\u00e3o dos eventos do feriado de Corpus Christi. [&hellip;]<\/p>\n","protected":false},"author":8,"featured_media":23012,"comment_status":"closed","ping_status":"open","sticky":false,"template":"","format":"standard","meta":{"rop_custom_images_group":[],"rop_custom_messages_group":[],"rop_publish_now":"initial","rop_publish_now_accounts":[],"rop_publish_now_history":[],"rop_publish_now_status":"pending","footnotes":""},"categories":[188],"tags":[],"class_list":["post-23011","post","type-post","status-publish","format-standard","has-post-thumbnail","hentry","category-indaiatuba"],"amp_enabled":true,"_links":{"self":[{"href":"https:\/\/imais.online\/portal\/wp-json\/wp\/v2\/posts\/23011","targetHints":{"allow":["GET"]}}],"collection":[{"href":"https:\/\/imais.online\/portal\/wp-json\/wp\/v2\/posts"}],"about":[{"href":"https:\/\/imais.online\/portal\/wp-json\/wp\/v2\/types\/post"}],"author":[{"embeddable":true,"href":"https:\/\/imais.online\/portal\/wp-json\/wp\/v2\/users\/8"}],"replies":[{"embeddable":true,"href":"https:\/\/imais.online\/portal\/wp-json\/wp\/v2\/comments?post=23011"}],"version-history":[{"count":1,"href":"https:\/\/imais.online\/portal\/wp-json\/wp\/v2\/posts\/23011\/revisions"}],"predecessor-version":[{"id":23013,"href":"https:\/\/imais.online\/portal\/wp-json\/wp\/v2\/posts\/23011\/revisions\/23013"}],"wp:featuredmedia":[{"embeddable":true,"href":"https:\/\/imais.online\/portal\/wp-json\/wp\/v2\/media\/23012"}],"wp:attachment":[{"href":"https:\/\/imais.online\/portal\/wp-json\/wp\/v2\/media?parent=23011"}],"wp:term":[{"taxonomy":"category","embeddable":true,"href":"https:\/\/imais.online\/portal\/wp-json\/wp\/v2\/categories?post=23011"},{"taxonomy":"post_tag","embeddable":true,"href":"https:\/\/imais.online\/portal\/wp-json\/wp\/v2\/tags?post=23011"}],"curies":[{"name":"wp","href":"https:\/\/api.w.org\/{rel}","templated":true}]}}