{"id":23019,"date":"2024-05-29T09:17:46","date_gmt":"2024-05-29T12:17:46","guid":{"rendered":"https:\/\/imais.online\/portal\/?p=23019"},"modified":"2024-05-29T09:17:46","modified_gmt":"2024-05-29T12:17:46","slug":"servico-de-transporte-coletivo-urbano-tera-horarios-especiais-no-feriado-de-corpus-christi-2","status":"publish","type":"post","link":"https:\/\/imais.online\/portal\/servico-de-transporte-coletivo-urbano-tera-horarios-especiais-no-feriado-de-corpus-christi-2\/","title":{"rendered":"Servi\u00e7o de transporte coletivo urbano ter\u00e1 hor\u00e1rios especiais no feriado de Corpus Christi"},"content":{"rendered":"<div class=\"imais-before-content-placement\" id=\"imais-1630388244\"><script async src=\"\/\/pagead2.googlesyndication.com\/pagead\/js\/adsbygoogle.js?client=ca-pub-8787528412751566\" crossorigin=\"anonymous\"><\/script><ins class=\"adsbygoogle\" style=\"display:block;\" data-ad-client=\"ca-pub-8787528412751566\" \ndata-ad-slot=\"\" \ndata-ad-format=\"auto\"><\/ins>\n<script> \n(adsbygoogle = window.adsbygoogle || []).push({}); \n<\/script>\n<\/div>\n<p><em><small>Linhas 326, 327 e 330 refor\u00e7ar\u00e3o o atendimento \u00e0 regi\u00e3o do Distrito Industrial na sexta-feira (31\/05)<\/small><\/em><\/p>\n\n\n\n<p>O Departamento de Transporte da Secretaria Municipal de Administra\u00e7\u00e3o e a SOU Indaiatuba informam que os \u00f4nibus do servi\u00e7o de transporte coletivo urbano do munic\u00edpio funcionar\u00e3o em hor\u00e1rio especial a partir desta quinta-feira (30\/05), em virtude do feriado de Corpus Christi. Na quinta-feira os \u00f4nibus circular\u00e3o com a escala de hor\u00e1rios usada aos domingos. Na sexta-feira (31\/05) ser\u00e1 utilizada a escala dos s\u00e1bados, incluindo a linha 325.<\/p>\n\n\n\n<p>Para suprir as demandas, as linhas 326, 327 e 330 refor\u00e7ar\u00e3o o atendimento \u00e0 regi\u00e3o do Distrito na sexta-feira, e tamb\u00e9m ser\u00e3o mantidos carros extras no Parque Campo Bonito, no per\u00edodo da manh\u00e3, e no Terminal Central, no per\u00edodo da tarde.<\/p>\n\n\n\n<p>No s\u00e1bado (01\/06) e domingo (02\/06) os hor\u00e1rios permanecem com a escala habitual, j\u00e1 utilizada para os finais de semana.<\/p>\n\n\n\n<p>Os hor\u00e1rios do transporte coletivo est\u00e3o dispon\u00edveis no site da\u00a0<a href=\"https:\/\/www.indaiatuba.sp.gov.br\/horarios-de-onibus\/\">Prefeitura<\/a>\u00a0e da\u00a0<a href=\"https:\/\/soutransportes.com.br\/indaiatuba\/linhas-e-horarios\/\">SOU Indaiatuba<\/a>\u00a0-https:\/\/souindaiatuba.com.br\/linhas-e-horarios\/ ou no aplicativo SOU \u2013 Sistema de \u00d4nibus Urbano, dispon\u00edvel na Apple Store e na Google Play.<\/p>\n\n\n\n<p class=\"has-small-font-size\"><strong>#PraTodosVerem:\u00a0<\/strong>foto mostra \u00f4nibus da SOU nas cores amarela, com detalhes em cinza e preto, circulando em rua do centro da cidade. \u00c0 esquerda \u00e9 poss\u00edvel ver uma parte da frente de outro \u00f4nibus, e \u00e0 direita, parte de dois carros que tamb\u00e9m circulam pela via, e de com\u00e9rcios locais. Fim da descri\u00e7\u00e3o.<\/p>\n","protected":false},"excerpt":{"rendered":"<p>Linhas 326, 327 e 330 refor\u00e7ar\u00e3o o atendimento \u00e0 regi\u00e3o do Distrito Industrial na sexta-feira (31\/05) O Departamento de Transporte da Secretaria Municipal de Administra\u00e7\u00e3o e a SOU Indaiatuba informam que os \u00f4nibus do servi\u00e7o de transporte coletivo urbano do munic\u00edpio funcionar\u00e3o em hor\u00e1rio especial a partir desta quinta-feira (30\/05), em virtude do feriado de [&hellip;]<\/p>\n","protected":false},"author":8,"featured_media":23020,"comment_status":"closed","ping_status":"open","sticky":false,"template":"","format":"standard","meta":{"rop_custom_images_group":[],"rop_custom_messages_group":[],"rop_publish_now":"initial","rop_publish_now_accounts":[],"rop_publish_now_history":[],"rop_publish_now_status":"pending","footnotes":""},"categories":[188],"tags":[73],"class_list":["post-23019","post","type-post","status-publish","format-standard","has-post-thumbnail","hentry","category-indaiatuba","tag-featured"],"amp_enabled":true,"_links":{"self":[{"href":"https:\/\/imais.online\/portal\/wp-json\/wp\/v2\/posts\/23019","targetHints":{"allow":["GET"]}}],"collection":[{"href":"https:\/\/imais.online\/portal\/wp-json\/wp\/v2\/posts"}],"about":[{"href":"https:\/\/imais.online\/portal\/wp-json\/wp\/v2\/types\/post"}],"author":[{"embeddable":true,"href":"https:\/\/imais.online\/portal\/wp-json\/wp\/v2\/users\/8"}],"replies":[{"embeddable":true,"href":"https:\/\/imais.online\/portal\/wp-json\/wp\/v2\/comments?post=23019"}],"version-history":[{"count":1,"href":"https:\/\/imais.online\/portal\/wp-json\/wp\/v2\/posts\/23019\/revisions"}],"predecessor-version":[{"id":23021,"href":"https:\/\/imais.online\/portal\/wp-json\/wp\/v2\/posts\/23019\/revisions\/23021"}],"wp:featuredmedia":[{"embeddable":true,"href":"https:\/\/imais.online\/portal\/wp-json\/wp\/v2\/media\/23020"}],"wp:attachment":[{"href":"https:\/\/imais.online\/portal\/wp-json\/wp\/v2\/media?parent=23019"}],"wp:term":[{"taxonomy":"category","embeddable":true,"href":"https:\/\/imais.online\/portal\/wp-json\/wp\/v2\/categories?post=23019"},{"taxonomy":"post_tag","embeddable":true,"href":"https:\/\/imais.online\/portal\/wp-json\/wp\/v2\/tags?post=23019"}],"curies":[{"name":"wp","href":"https:\/\/api.w.org\/{rel}","templated":true}]}}