{"id":23022,"date":"2024-05-29T09:19:30","date_gmt":"2024-05-29T12:19:30","guid":{"rendered":"https:\/\/imais.online\/portal\/?p=23022"},"modified":"2024-05-29T09:19:31","modified_gmt":"2024-05-29T12:19:31","slug":"saae-comemora-semana-do-meio-ambiente-com-teatro-e-atividades-no-museu-da-agua","status":"publish","type":"post","link":"https:\/\/imais.online\/portal\/saae-comemora-semana-do-meio-ambiente-com-teatro-e-atividades-no-museu-da-agua\/","title":{"rendered":"Saae comemora semana do meio ambiente com teatro e atividades no Museu da \u00c1gua"},"content":{"rendered":"<div class=\"imais-before-content-placement\" id=\"imais-868529895\"><script async src=\"\/\/pagead2.googlesyndication.com\/pagead\/js\/adsbygoogle.js?client=ca-pub-8787528412751566\" crossorigin=\"anonymous\"><\/script><ins class=\"adsbygoogle\" style=\"display:block;\" data-ad-client=\"ca-pub-8787528412751566\" \ndata-ad-slot=\"\" \ndata-ad-format=\"auto\"><\/ins>\n<script> \n(adsbygoogle = window.adsbygoogle || []).push({}); \n<\/script>\n<\/div>\n<p><em><small>A semana come\u00e7a com a pe\u00e7a teatral &#8220;Era uma vez o Conto que n\u00e3o te Contaram&#8221;, um espet\u00e1culo para toda a fam\u00edlia<\/small><\/em><\/p>\n\n\n\n<p>Em comemora\u00e7\u00e3o ao Dia Mundial do Meio Ambiente, celebrado em 5 de junho, o Servi\u00e7o Aut\u00f4nomo de \u00c1gua e Esgotos (Saae) preparou uma programa\u00e7\u00e3o especial no Museu da \u00c1gua. Ser\u00e3o diversos eventos educativos e interativos que acontecem entre 1\u00ba e 8 de junho. O objetivo \u00e9 promover pr\u00e1ticas sustent\u00e1veis e restaurar a mata ciliar da regi\u00e3o.<\/p>\n\n\n\n<p>A abertura da semana ser\u00e1 marcada pela pe\u00e7a teatral&nbsp;<a>&#8220;Era uma vez o Conto que n\u00e3o te Contaram&#8221;, uma parceria entre a Prefeitura de Indaiatuba e a empresa Mann + Hummel, que comemora 70 anos no Brasil. A pe\u00e7a, produzida pela MM, mistura contos de fadas com mensagens sobre a preserva\u00e7\u00e3o dos recursos h\u00eddricos, visando conscientizar e entreter o p\u00fablico.<\/a>&nbsp;As apresenta\u00e7\u00f5es ser\u00e3o realizadas no s\u00e1bado e no domingo (1\u00ba e 2 de junho),&nbsp;<a>com duas sess\u00f5es por dia<\/a><a>, \u00e0s 14h e \u00e0s 15h30<\/a>.<\/p>\n\n\n\n<p>Al\u00e9m do teatro, a semana contar\u00e1 com trilhas ecol\u00f3gicas, plantio de \u00e1rvores, apresenta\u00e7\u00f5es no audit\u00f3rio e um laborat\u00f3rio itinerante com os bi\u00f3logos Ivana e Thiago, que ir\u00e3o demonstrar t\u00e9cnicas de an\u00e1lise da qualidade da \u00e1gua. As atividades foram planejadas para envolver a comunidade e as escolas locais, incentivando a participa\u00e7\u00e3o ativa na preserva\u00e7\u00e3o ambiental e no desenvolvimento de uma consci\u00eancia ecol\u00f3gica. As escolas participantes ter\u00e3o a oportunidade de registrar sua &#8220;assinatura verde&#8221;, reafirmando seu compromisso com o meio ambiente.<\/p>\n\n\n\n<p>O&nbsp;Museu da \u00c1gua est\u00e1 localizado na Rua do Museu, n\u00famero 205, com acesso ao lado da concession\u00e1ria Toyota.<\/p>\n\n\n\n<p><em>Confira abaixo a programa\u00e7\u00e3o completa da Semana do Meio Ambiente, com todas as atividades realizadas no Museu da \u00c1gua:<\/em><\/p>\n\n\n\n<p><strong>S\u00e1bado e Domingo (1 e 2 de junho)<\/strong><\/p>\n\n\n\n<p>Teatro &#8220;Era uma vez o Conto que n\u00e3o te Contaram&#8221;, em duas sess\u00f5es (14h e 15h30).<\/p>\n\n\n\n<p><strong>Ter\u00e7a-feira (4 de junho)<\/strong><\/p>\n\n\n\n<p>Apresenta\u00e7\u00e3o no audit\u00f3rio,<\/p>\n\n\n\n<p>Trilha ecol\u00f3gica e<\/p>\n\n\n\n<p>Celebra\u00e7\u00e3o e plantio de \u00e1rvores.<\/p>\n\n\n\n<p><strong>Quarta-feira &#8211; Dia Mundial do Meio Ambiente (5 de junho)<\/strong><\/p>\n\n\n\n<p>Apresenta\u00e7\u00e3o no audit\u00f3rio,<\/p>\n\n\n\n<p>Laborat\u00f3rio itinerante com os bi\u00f3logos Ivana e Thiago e<\/p>\n\n\n\n<p>Trilha ecol\u00f3gica.<\/p>\n\n\n\n<p><strong>Quinta e Sexta-feira (6 e 7 de junho)<\/strong><\/p>\n\n\n\n<p>Apresenta\u00e7\u00e3o no audit\u00f3rio,<\/p>\n\n\n\n<p>Trilha ecol\u00f3gica e<\/p>\n\n\n\n<p>Celebra\u00e7\u00e3o e plantio de \u00e1rvores.<\/p>\n\n\n\n<p><strong>S\u00e1bado (8 de junho)<\/strong><\/p>\n\n\n\n<p>Apresenta\u00e7\u00e3o no audit\u00f3rio,<\/p>\n\n\n\n<p>Trilha ecol\u00f3gica,<\/p>\n\n\n\n<p>Celebra\u00e7\u00e3o com roda de m\u00e3os dadas e<\/p>\n\n\n\n<p>Plantio de \u00e1rvores.<\/p>\n\n\n\n<p class=\"has-small-font-size\"><strong>#PraTodosVerem:\u00a0<\/strong>Na imagem h\u00e1 um grupo de crian\u00e7as sentadas no ch\u00e3o do Museu da \u00c1gua, formando um semic\u00edrculo. H\u00e1 tamb\u00e9m um homem em p\u00e9, no centro do grupo de crian\u00e7as, que apresenta uma das pe\u00e7as do Museu da \u00c1gua. Fim de descri\u00e7\u00e3o.<\/p>\n","protected":false},"excerpt":{"rendered":"<p>A semana come\u00e7a com a pe\u00e7a teatral &#8220;Era uma vez o Conto que n\u00e3o te Contaram&#8221;, um espet\u00e1culo para toda a fam\u00edlia Em comemora\u00e7\u00e3o ao Dia Mundial do Meio Ambiente, celebrado em 5 de junho, o Servi\u00e7o Aut\u00f4nomo de \u00c1gua e Esgotos (Saae) preparou uma programa\u00e7\u00e3o especial no Museu da \u00c1gua. Ser\u00e3o diversos eventos educativos [&hellip;]<\/p>\n","protected":false},"author":8,"featured_media":23023,"comment_status":"closed","ping_status":"open","sticky":false,"template":"","format":"standard","meta":{"rop_custom_images_group":[],"rop_custom_messages_group":[],"rop_publish_now":"initial","rop_publish_now_accounts":[],"rop_publish_now_history":[],"rop_publish_now_status":"pending","footnotes":""},"categories":[188],"tags":[],"class_list":["post-23022","post","type-post","status-publish","format-standard","has-post-thumbnail","hentry","category-indaiatuba"],"amp_enabled":true,"_links":{"self":[{"href":"https:\/\/imais.online\/portal\/wp-json\/wp\/v2\/posts\/23022","targetHints":{"allow":["GET"]}}],"collection":[{"href":"https:\/\/imais.online\/portal\/wp-json\/wp\/v2\/posts"}],"about":[{"href":"https:\/\/imais.online\/portal\/wp-json\/wp\/v2\/types\/post"}],"author":[{"embeddable":true,"href":"https:\/\/imais.online\/portal\/wp-json\/wp\/v2\/users\/8"}],"replies":[{"embeddable":true,"href":"https:\/\/imais.online\/portal\/wp-json\/wp\/v2\/comments?post=23022"}],"version-history":[{"count":1,"href":"https:\/\/imais.online\/portal\/wp-json\/wp\/v2\/posts\/23022\/revisions"}],"predecessor-version":[{"id":23024,"href":"https:\/\/imais.online\/portal\/wp-json\/wp\/v2\/posts\/23022\/revisions\/23024"}],"wp:featuredmedia":[{"embeddable":true,"href":"https:\/\/imais.online\/portal\/wp-json\/wp\/v2\/media\/23023"}],"wp:attachment":[{"href":"https:\/\/imais.online\/portal\/wp-json\/wp\/v2\/media?parent=23022"}],"wp:term":[{"taxonomy":"category","embeddable":true,"href":"https:\/\/imais.online\/portal\/wp-json\/wp\/v2\/categories?post=23022"},{"taxonomy":"post_tag","embeddable":true,"href":"https:\/\/imais.online\/portal\/wp-json\/wp\/v2\/tags?post=23022"}],"curies":[{"name":"wp","href":"https:\/\/api.w.org\/{rel}","templated":true}]}}