{"id":23034,"date":"2024-05-30T13:48:16","date_gmt":"2024-05-30T16:48:16","guid":{"rendered":"https:\/\/imais.online\/portal\/?p=23034"},"modified":"2024-05-30T13:48:17","modified_gmt":"2024-05-30T16:48:17","slug":"maio-musical-recebeu-mais-de-200-mil-pessoas-durante-toda-a-programacao","status":"publish","type":"post","link":"https:\/\/imais.online\/portal\/maio-musical-recebeu-mais-de-200-mil-pessoas-durante-toda-a-programacao\/","title":{"rendered":"Maio Musical recebeu mais de 200 mil pessoas durante toda a programa\u00e7\u00e3o"},"content":{"rendered":"<div class=\"imais-before-content-placement\" id=\"imais-2579957131\"><script async src=\"\/\/pagead2.googlesyndication.com\/pagead\/js\/adsbygoogle.js?client=ca-pub-8787528412751566\" crossorigin=\"anonymous\"><\/script><ins class=\"adsbygoogle\" style=\"display:block;\" data-ad-client=\"ca-pub-8787528412751566\" \ndata-ad-slot=\"\" \ndata-ad-format=\"auto\"><\/ins>\n<script> \n(adsbygoogle = window.adsbygoogle || []).push({}); \n<\/script>\n<\/div>\n<p class=\"has-text-align-center\"><em>Ao todo quatro dias bateram o recorde de p\u00fablico prestigiando as atra\u00e7\u00f5es<\/em><\/p>\n\n\n\n<p>A 32\u00aa edi\u00e7\u00e3o do Maio Musical realizada pela Prefeitura de Indaiatuba, por meio da Secretaria de Cultura,&nbsp; que aconteceu do dia 1\u00ba a 26 de maio contou com a presen\u00e7a de mais de &nbsp;200 mil pessoas. Os shows que obtiveram o maior p\u00fablico, acima de 20 mil pessoas aconteceram no dia 1\u00ba de maio com Skive Rock e Rodrigo Teaser,&nbsp; 12 de maio com Samba da Figueira, Grupo Four Samba e a Corpora\u00e7\u00e3o &nbsp;Musical Villa Lobos com Dudu Nobre; 17 de maio com a apresenta\u00e7\u00e3o de Cizara, Juninho Andrade Trio e Evi Goffin e no dia 19 de maio com os artistas Sync2 e Zeeba.<\/p>\n\n\n\n<p>Ao todo, se apresentaram 52 atra\u00e7\u00f5es ao longo do m\u00eas com o total de 455 m\u00fasicos, somando as atra\u00e7\u00f5es locais, convidados e Organiza\u00e7\u00f5es da Sociedade Civil (OSCs). O evento foi gratuito e aberto ao p\u00fablico realizado em quatro locais da cidade: Parque Ecol\u00f3gico, Museu Municipal \u201cAnt\u00f4nio Reginaldo Geiss\u201d Casar\u00e3o Pau Preto, &nbsp;Centro Cultural Hermenegildo Pinto (Piano) e Centro Integrado de Apoio \u00e0 Educa\u00e7\u00e3o de Indaiatuba (Ciaei).&nbsp;<\/p>\n\n\n\n<p><\/p>\n\n\n\n<p><\/p>\n","protected":false},"excerpt":{"rendered":"<p>Ao todo quatro dias bateram o recorde de p\u00fablico prestigiando as atra\u00e7\u00f5es A 32\u00aa edi\u00e7\u00e3o do Maio Musical realizada pela Prefeitura de Indaiatuba, por meio da Secretaria de Cultura,&nbsp; que aconteceu do dia 1\u00ba a 26 de maio contou com a presen\u00e7a de mais de &nbsp;200 mil pessoas. Os shows que obtiveram o maior p\u00fablico, [&hellip;]<\/p>\n","protected":false},"author":7,"featured_media":23035,"comment_status":"closed","ping_status":"open","sticky":false,"template":"","format":"standard","meta":{"rop_custom_images_group":[],"rop_custom_messages_group":[],"rop_publish_now":"initial","rop_publish_now_accounts":[],"rop_publish_now_history":[],"rop_publish_now_status":"pending","footnotes":""},"categories":[188],"tags":[73],"class_list":["post-23034","post","type-post","status-publish","format-standard","has-post-thumbnail","hentry","category-indaiatuba","tag-featured"],"amp_enabled":true,"_links":{"self":[{"href":"https:\/\/imais.online\/portal\/wp-json\/wp\/v2\/posts\/23034","targetHints":{"allow":["GET"]}}],"collection":[{"href":"https:\/\/imais.online\/portal\/wp-json\/wp\/v2\/posts"}],"about":[{"href":"https:\/\/imais.online\/portal\/wp-json\/wp\/v2\/types\/post"}],"author":[{"embeddable":true,"href":"https:\/\/imais.online\/portal\/wp-json\/wp\/v2\/users\/7"}],"replies":[{"embeddable":true,"href":"https:\/\/imais.online\/portal\/wp-json\/wp\/v2\/comments?post=23034"}],"version-history":[{"count":1,"href":"https:\/\/imais.online\/portal\/wp-json\/wp\/v2\/posts\/23034\/revisions"}],"predecessor-version":[{"id":23036,"href":"https:\/\/imais.online\/portal\/wp-json\/wp\/v2\/posts\/23034\/revisions\/23036"}],"wp:featuredmedia":[{"embeddable":true,"href":"https:\/\/imais.online\/portal\/wp-json\/wp\/v2\/media\/23035"}],"wp:attachment":[{"href":"https:\/\/imais.online\/portal\/wp-json\/wp\/v2\/media?parent=23034"}],"wp:term":[{"taxonomy":"category","embeddable":true,"href":"https:\/\/imais.online\/portal\/wp-json\/wp\/v2\/categories?post=23034"},{"taxonomy":"post_tag","embeddable":true,"href":"https:\/\/imais.online\/portal\/wp-json\/wp\/v2\/tags?post=23034"}],"curies":[{"name":"wp","href":"https:\/\/api.w.org\/{rel}","templated":true}]}}