{"id":23089,"date":"2024-06-05T09:47:53","date_gmt":"2024-06-05T12:47:53","guid":{"rendered":"https:\/\/imais.online\/portal\/?p=23089"},"modified":"2024-06-05T09:47:53","modified_gmt":"2024-06-05T12:47:53","slug":"greve-dos-motoristas-de-onibus-em-sp-o-que-se-sabe-sobre-a-paralisacao","status":"publish","type":"post","link":"https:\/\/imais.online\/portal\/greve-dos-motoristas-de-onibus-em-sp-o-que-se-sabe-sobre-a-paralisacao\/","title":{"rendered":"Greve dos motoristas de \u00f4nibus em SP: o que se sabe sobre a paralisa\u00e7\u00e3o"},"content":{"rendered":"<div class=\"imais-before-content-placement\" id=\"imais-158906798\"><script async src=\"\/\/pagead2.googlesyndication.com\/pagead\/js\/adsbygoogle.js?client=ca-pub-8787528412751566\" crossorigin=\"anonymous\"><\/script><ins class=\"adsbygoogle\" style=\"display:block;\" data-ad-client=\"ca-pub-8787528412751566\" \ndata-ad-slot=\"\" \ndata-ad-format=\"auto\"><\/ins>\n<script> \n(adsbygoogle = window.adsbygoogle || []).push({}); \n<\/script>\n<\/div>\n<h2 class=\"wp-block-heading\">Prefeitura cobra que grevistas operem com frota m\u00ednima em hor\u00e1rio de pico e que paralisa\u00e7\u00e3o seja avisada 72 horas antes<\/h2>\n\n\n\n<p>Trabalhadores das empresas de \u00f4nibus de S\u00e3o Paulo\u00a0<u><strong>marcaram para a pr\u00f3xima sexta-feira (7) uma greve<\/strong><\/u>\u00a0que dever\u00e1 paralisar a atividade de cerca dos 60 mil profissionais do setor, entre motoristas e cobradores.<\/p>\n\n\n\n<p>A interrup\u00e7\u00e3o do servi\u00e7o foi decidida na tarde desta segunda-feira (3), em assembleia realizada pela categoria na frente da Prefeitura da capital, centro de S\u00e3o Paulo.<\/p>\n\n\n\n<p>Entre a reivindica\u00e7\u00f5es, a dire\u00e7\u00e3o do Sindicato dos Motoristas e Trabalhadores em Transporte Rodovi\u00e1rio Urbano de S\u00e3o Paulo pede reajuste de 3,69% pelo IPCA-IBGE, mais 5% de aumento real e reposi\u00e7\u00e3o das perdas salariais na pandemia na ordem de 2,46%, conforme c\u00e1lculo do Dieese (Departamento Intersindical de Estat\u00edstica e Estudos Socioecon\u00f4micos).<\/p>\n\n\n\n<p>De acordo com o SindMotoristas, \u201cos patr\u00f5es acenaram com apenas 2,77% e composi\u00e7\u00e3o da diferen\u00e7a pelo Salari\u00f4metro (\u00edndice medido pela Fipe)\u201d, mas a proposta j\u00e1 havia sido rejeitada em assembleia no m\u00eas de setembro.<\/p>\n\n\n\n<p>Em nota, a Prefeitura de S\u00e3o Paulo diz que defende o direito \u00e0 livre manifesta\u00e7\u00e3o, mas cobra que a greve seja avisada com 72 horas antes da paralisa\u00e7\u00e3o e pede pela manuten\u00e7\u00e3o de uma frota m\u00ednima em hor\u00e1rios de pico \u201cpara reduzir o impacto junto \u00e0 popula\u00e7\u00e3o\u201d.<\/p>\n\n\n\n<p>\u201dO Munic\u00edpio refor\u00e7a a necessidade de atendimento aos 7 milh\u00f5es de passageiros dos \u00f4nibus para que n\u00e3o sejam prejudicados e informa que o efetivo da GCM estar\u00e1 de prontid\u00e3o para eventuais ocorr\u00eancias\u201d, diz a administra\u00e7\u00e3o no comunicado.<\/p>\n\n\n\n<p>\u201dEm rela\u00e7\u00e3o \u00e0s motiva\u00e7\u00f5es dos trabalhadores, cabe \u00e0 Prefeitura apenas acompanhar a negocia\u00e7\u00e3o entre as partes. A administra\u00e7\u00e3o municipal espera que os representantes da categoria e dos empres\u00e1rios encontrem um ponto em comum na campanha salarial sem preju\u00edzo aos passageiros\u201d, completou.<\/p>\n\n\n\n<p>Fonte R7<\/p>\n","protected":false},"excerpt":{"rendered":"<p>Prefeitura cobra que grevistas operem com frota m\u00ednima em hor\u00e1rio de pico e que paralisa\u00e7\u00e3o seja avisada 72 horas antes Trabalhadores das empresas de \u00f4nibus de S\u00e3o Paulo\u00a0marcaram para a pr\u00f3xima sexta-feira (7) uma greve\u00a0que dever\u00e1 paralisar a atividade de cerca dos 60 mil profissionais do setor, entre motoristas e cobradores. A interrup\u00e7\u00e3o do servi\u00e7o [&hellip;]<\/p>\n","protected":false},"author":8,"featured_media":23090,"comment_status":"closed","ping_status":"open","sticky":false,"template":"","format":"standard","meta":{"rop_custom_images_group":[],"rop_custom_messages_group":[],"rop_publish_now":"initial","rop_publish_now_accounts":[],"rop_publish_now_history":[],"rop_publish_now_status":"pending","footnotes":""},"categories":[189],"tags":[],"class_list":["post-23089","post","type-post","status-publish","format-standard","has-post-thumbnail","hentry","category-brasil"],"amp_enabled":true,"_links":{"self":[{"href":"https:\/\/imais.online\/portal\/wp-json\/wp\/v2\/posts\/23089","targetHints":{"allow":["GET"]}}],"collection":[{"href":"https:\/\/imais.online\/portal\/wp-json\/wp\/v2\/posts"}],"about":[{"href":"https:\/\/imais.online\/portal\/wp-json\/wp\/v2\/types\/post"}],"author":[{"embeddable":true,"href":"https:\/\/imais.online\/portal\/wp-json\/wp\/v2\/users\/8"}],"replies":[{"embeddable":true,"href":"https:\/\/imais.online\/portal\/wp-json\/wp\/v2\/comments?post=23089"}],"version-history":[{"count":1,"href":"https:\/\/imais.online\/portal\/wp-json\/wp\/v2\/posts\/23089\/revisions"}],"predecessor-version":[{"id":23091,"href":"https:\/\/imais.online\/portal\/wp-json\/wp\/v2\/posts\/23089\/revisions\/23091"}],"wp:featuredmedia":[{"embeddable":true,"href":"https:\/\/imais.online\/portal\/wp-json\/wp\/v2\/media\/23090"}],"wp:attachment":[{"href":"https:\/\/imais.online\/portal\/wp-json\/wp\/v2\/media?parent=23089"}],"wp:term":[{"taxonomy":"category","embeddable":true,"href":"https:\/\/imais.online\/portal\/wp-json\/wp\/v2\/categories?post=23089"},{"taxonomy":"post_tag","embeddable":true,"href":"https:\/\/imais.online\/portal\/wp-json\/wp\/v2\/tags?post=23089"}],"curies":[{"name":"wp","href":"https:\/\/api.w.org\/{rel}","templated":true}]}}