{"id":23095,"date":"2024-06-06T09:31:11","date_gmt":"2024-06-06T12:31:11","guid":{"rendered":"https:\/\/imais.online\/portal\/?p=23095"},"modified":"2024-06-06T09:31:11","modified_gmt":"2024-06-06T12:31:11","slug":"tribunal-suspende-decisao-que-barrou-leilao-para-importacao-de-arroz","status":"publish","type":"post","link":"https:\/\/imais.online\/portal\/tribunal-suspende-decisao-que-barrou-leilao-para-importacao-de-arroz\/","title":{"rendered":"Tribunal suspende decis\u00e3o que barrou leil\u00e3o para importa\u00e7\u00e3o de arroz"},"content":{"rendered":"<div class=\"imais-before-content-placement\" id=\"imais-3320021383\"><script async src=\"\/\/pagead2.googlesyndication.com\/pagead\/js\/adsbygoogle.js?client=ca-pub-8787528412751566\" crossorigin=\"anonymous\"><\/script><ins class=\"adsbygoogle\" style=\"display:block;\" data-ad-client=\"ca-pub-8787528412751566\" \ndata-ad-slot=\"\" \ndata-ad-format=\"auto\"><\/ins>\n<script> \n(adsbygoogle = window.adsbygoogle || []).push({}); \n<\/script>\n<\/div>\n<h2 class=\"wp-block-heading\">Decis\u00e3o partiu do presidente do TRF-4, que aceitou recurso feito pela AGU (Advocacia-Geral da Uni\u00e3o) feito nesta quinta-feira (6)<\/h2>\n\n\n\n<p>O presidente do TRF-4 (Tribunal Regional Federal da 4\u00aa Regi\u00e3o), desembargador Fernando Quadros da Silva, aceitou um\u00a0<strong>pedido da AGU (Advocacia-Geral da Uni\u00e3o)<\/strong>\u00a0e suspendeu, nesta quinta-feira (6), a decis\u00e3o que barrava o leil\u00e3o do governo federal para compra internacional de arroz. O leil\u00e3o foi marcado para ser realizado \u00e0s 9h desta quinta.<\/p>\n\n\n\n<p>O leil\u00e3o \u00e9 organizado pela Conab (Companhia Nacional de Abastecimento), que prev\u00ea a compra de at\u00e9 300 mil toneladas de arroz importado, safra 2023\/2024. O produto deve ser entregue at\u00e9 8 de setembro. Al\u00e9m disso, ele precisa ser vendido exclusivamente para o consumidor final, com pre\u00e7o m\u00e1ximo de R$ 4 o quilo.<\/p>\n\n\n\n<p>A medida foi tomada ap\u00f3s as enchentes que devastaram o Rio Grande do Sul, respons\u00e1vel por cerca de 70% da produ\u00e7\u00e3o nacional de arroz. Em rea\u00e7\u00e3o, a (Confedera\u00e7\u00e3o da Agricultura e Pecu\u00e1ria do Brasil), que argumenta que n\u00e3o h\u00e1 risco de desabastecimento, acionou o STF (Supremo Tribunal Federal) contra a decis\u00e3o de importar arroz.<\/p>\n\n\n\n<p>O partido Novo tamb\u00e9m recorreu \u00e0 Justi\u00e7a pedindo que o leil\u00e3o n\u00e3o fosse realizado, e na quarta-feira (5)\u00a0<strong>o juiz do TRF-4 Bruno Risch suspendeu a realiza\u00e7\u00e3o do ato<\/strong>. Na decis\u00e3o liminar, ele pontuou que \u201ca soberania nacional, representada pela ind\u00fastria nacional, em face da produ\u00e7\u00e3o estrangeira, deve ser prestigiada, sempre que poss\u00edvel\u201d.<\/p>\n\n\n\n<p>Nesta quinta, contudo, o presidente do TRF-4 derrubou a liminar. Segundo Quadros da Silva, os motivos que levaram \u00e0 publica\u00e7\u00e3o do edital do leil\u00e3o \u201cs\u00e3o existentes e juridicamente adequados \u00e0 situa\u00e7\u00e3o excepcional vivenciada pelo estado do Rio Grande do Sul, respons\u00e1vel pela produ\u00e7\u00e3o de cerca de 71% do arroz plantado no Brasil\u201d.<\/p>\n\n\n\n<p>Ele destacou, tamb\u00e9m, que \u201ca trag\u00e9dia clim\u00e1tica pela qual est\u00e1 passando o estado ga\u00facho n\u00e3o tem precedentes na hist\u00f3ria nacional e ainda est\u00e1 sendo vivenciada, sendo que a grande maioria dos munic\u00edpios foram afetados de alguma maneira, em maior ou menor propor\u00e7\u00e3o, conforme vem sendo amplamente divulgado na m\u00eddia\u201d.<\/p>\n\n\n\n<p>\u201cN\u00e3o h\u00e1, neste momento, como se ter uma estimativa concreta dos estragos a serem reparados, no entanto, por \u00f3bvio tais preju\u00edzos afetam todos os setores, com evidente repercuss\u00e3o negativa na \u00e1rea agr\u00edcola do estado, sobretudo considerando a perda de lavouras e de outras atividades afetas ao setor, bem como as dificuldades de transporte do produto\u201d, disse o desembargador.<\/p>\n\n\n\n<p>Fonte R7<\/p>\n","protected":false},"excerpt":{"rendered":"<p>Decis\u00e3o partiu do presidente do TRF-4, que aceitou recurso feito pela AGU (Advocacia-Geral da Uni\u00e3o) feito nesta quinta-feira (6) O presidente do TRF-4 (Tribunal Regional Federal da 4\u00aa Regi\u00e3o), desembargador Fernando Quadros da Silva, aceitou um\u00a0pedido da AGU (Advocacia-Geral da Uni\u00e3o)\u00a0e suspendeu, nesta quinta-feira (6), a decis\u00e3o que barrava o leil\u00e3o do governo federal para [&hellip;]<\/p>\n","protected":false},"author":8,"featured_media":23096,"comment_status":"closed","ping_status":"open","sticky":false,"template":"","format":"standard","meta":{"rop_custom_images_group":[],"rop_custom_messages_group":[],"rop_publish_now":"initial","rop_publish_now_accounts":[],"rop_publish_now_history":[],"rop_publish_now_status":"pending","footnotes":""},"categories":[189],"tags":[73],"class_list":["post-23095","post","type-post","status-publish","format-standard","has-post-thumbnail","hentry","category-brasil","tag-featured"],"amp_enabled":true,"_links":{"self":[{"href":"https:\/\/imais.online\/portal\/wp-json\/wp\/v2\/posts\/23095","targetHints":{"allow":["GET"]}}],"collection":[{"href":"https:\/\/imais.online\/portal\/wp-json\/wp\/v2\/posts"}],"about":[{"href":"https:\/\/imais.online\/portal\/wp-json\/wp\/v2\/types\/post"}],"author":[{"embeddable":true,"href":"https:\/\/imais.online\/portal\/wp-json\/wp\/v2\/users\/8"}],"replies":[{"embeddable":true,"href":"https:\/\/imais.online\/portal\/wp-json\/wp\/v2\/comments?post=23095"}],"version-history":[{"count":1,"href":"https:\/\/imais.online\/portal\/wp-json\/wp\/v2\/posts\/23095\/revisions"}],"predecessor-version":[{"id":23097,"href":"https:\/\/imais.online\/portal\/wp-json\/wp\/v2\/posts\/23095\/revisions\/23097"}],"wp:featuredmedia":[{"embeddable":true,"href":"https:\/\/imais.online\/portal\/wp-json\/wp\/v2\/media\/23096"}],"wp:attachment":[{"href":"https:\/\/imais.online\/portal\/wp-json\/wp\/v2\/media?parent=23095"}],"wp:term":[{"taxonomy":"category","embeddable":true,"href":"https:\/\/imais.online\/portal\/wp-json\/wp\/v2\/categories?post=23095"},{"taxonomy":"post_tag","embeddable":true,"href":"https:\/\/imais.online\/portal\/wp-json\/wp\/v2\/tags?post=23095"}],"curies":[{"name":"wp","href":"https:\/\/api.w.org\/{rel}","templated":true}]}}