{"id":23118,"date":"2024-06-07T10:14:55","date_gmt":"2024-06-07T13:14:55","guid":{"rendered":"https:\/\/imais.online\/portal\/?p=23118"},"modified":"2024-06-07T10:14:56","modified_gmt":"2024-06-07T13:14:56","slug":"prefeitura-informa-novos-canais-de-comunicacao-para-solicitar-reparos-na-iluminacao-publica","status":"publish","type":"post","link":"https:\/\/imais.online\/portal\/prefeitura-informa-novos-canais-de-comunicacao-para-solicitar-reparos-na-iluminacao-publica\/","title":{"rendered":"Prefeitura informa novos canais de comunica\u00e7\u00e3o para solicitar reparos na ilumina\u00e7\u00e3o p\u00fablica"},"content":{"rendered":"<div class=\"imais-before-content-placement\" id=\"imais-1723644593\"><script async src=\"\/\/pagead2.googlesyndication.com\/pagead\/js\/adsbygoogle.js?client=ca-pub-8787528412751566\" crossorigin=\"anonymous\"><\/script><ins class=\"adsbygoogle\" style=\"display:block;\" data-ad-client=\"ca-pub-8787528412751566\" \ndata-ad-slot=\"\" \ndata-ad-format=\"auto\"><\/ins>\n<script> \n(adsbygoogle = window.adsbygoogle || []).push({}); \n<\/script>\n<\/div>\n<p><em><small>Solicita\u00e7\u00f5es de reparos tamb\u00e9m podem ser registradas no link dispon\u00edvel no site da Prefeitura<\/small><\/em><\/p>\n\n\n\n<p>A Prefeitura de Indaiatuba, por interm\u00e9dio da Secretaria de Obras e Vias P\u00fablicas, informa que a partir deste m\u00eas a popula\u00e7\u00e3o tamb\u00e9m poder\u00e1 solicitar reparos na ilumina\u00e7\u00e3o p\u00fablica pelos telefones (19)3935-4000 e 0800 0003093. Os novos n\u00fameros s\u00e3o exclusivos para o servi\u00e7o e ampliam os canais de comunica\u00e7\u00e3o j\u00e1 disponibilizados pelo munic\u00edpio para o registro de problemas com l\u00e2mpadas apagadas em vias e \u00e1reas p\u00fablicas. Os mun\u00edcipes podem continuar utilizando o site da Prefeitura \u2013 www.indaiatuba.so.gov.br, no \u00edcone \u201c<a href=\"https:\/\/atendimento.geolux.com.br\/indaiatuba\/\">Ilumina\u00e7\u00e3o P\u00fablica<\/a>\u201d, ou o aplicativo Telegram pelo contato Geolux, para smartphones. Desde maio, a manuten\u00e7\u00e3o de ilumina\u00e7\u00e3o p\u00fablica em Indaiatuba \u00e9 executada pela empresa Deep Sky Energia, vencedora da concorr\u00eancia para a presta\u00e7\u00e3o do servi\u00e7o no munic\u00edpio.<\/p>\n\n\n\n<p>A proposta da Administra\u00e7\u00e3o Municipal em disponibilizar canais espec\u00edficos para a manuten\u00e7\u00e3o da ilumina\u00e7\u00e3o p\u00fablica \u00e9 facilitar a comunica\u00e7\u00e3o da popula\u00e7\u00e3o com o Poder P\u00fablico e agilizar a solu\u00e7\u00e3o dos problemas. Dessa forma, a popula\u00e7\u00e3o pode colaborar com a Prefeitura na identifica\u00e7\u00e3o dos pontos de ilumina\u00e7\u00e3o que apresentam problemas, para que sejam executados os reparos necess\u00e1rios no menor per\u00edodo de tempo poss\u00edvel. Por contrato, a empresa tem 48 horas para a solu\u00e7\u00e3o dos problemas ap\u00f3s o registro da Ordem de Servi\u00e7os.<\/p>\n\n\n\n<p>Indaiatuba conta com aproximadamente 38.8 mil pontos de ilumina\u00e7\u00e3o p\u00fablica cadastrados. Mensalmente s\u00e3o registradas manuten\u00e7\u00f5es de 700 pontos, em m\u00e9dia.<\/p>\n\n\n\n<p>Os servi\u00e7os de manuten\u00e7\u00e3o da ilumina\u00e7\u00e3o p\u00fablica passaram para a responsabilidade da Prefeitura de Indaiatuba em 2015, para atender a resolu\u00e7\u00e3o da Ag\u00eancia Nacional de Energia El\u00e9trica (Aneel). Antes disso, a responsabilidade era das concession\u00e1rias de energia el\u00e9trica, que passaram a responder apenas pelo fornecimento de energia ao munic\u00edpio. Al\u00e9m da manuten\u00e7\u00e3o dos pontos de ilumina\u00e7\u00e3o p\u00fablica j\u00e1 existentes na cidade, cabe aos munic\u00edpios a moderniza\u00e7\u00e3o e amplia\u00e7\u00e3o do sistema.<\/p>\n\n\n\n<p class=\"has-small-font-size\"><strong>#PraTodosVerem:\u00a0<\/strong>foto mostra dois caminh\u00f5es brancos estacionados, um ao lado do outro, com o canteiro da avenida no meio. O bra\u00e7o de seguran\u00e7a instalado na carroceria dos caminh\u00f5es suspende dois funcion\u00e1rios que fazem a manuten\u00e7\u00e3o de l\u00e2mpadas do poste,no canteiro da avenida. Cones nas cores laranja e branco est\u00e3o dispostos no asfalto, na lateral dos caminh\u00f5es, para isolar a \u00e1rea. Fim da descri\u00e7\u00e3o.<\/p>\n","protected":false},"excerpt":{"rendered":"<p>Solicita\u00e7\u00f5es de reparos tamb\u00e9m podem ser registradas no link dispon\u00edvel no site da Prefeitura A Prefeitura de Indaiatuba, por interm\u00e9dio da Secretaria de Obras e Vias P\u00fablicas, informa que a partir deste m\u00eas a popula\u00e7\u00e3o tamb\u00e9m poder\u00e1 solicitar reparos na ilumina\u00e7\u00e3o p\u00fablica pelos telefones (19)3935-4000 e 0800 0003093. Os novos n\u00fameros s\u00e3o exclusivos para o [&hellip;]<\/p>\n","protected":false},"author":8,"featured_media":23119,"comment_status":"closed","ping_status":"open","sticky":false,"template":"","format":"standard","meta":{"rop_custom_images_group":[],"rop_custom_messages_group":[],"rop_publish_now":"initial","rop_publish_now_accounts":[],"rop_publish_now_history":[],"rop_publish_now_status":"pending","footnotes":""},"categories":[188],"tags":[],"class_list":["post-23118","post","type-post","status-publish","format-standard","has-post-thumbnail","hentry","category-indaiatuba"],"amp_enabled":true,"_links":{"self":[{"href":"https:\/\/imais.online\/portal\/wp-json\/wp\/v2\/posts\/23118","targetHints":{"allow":["GET"]}}],"collection":[{"href":"https:\/\/imais.online\/portal\/wp-json\/wp\/v2\/posts"}],"about":[{"href":"https:\/\/imais.online\/portal\/wp-json\/wp\/v2\/types\/post"}],"author":[{"embeddable":true,"href":"https:\/\/imais.online\/portal\/wp-json\/wp\/v2\/users\/8"}],"replies":[{"embeddable":true,"href":"https:\/\/imais.online\/portal\/wp-json\/wp\/v2\/comments?post=23118"}],"version-history":[{"count":1,"href":"https:\/\/imais.online\/portal\/wp-json\/wp\/v2\/posts\/23118\/revisions"}],"predecessor-version":[{"id":23120,"href":"https:\/\/imais.online\/portal\/wp-json\/wp\/v2\/posts\/23118\/revisions\/23120"}],"wp:featuredmedia":[{"embeddable":true,"href":"https:\/\/imais.online\/portal\/wp-json\/wp\/v2\/media\/23119"}],"wp:attachment":[{"href":"https:\/\/imais.online\/portal\/wp-json\/wp\/v2\/media?parent=23118"}],"wp:term":[{"taxonomy":"category","embeddable":true,"href":"https:\/\/imais.online\/portal\/wp-json\/wp\/v2\/categories?post=23118"},{"taxonomy":"post_tag","embeddable":true,"href":"https:\/\/imais.online\/portal\/wp-json\/wp\/v2\/tags?post=23118"}],"curies":[{"name":"wp","href":"https:\/\/api.w.org\/{rel}","templated":true}]}}