{"id":23134,"date":"2024-06-10T09:30:44","date_gmt":"2024-06-10T12:30:44","guid":{"rendered":"https:\/\/imais.online\/portal\/?p=23134"},"modified":"2024-06-10T09:30:45","modified_gmt":"2024-06-10T12:30:45","slug":"prefeita-de-paris-critica-macron-por-convocacao-de-eleicoes-antecipadas-antes-das-olimpiadas-dificil-de-entender","status":"publish","type":"post","link":"https:\/\/imais.online\/portal\/prefeita-de-paris-critica-macron-por-convocacao-de-eleicoes-antecipadas-antes-das-olimpiadas-dificil-de-entender\/","title":{"rendered":"Prefeita de Paris critica Macron por convoca\u00e7\u00e3o de elei\u00e7\u00f5es antecipadas antes das Olimp\u00edadas: &#8216;Dif\u00edcil de entender&#8217;"},"content":{"rendered":"<div class=\"imais-before-content-placement\" id=\"imais-413401928\"><script async src=\"\/\/pagead2.googlesyndication.com\/pagead\/js\/adsbygoogle.js?client=ca-pub-8787528412751566\" crossorigin=\"anonymous\"><\/script><ins class=\"adsbygoogle\" style=\"display:block;\" data-ad-client=\"ca-pub-8787528412751566\" \ndata-ad-slot=\"\" \ndata-ad-format=\"auto\"><\/ins>\n<script> \n(adsbygoogle = window.adsbygoogle || []).push({}); \n<\/script>\n<\/div>\n<h2 class=\"wp-block-heading\">Vota\u00e7\u00e3o deve acontecer em dois turnos, nos dias 30 de junho e 7 de julho, enquanto as Olimp\u00edadas come\u00e7ar\u00e3o em 26 de julho<\/h2>\n\n\n\n<p>A prefeita de Paris, Anne Hidalgo, classificou como &#8220;dif\u00edcil de entender&#8221; a decis\u00e3o do presidente da\u00a0<a class=\"\" href=\"https:\/\/oglobo.globo.com\/tudo-sobre\/pais\/franca\">Fran\u00e7a<\/a>,\u00a0<a class=\"\" href=\"https:\/\/oglobo.globo.com\/tudo-sobre\/politico\/emmanuel-macron\/\">Emmanuel Macron<\/a>, de dissolver a Assembleia Nacional e convocar elei\u00e7\u00f5es legislativas antecipadas, coincidindo com os Jogos Ol\u00edmpicos, que ser\u00e3o realizados na capital francesa.<\/p>\n\n\n\n<p>\u2014 Como muitas pessoas, fiquei chocada ao ouvir o presidente decidir pela dissolu\u00e7\u00e3o. Uma dissolu\u00e7\u00e3o pouco antes dos Jogos \u00e9 realmente algo extremamente perturbador \u2014 disse Hidalgo, que ainda descreveu a decis\u00e3o do presidente como \u201coutra medida que tenho dificuldade em compreender\u201d.<\/p>\n\n\n\n<p>Macron anunciou a dissolu\u00e7\u00e3o da Assembleia no domingo, ap\u00f3s a vit\u00f3ria da extrema direita local na vota\u00e7\u00e3o do Parlamento Europeu. Em um pronunciamento, o presidente disse que a decis\u00e3o cumpre o artigo 12 da Constitui\u00e7\u00e3o francesa, que define que, neste caso, &#8220;as elei\u00e7\u00f5es gerais ocorrem no m\u00ednimo vinte dias e no m\u00e1ximo quarenta dias ap\u00f3s a dissolu\u00e7\u00e3o&#8221;. A vota\u00e7\u00e3o acontecer\u00e1 em dois turnos, nos dias 30 de junho e 7 de julho, enquanto as Olimp\u00edadas come\u00e7ar\u00e3o em 26 de julho.<\/p>\n\n\n\n<p>Apesar da preocupa\u00e7\u00e3o, autoridades ligadas \u00e0 organiza\u00e7\u00e3o das Olimp\u00edadas afirmaram que o processo eleitoral n\u00e3o deve afetar a realiza\u00e7\u00e3o dos Jogos. Em uma declara\u00e7\u00e3o no domingo, o presidente do Comit\u00ea Ol\u00edmpico Internacional (COI), Thomas Bach, disse que o evento esportivo vai acontecer de qualquer maneira.<\/p>\n\n\n\n<p>\u2014 Vemos uma grande unidade em favor dos jogos de Paris \u2014 disse Bach. \u2014 Fran\u00e7a est\u00e1 acostumada a celebrar elei\u00e7\u00f5es e o que vai voltar a fazer, ter\u00e1 um novo governo e um novo Parlamento e todo o mundo apoiar\u00e1 os jogos. (Com AFP)<\/p>\n\n\n\n<p>Fonte O Globo <\/p>\n","protected":false},"excerpt":{"rendered":"<p>Vota\u00e7\u00e3o deve acontecer em dois turnos, nos dias 30 de junho e 7 de julho, enquanto as Olimp\u00edadas come\u00e7ar\u00e3o em 26 de julho A prefeita de Paris, Anne Hidalgo, classificou como &#8220;dif\u00edcil de entender&#8221; a decis\u00e3o do presidente da\u00a0Fran\u00e7a,\u00a0Emmanuel Macron, de dissolver a Assembleia Nacional e convocar elei\u00e7\u00f5es legislativas antecipadas, coincidindo com os Jogos Ol\u00edmpicos, [&hellip;]<\/p>\n","protected":false},"author":8,"featured_media":23135,"comment_status":"closed","ping_status":"open","sticky":false,"template":"","format":"standard","meta":{"rop_custom_images_group":[],"rop_custom_messages_group":[],"rop_publish_now":"initial","rop_publish_now_accounts":[],"rop_publish_now_history":[],"rop_publish_now_status":"pending","footnotes":""},"categories":[212],"tags":[73],"class_list":["post-23134","post","type-post","status-publish","format-standard","has-post-thumbnail","hentry","category-internacional","tag-featured"],"amp_enabled":true,"_links":{"self":[{"href":"https:\/\/imais.online\/portal\/wp-json\/wp\/v2\/posts\/23134","targetHints":{"allow":["GET"]}}],"collection":[{"href":"https:\/\/imais.online\/portal\/wp-json\/wp\/v2\/posts"}],"about":[{"href":"https:\/\/imais.online\/portal\/wp-json\/wp\/v2\/types\/post"}],"author":[{"embeddable":true,"href":"https:\/\/imais.online\/portal\/wp-json\/wp\/v2\/users\/8"}],"replies":[{"embeddable":true,"href":"https:\/\/imais.online\/portal\/wp-json\/wp\/v2\/comments?post=23134"}],"version-history":[{"count":1,"href":"https:\/\/imais.online\/portal\/wp-json\/wp\/v2\/posts\/23134\/revisions"}],"predecessor-version":[{"id":23136,"href":"https:\/\/imais.online\/portal\/wp-json\/wp\/v2\/posts\/23134\/revisions\/23136"}],"wp:featuredmedia":[{"embeddable":true,"href":"https:\/\/imais.online\/portal\/wp-json\/wp\/v2\/media\/23135"}],"wp:attachment":[{"href":"https:\/\/imais.online\/portal\/wp-json\/wp\/v2\/media?parent=23134"}],"wp:term":[{"taxonomy":"category","embeddable":true,"href":"https:\/\/imais.online\/portal\/wp-json\/wp\/v2\/categories?post=23134"},{"taxonomy":"post_tag","embeddable":true,"href":"https:\/\/imais.online\/portal\/wp-json\/wp\/v2\/tags?post=23134"}],"curies":[{"name":"wp","href":"https:\/\/api.w.org\/{rel}","templated":true}]}}