{"id":23146,"date":"2024-06-11T09:46:55","date_gmt":"2024-06-11T12:46:55","guid":{"rendered":"https:\/\/imais.online\/portal\/?p=23146"},"modified":"2024-06-11T09:46:56","modified_gmt":"2024-06-11T12:46:56","slug":"prefeito-nilson-gaspar-entrega-casas-dos-condominios-marsala-e-vittoria-no-residencial-ceu-azul","status":"publish","type":"post","link":"https:\/\/imais.online\/portal\/prefeito-nilson-gaspar-entrega-casas-dos-condominios-marsala-e-vittoria-no-residencial-ceu-azul\/","title":{"rendered":"Prefeito Nilson Gaspar entrega casas dos condom\u00ednios Marsala e Vittoria no Residencial C\u00e9u Azul"},"content":{"rendered":"<div class=\"imais-before-content-placement\" id=\"imais-2187914146\"><script async src=\"\/\/pagead2.googlesyndication.com\/pagead\/js\/adsbygoogle.js?client=ca-pub-8787528412751566\" crossorigin=\"anonymous\"><\/script><ins class=\"adsbygoogle\" style=\"display:block;\" data-ad-client=\"ca-pub-8787528412751566\" \ndata-ad-slot=\"\" \ndata-ad-format=\"auto\"><\/ins>\n<script> \n(adsbygoogle = window.adsbygoogle || []).push({}); \n<\/script>\n<\/div>\n<p><em><small>Moradores come\u00e7am a mudar a partir desta segunda-feira (10\/06) para o empreendimento<\/small><\/em><\/p>\n\n\n\n<p>O prefeito Nilson Gaspar (MDB) e o vice-prefeito Dr\u00ba Tulio Jos\u00e9 Tomass do Couto, por meio da Secretaria de Habita\u00e7\u00e3o e em parceria com a empresa VIC Engenharia LTDA, que \u00e9 a respons\u00e1vel pela execu\u00e7\u00e3o da obra, entregaram no \u00faltimo s\u00e1bado (08\/06) as chaves dos condom\u00ednios Villa VIC Sic\u00edlia Marsala e Villa VIC Sic\u00edlia Vittoria do C\u00e9u Azul Residencial. Ao todo, somam 520 casas sobrepostas realizadas em parceria com a Prefeitura de Indaiatuba, Governo Federal e a iniciativa privada, atrav\u00e9s do Programa Minha Casa Minha Vida.<\/p>\n\n\n\n<p>De acordo com o prefeito, Nilson Gaspar, este projeto foi estudado e idealizado ainda no primeiro mandato. \u201cN\u00f3s criamos o Programa Residencial C\u00e9u Azul, um projeto do no meu plano de Governo. &nbsp;Realizamos uma entrega parcial de 520 unidades habitacionais que pertencem aos condom\u00ednios Villa VIC Sic\u00edlia Marsala e Villa VIC Sic\u00edlia Vittoria. Atrav\u00e9s de uma parceria p\u00fablico privada com a empresa VIC pudemos realizar o sonho de 728 fam\u00edlias, incluindo o Bruxelas que foi entregue no ano passado. Fico feliz em poder participar da realiza\u00e7\u00e3o do sonho de tantas fam\u00edlias que almejam ter a casa&nbsp; pr\u00f3pria\u201d.<\/p>\n\n\n\n<p>A Prefeitura disponibilizou a \u00e1rea e a empresa VIC Engenharia LTDA &nbsp;foi respons\u00e1vel pela infraestrutura toda da constru\u00e7\u00e3o. A contrapartida para realizar a obra foi \u00e0 constru\u00e7\u00e3o de pr\u00e9dios e atividades p\u00fablicas, por exemplo, uma creche. Na Veredas ser\u00e1 disponibilizada uma escola e um centro comunit\u00e1rio. J\u00e1 no Bela Vista, ter\u00e1 um posto de sa\u00fade para poder atender toda a regi\u00e3o.<\/p>\n\n\n\n<p>Na cerim\u00f4nia, receberam as chaves de forma simb\u00f3lica no palco junto das autoridades presentes, as fam\u00edlias do Yuri Fermino do bloco 11 do condom\u00ednio Villa VIC&nbsp;Sic\u00edlia&nbsp;Vitt\u00f3ria e da Andressa Carolina Fornazieri do bloco 28 do condom\u00ednio Villa VIC Sic\u00edlia Marsala. Ap\u00f3s o evento, todos os moradores aptos foram conduzidos para retirar as chaves dentro do condom\u00ednio, em uma estrutura disponibilizada pelo empreendimento. A partir de hoje (10\/06), os moradores j\u00e1 podem realizar as mudan\u00e7as no local.<\/p>\n\n\n\n<figure class=\"wp-block-image size-full\"><img loading=\"lazy\" decoding=\"async\" width=\"900\" height=\"600\" src=\"https:\/\/imais.online\/portal\/wp-content\/uploads\/2024\/06\/image.jpeg\" alt=\"\" class=\"wp-image-23147\" srcset=\"https:\/\/imais.online\/portal\/wp-content\/uploads\/2024\/06\/image.jpeg 900w, https:\/\/imais.online\/portal\/wp-content\/uploads\/2024\/06\/image-300x200.jpeg 300w, https:\/\/imais.online\/portal\/wp-content\/uploads\/2024\/06\/image-768x512.jpeg 768w\" sizes=\"auto, (max-width: 900px) 100vw, 900px\" \/><\/figure>\n\n\n\n<p class=\"has-small-font-size\">Andressa Carolina Fornazieri recebendo a chave simb\u00f3lica das m\u00e3os do prefeito Nilson Gaspar, Vice- prefeito, T\u00falio Thomass do Couto;&nbsp;s\u00f3cio diretor da VIC Engenharia, Alexandre Toledo e autoridades.<\/p>\n\n\n\n<figure class=\"wp-block-image size-large\"><img loading=\"lazy\" decoding=\"async\" width=\"1024\" height=\"683\" src=\"https:\/\/imais.online\/portal\/wp-content\/uploads\/2024\/06\/image-1-1024x683.jpeg\" alt=\"\" class=\"wp-image-23148\" srcset=\"https:\/\/imais.online\/portal\/wp-content\/uploads\/2024\/06\/image-1-1024x683.jpeg 1024w, https:\/\/imais.online\/portal\/wp-content\/uploads\/2024\/06\/image-1-300x200.jpeg 300w, https:\/\/imais.online\/portal\/wp-content\/uploads\/2024\/06\/image-1-768x512.jpeg 768w, https:\/\/imais.online\/portal\/wp-content\/uploads\/2024\/06\/image-1-1536x1024.jpeg 1536w, https:\/\/imais.online\/portal\/wp-content\/uploads\/2024\/06\/image-1.jpeg 1599w\" sizes=\"auto, (max-width: 1024px) 100vw, 1024px\" \/><\/figure>\n\n\n\n<p class=\"has-small-font-size\">Yuri Fermino&nbsp;recebendo a chave simb\u00f3lica das m\u00e3os do prefeito Nilson Gaspar, Vice- prefeito, T\u00falio Thomass do Couto;&nbsp;s\u00f3cio diretor da VIC Engenharia, Alexandre Toledo e autoridades.<\/p>\n\n\n\n<p>\u201cGostaria de parabenizar a todos voc\u00eas, porque obter a casa pr\u00f3pria foi m\u00e9rito de voc\u00eas e que acreditaram no sonho do prefeito. Esse programa para sair do papel passou por projeto, vontade pol\u00edtica e apoio da C\u00e2mara. Neste, como em todos os projetos da Secretaria de Habita\u00e7\u00e3o tivemos a colabora\u00e7\u00e3o em todas as instancias. Estamos entregando nosso terceiro condom\u00ednio do Programa Residencial C\u00e9u Azul e, para n\u00f3s, \u00e9 gratificante fazer parte do sonho de cada um que vai pegar essa chave, pois v\u00e3o deixar a vida de aluguel para ter o pr\u00f3prio im\u00f3vel\u201d, disse o secret\u00e1rio de Habita\u00e7\u00e3o.<\/p>\n\n\n\n<p>As casas s\u00e3o compostas por dois quartos, sala, cozinha, banheiro e lavanderia. Os im\u00f3veis t\u00e9rreos ter\u00e3o 51,52m\u00b2 e o segundo pavimento unidade com varanda 43,47m\u00b2. A \u00e1rea comum contar\u00e1 ainda com quadra poliesportiva, sal\u00e3o de festas com churrasqueira, piscinas, playground, academia ao ar livre, horta e pomar. Tamb\u00e9m conta, no entorno, com equipamentos p\u00fablicos para servi\u00e7os essenciais para a popula\u00e7\u00e3o local, como: creche municipal, escola municipal de ensino b\u00e1sico, unidade de sa\u00fade e um centro comunit\u00e1rio, al\u00e9m de pavimenta\u00e7\u00e3o e infraestrutura da Rua Octac\u00edlio Groff, que d\u00e1 acesso ao bairro.<\/p>\n\n\n\n<p>O s\u00f3cio diretor da VIC Engenharia, Alexandre Toledo, relata que o compromisso da empresa \u00e9 entregar sonhos. \u201cTodas as nossas empresas est\u00e3o relacionadas \u00e0 quest\u00e3o social. Sempre priorizando o compromisso de melhorar a qualidade de vida dos beneficiados. Voc\u00eas t\u00eam a felicidade de morar em um local como este. Todos se dedicaram muito para essa entrega e o resultado n\u00e3o poderia ser melhor. Mais de 500 fam\u00edlias estar\u00e3o entrando em um im\u00f3vel bem localizado e que ao redor contar\u00e1 com uma&nbsp; infraestrutura de qualidade com creche, escola e posto de sa\u00fade que \u00e9 fruto da parceria p\u00fablico-privada\u201d.<\/p>\n\n\n\n<p>Participaram da cerim\u00f4nia de entrega de chaves o Deputado Estadual, Ricardo Fran\u00e7a, os vereadores, Alexandre Peres que representou o presidente da C\u00e2mara Municipal, Luiz Carlos Chiaparine e Luiz Alberto Pereira. Tamb\u00e9m marcou presen\u00e7a no evento a superintendente comercial da VIC Engenharia, Elisangela Santos; o s\u00f3cio diretor da VIC Engenharia, Alexandre Toledo e os secret\u00e1rios municipais.<\/p>\n\n\n\n<p><strong>&nbsp;Sobre o C\u00e9u Azul Residencial<\/strong><\/p>\n\n\n\n<p>O C\u00e9u Azul \u00e9 um programa habitacional da Administra\u00e7\u00e3o Municipal em parceria com a Vic Engenharia LTDA, com a aprova\u00e7\u00e3o de financiamento junto \u00e0 Caixa Econ\u00f4mica Federal. A \u00e1rea total do terreno onde est\u00e1 situado o Programa C\u00e9u Azul Residencial \u00e9 de 210.343,57m\u00b2. O local contar\u00e1 com seis condom\u00ednios: Bruxelas (208 unidades); Floren\u00e7a (248 unidades); Sardenha (312 unidades); Pisa (320 unidades); Sic\u00edlia\/ Vit\u00f3ria (248 unidades) e Sic\u00edlia\/ Marsala (272 unidades).<\/p>\n\n\n\n<p class=\"has-small-font-size\"><strong>#PraTodosVerem:\u00a0<\/strong>Na foto, as autoridades no palco entregando a chave simb\u00f3lica para a moradora do condominio Villa VIC Marsala. No palco, est\u00e3o o Deputado Ricardo Fran\u00e7a, a superintendente comercial da VIC Engenharia, Elisangela Santos; o vereador Luiz Carlos Pereira (Cebolinha), o secret\u00e1rio de Habita\u00e7\u00e3o, Osni Wulf; o vereador, Alexandre Peres; o s\u00f3cio diretor da VIC Engenharia, Alexandre Toledo; Andressa Carolina Fornazieri (moradora do Marsala); o prefeito, Nilson Gaspar e o vice-prefeito. Fim da descri\u00e7\u00e3o.<\/p>\n","protected":false},"excerpt":{"rendered":"<p>Moradores come\u00e7am a mudar a partir desta segunda-feira (10\/06) para o empreendimento O prefeito Nilson Gaspar (MDB) e o vice-prefeito Dr\u00ba Tulio Jos\u00e9 Tomass do Couto, por meio da Secretaria de Habita\u00e7\u00e3o e em parceria com a empresa VIC Engenharia LTDA, que \u00e9 a respons\u00e1vel pela execu\u00e7\u00e3o da obra, entregaram no \u00faltimo s\u00e1bado (08\/06) as [&hellip;]<\/p>\n","protected":false},"author":8,"featured_media":23149,"comment_status":"closed","ping_status":"open","sticky":false,"template":"","format":"standard","meta":{"rop_custom_images_group":[],"rop_custom_messages_group":[],"rop_publish_now":"initial","rop_publish_now_accounts":[],"rop_publish_now_history":[],"rop_publish_now_status":"pending","footnotes":""},"categories":[188],"tags":[73],"class_list":["post-23146","post","type-post","status-publish","format-standard","has-post-thumbnail","hentry","category-indaiatuba","tag-featured"],"amp_enabled":true,"_links":{"self":[{"href":"https:\/\/imais.online\/portal\/wp-json\/wp\/v2\/posts\/23146","targetHints":{"allow":["GET"]}}],"collection":[{"href":"https:\/\/imais.online\/portal\/wp-json\/wp\/v2\/posts"}],"about":[{"href":"https:\/\/imais.online\/portal\/wp-json\/wp\/v2\/types\/post"}],"author":[{"embeddable":true,"href":"https:\/\/imais.online\/portal\/wp-json\/wp\/v2\/users\/8"}],"replies":[{"embeddable":true,"href":"https:\/\/imais.online\/portal\/wp-json\/wp\/v2\/comments?post=23146"}],"version-history":[{"count":1,"href":"https:\/\/imais.online\/portal\/wp-json\/wp\/v2\/posts\/23146\/revisions"}],"predecessor-version":[{"id":23150,"href":"https:\/\/imais.online\/portal\/wp-json\/wp\/v2\/posts\/23146\/revisions\/23150"}],"wp:featuredmedia":[{"embeddable":true,"href":"https:\/\/imais.online\/portal\/wp-json\/wp\/v2\/media\/23149"}],"wp:attachment":[{"href":"https:\/\/imais.online\/portal\/wp-json\/wp\/v2\/media?parent=23146"}],"wp:term":[{"taxonomy":"category","embeddable":true,"href":"https:\/\/imais.online\/portal\/wp-json\/wp\/v2\/categories?post=23146"},{"taxonomy":"post_tag","embeddable":true,"href":"https:\/\/imais.online\/portal\/wp-json\/wp\/v2\/tags?post=23146"}],"curies":[{"name":"wp","href":"https:\/\/api.w.org\/{rel}","templated":true}]}}