{"id":23151,"date":"2024-06-11T09:50:19","date_gmt":"2024-06-11T12:50:19","guid":{"rendered":"https:\/\/imais.online\/portal\/?p=23151"},"modified":"2024-06-11T09:50:20","modified_gmt":"2024-06-11T12:50:20","slug":"abrigo-provisorio-de-inverno-para-pessoas-em-situacao-de-rua-comeca-dia-13-em-indaiatuba","status":"publish","type":"post","link":"https:\/\/imais.online\/portal\/abrigo-provisorio-de-inverno-para-pessoas-em-situacao-de-rua-comeca-dia-13-em-indaiatuba\/","title":{"rendered":"Abrigo Provis\u00f3rio de Inverno para pessoas em situa\u00e7\u00e3o de rua come\u00e7a dia 13 em Indaiatuba"},"content":{"rendered":"<div class=\"imais-before-content-placement\" id=\"imais-3930558869\"><script async src=\"\/\/pagead2.googlesyndication.com\/pagead\/js\/adsbygoogle.js?client=ca-pub-8787528412751566\" crossorigin=\"anonymous\"><\/script><ins class=\"adsbygoogle\" style=\"display:block;\" data-ad-client=\"ca-pub-8787528412751566\" \ndata-ad-slot=\"\" \ndata-ad-format=\"auto\"><\/ins>\n<script> \n(adsbygoogle = window.adsbygoogle || []).push({}); \n<\/script>\n<\/div>\n<p><em><small>P\u00fablico receber\u00e1 janta e banho no Creas e passar\u00e1 a noite na Igreja Maria Goretti no Jardim Santa Cruz<\/small><\/em><\/p>\n\n\n\n<p>A Prefeitura de Indaiatuba por meio da Secretaria de Assist\u00eancia Social inicia a partir da pr\u00f3xima quinta-feira (13) o Alojamento Provis\u00f3rio de Inverno, que acolhe pessoas em situa\u00e7\u00e3o de rua durante o per\u00edodo noturno em virtude das baixas temperaturas previstas para as pr\u00f3ximas semanas. O Creas (Centro de Refer\u00eancia Especializado de Assist\u00eancia Social) e a Igreja Maria Goretti ser\u00e3o utilizados para esta a\u00e7\u00e3o, assim como foi no ano passado.<\/p>\n\n\n\n<p>A Prefeitura de Indaiatuba tamb\u00e9m anunciou que as pessoas em situa\u00e7\u00e3o de rua que tiverem animais poder\u00e3o levar consigo, pois assim como em outros anos, haver\u00e1 o Abrigo PET, com equipes especializadas aptas para realizar esses atendimentos.<\/p>\n\n\n\n<p>Diariamente a partir das 19h, a equipe do Creas realizar\u00e1 uma triagem social, disponibilizar\u00e1 banho, higiene pessoal e jantar e, ap\u00f3s isso, as pessoas ser\u00e3o direcionadas at\u00e9 a Igreja Maria Goretti \u2013 que est\u00e1 a poucos metros do primeiro local \u2013 para a acomoda\u00e7\u00e3o e pernoite. A partir das 7h30 ser\u00e1 servido o caf\u00e9 da manh\u00e3 no Creas e na sequ\u00eancia ser\u00e1 poss\u00edvel realizar outros atendimentos que o p\u00fablico necessitar, podendo retornar novamente no final do dia.&nbsp;<\/p>\n\n\n\n<p>Haver\u00e1 uma equipe realizando a fun\u00e7\u00e3o de busca ativa diariamente, das 17h \u00e0s 19h, ampliando a divulga\u00e7\u00e3o do servi\u00e7o e conduzindo para o Cras \u00e0queles que estejam mais distantes e sem condi\u00e7\u00f5es de irem sozinhos.<\/p>\n\n\n\n<p>Esta a\u00e7\u00e3o, coordenada pela Secretaria de Assist\u00eancia Social, contar\u00e1 com o apoio de diversas secretarias. A Secretaria de Sa\u00fade participar\u00e1 da triagem e a Seguran\u00e7a P\u00fablica dar\u00e1 todo o apoio atrav\u00e9s da Guarda Civil. As secretarias de Esportes, Educa\u00e7\u00e3o, Servi\u00e7os Urbanos e Meio Ambiente, o Funssol e o SAAE contribuem para organiza\u00e7\u00e3o e acomoda\u00e7\u00e3o no alojamento.<\/p>\n\n\n\n<p>O local ter\u00e1 condi\u00e7\u00f5es de receber ao todo 43 pessoas em situa\u00e7\u00e3o de rua, 29 homens e 14 mulheres, que poder\u00e3o passar a noite abrigados.<\/p>\n\n\n\n<p>A Secretaria de Assist\u00eancia Social faz o alerta para que a popula\u00e7\u00e3o de Indaiatuba auxilie a identifica\u00e7\u00e3o destas pessoas em situa\u00e7\u00e3o de rua atrav\u00e9s do telefone do Creas (19) 3875-9898 \/ 0800 &#8211; 772 7721, de segunda a sexta, das 8h \u00e0s 17h.<\/p>\n\n\n\n<p><strong>Servi\u00e7o<\/strong><\/p>\n\n\n\n<p>Alojamento Provis\u00f3rio de Inverno 2024<\/p>\n\n\n\n<p>Data: a partir de 13 de junho<\/p>\n\n\n\n<p>Hor\u00e1rio: \u00e0s 19h no Creas e \u00e0s 21h na Igreja Maria Goretti<\/p>\n\n\n\n<p class=\"has-small-font-size\">Local: Creas &#8211; Rua Jos\u00e9 Francisco Tuon, 121, Jardim Santa Cruz \/ Igreja Maria Goretti &#8211; Av. Francisco de Paula Leite, 845 &#8211; Jardim Santa Cruz<img decoding=\"async\" src=\"blob:https:\/\/imais.online\/d4da1944-b2eb-4ba1-9ce7-5b9d3f53b348\">Foto: Eliandro Figueira RIC\/PMI<\/p>\n\n\n\n<p class=\"has-small-font-size\"><strong>#PraTodosVerem 2:&nbsp;<\/strong>Foto colorida da fachada da Igreja Maria Goretti no Jardim Santa Cruz. A igreja est\u00e1 com as paredes pintadas da cor bege. \u00c0 frente est\u00e1 um ponto de \u00f4nibus. Fim da descri\u00e7\u00e3o.<\/p>\n","protected":false},"excerpt":{"rendered":"<p>P\u00fablico receber\u00e1 janta e banho no Creas e passar\u00e1 a noite na Igreja Maria Goretti no Jardim Santa Cruz A Prefeitura de Indaiatuba por meio da Secretaria de Assist\u00eancia Social inicia a partir da pr\u00f3xima quinta-feira (13) o Alojamento Provis\u00f3rio de Inverno, que acolhe pessoas em situa\u00e7\u00e3o de rua durante o per\u00edodo noturno em virtude [&hellip;]<\/p>\n","protected":false},"author":8,"featured_media":23152,"comment_status":"closed","ping_status":"open","sticky":false,"template":"","format":"standard","meta":{"rop_custom_images_group":[],"rop_custom_messages_group":[],"rop_publish_now":"initial","rop_publish_now_accounts":[],"rop_publish_now_history":[],"rop_publish_now_status":"pending","footnotes":""},"categories":[188],"tags":[],"class_list":["post-23151","post","type-post","status-publish","format-standard","has-post-thumbnail","hentry","category-indaiatuba"],"amp_enabled":true,"_links":{"self":[{"href":"https:\/\/imais.online\/portal\/wp-json\/wp\/v2\/posts\/23151","targetHints":{"allow":["GET"]}}],"collection":[{"href":"https:\/\/imais.online\/portal\/wp-json\/wp\/v2\/posts"}],"about":[{"href":"https:\/\/imais.online\/portal\/wp-json\/wp\/v2\/types\/post"}],"author":[{"embeddable":true,"href":"https:\/\/imais.online\/portal\/wp-json\/wp\/v2\/users\/8"}],"replies":[{"embeddable":true,"href":"https:\/\/imais.online\/portal\/wp-json\/wp\/v2\/comments?post=23151"}],"version-history":[{"count":1,"href":"https:\/\/imais.online\/portal\/wp-json\/wp\/v2\/posts\/23151\/revisions"}],"predecessor-version":[{"id":23153,"href":"https:\/\/imais.online\/portal\/wp-json\/wp\/v2\/posts\/23151\/revisions\/23153"}],"wp:featuredmedia":[{"embeddable":true,"href":"https:\/\/imais.online\/portal\/wp-json\/wp\/v2\/media\/23152"}],"wp:attachment":[{"href":"https:\/\/imais.online\/portal\/wp-json\/wp\/v2\/media?parent=23151"}],"wp:term":[{"taxonomy":"category","embeddable":true,"href":"https:\/\/imais.online\/portal\/wp-json\/wp\/v2\/categories?post=23151"},{"taxonomy":"post_tag","embeddable":true,"href":"https:\/\/imais.online\/portal\/wp-json\/wp\/v2\/tags?post=23151"}],"curies":[{"name":"wp","href":"https:\/\/api.w.org\/{rel}","templated":true}]}}