{"id":23157,"date":"2024-06-12T09:35:57","date_gmt":"2024-06-12T12:35:57","guid":{"rendered":"https:\/\/imais.online\/portal\/?p=23157"},"modified":"2024-06-12T09:35:57","modified_gmt":"2024-06-12T12:35:57","slug":"fiec-portas-abertas-e-semana-de-educacao-e-cultura-e-realizado-em-indaiatuba","status":"publish","type":"post","link":"https:\/\/imais.online\/portal\/fiec-portas-abertas-e-semana-de-educacao-e-cultura-e-realizado-em-indaiatuba\/","title":{"rendered":"Fiec Portas Abertas e Semana de Educa\u00e7\u00e3o e Cultura \u00e9 realizado em Indaiatuba"},"content":{"rendered":"<div class=\"imais-before-content-placement\" id=\"imais-487843655\"><script async src=\"\/\/pagead2.googlesyndication.com\/pagead\/js\/adsbygoogle.js?client=ca-pub-8787528412751566\" crossorigin=\"anonymous\"><\/script><ins class=\"adsbygoogle\" style=\"display:block;\" data-ad-client=\"ca-pub-8787528412751566\" \ndata-ad-slot=\"\" \ndata-ad-format=\"auto\"><\/ins>\n<script> \n(adsbygoogle = window.adsbygoogle || []).push({}); \n<\/script>\n<\/div>\n<p><em><small>Fiec realiza o evento Fiec Portas Abertas e encerra com \u00eaxito a Semana de Educa\u00e7\u00e3o e Cultura<\/small><\/em><\/p>\n\n\n\n<p>A Prefeitura Municipal de Indaiatuba, por meio da Funda\u00e7\u00e3o Indaiatubana de Educa\u00e7\u00e3o e Cultura &#8211; Fiec, realizou no dia 07 de junho de 2024, sexta-feira, das 15h \u00e0s&nbsp;<a>21<\/a>h, o evento Fiec Portas Abertas, que consiste em abrir as suas portas para que a comunidade possa conhecer sua infraestrutura e todas as oportunidades que s\u00e3o oferecidas aos alunos e mun\u00edcipes. O evento contou com a presen\u00e7a de aproximadamente 1 mil pessoas.<\/p>\n\n\n\n<p>No mesmo dia acorreu o encerramento da Semana de Educa\u00e7\u00e3o e Cultura, projeto que iniciou no dia 03 de junho de 2024, destinada a diversas a\u00e7\u00f5es que contemplaram a tecnologia e inova\u00e7\u00e3o na educa\u00e7\u00e3o e cultura, apresenta\u00e7\u00e3o de projetos desenvolvidos por alunos nas diversas \u00e1reas do conhecimento e atividades culturais, onde se pode destacar exposi\u00e7\u00f5es diversas, m\u00fasica, dan\u00e7a, quiz cultural, palestras e campeonato de xadrez, entre outras a\u00e7\u00f5es.<\/p>\n\n\n\n<p>O encerramento ocorreu \u00e0s 21h e estiveram presentes&nbsp; a Superintendente da Fiec Rita de C\u00e1ssia Trasferretti, que &nbsp;representou o Prefeito de Indaiatuba Nilsson Gaspar, o Vereador Professor S\u00e9rgio Teixeira, a Diretora de Educa\u00e7\u00e3o e Cultura Eliane Geiss, a Diretora Pedag\u00f3gica Nilza Chavier e a Vice-Diretora Pedag\u00f3gica Marta B\u00e9rgamo.<\/p>\n\n\n\n<p>A Superintendente Rita de C\u00e1ssia Trasferretti deu boas vindas as autoridades e a todos os presentes, destacando a import\u00e2ncia dos eventos Fiec Portas Abertas e\u00a0 Semana de Educa\u00e7\u00e3o e Cultura, que v\u00e3o al\u00e9m da cultura e educa\u00e7\u00e3o, mas de estabelecer novos relacionamentos e fortalecimento destes relacionamentos, destacou a necessidade da uni\u00e3o da fam\u00edlia com a escola e enfatiza os 40 anos de exist\u00eancia da FIEC na forma\u00e7\u00e3o de cidad\u00e3os, destacando que \u201c<em>o cidad\u00e3o pode n\u00e3o ser estudante, mas que o estudante tem que ser cidad\u00e3o, e que na Fiec, todos s\u00e3o\u201d<\/em>.\u00a0 Encerrando os eventos agradeceu as seguintes empresas patrocinadoras IASTECH \u2013 Automa\u00e7\u00e3o, KION SOUTH e INSTITUTO GM e o carinho dos coordenadores presentes.\u00a0<\/p>\n\n\n\n<p class=\"has-small-font-size\"><strong>#PraTodosVerem:\u00a0<\/strong>Foto colorida, no audit\u00f3rio da FIEC, mostrando cinco alunos em apresenta\u00e7\u00e3o musical para a popula\u00e7\u00e3o.<\/p>\n","protected":false},"excerpt":{"rendered":"<p>Fiec realiza o evento Fiec Portas Abertas e encerra com \u00eaxito a Semana de Educa\u00e7\u00e3o e Cultura A Prefeitura Municipal de Indaiatuba, por meio da Funda\u00e7\u00e3o Indaiatubana de Educa\u00e7\u00e3o e Cultura &#8211; Fiec, realizou no dia 07 de junho de 2024, sexta-feira, das 15h \u00e0s&nbsp;21h, o evento Fiec Portas Abertas, que consiste em abrir as [&hellip;]<\/p>\n","protected":false},"author":8,"featured_media":23158,"comment_status":"closed","ping_status":"open","sticky":false,"template":"","format":"standard","meta":{"rop_custom_images_group":[],"rop_custom_messages_group":[],"rop_publish_now":"initial","rop_publish_now_accounts":[],"rop_publish_now_history":[],"rop_publish_now_status":"pending","footnotes":""},"categories":[188],"tags":[],"class_list":["post-23157","post","type-post","status-publish","format-standard","has-post-thumbnail","hentry","category-indaiatuba"],"amp_enabled":true,"_links":{"self":[{"href":"https:\/\/imais.online\/portal\/wp-json\/wp\/v2\/posts\/23157","targetHints":{"allow":["GET"]}}],"collection":[{"href":"https:\/\/imais.online\/portal\/wp-json\/wp\/v2\/posts"}],"about":[{"href":"https:\/\/imais.online\/portal\/wp-json\/wp\/v2\/types\/post"}],"author":[{"embeddable":true,"href":"https:\/\/imais.online\/portal\/wp-json\/wp\/v2\/users\/8"}],"replies":[{"embeddable":true,"href":"https:\/\/imais.online\/portal\/wp-json\/wp\/v2\/comments?post=23157"}],"version-history":[{"count":1,"href":"https:\/\/imais.online\/portal\/wp-json\/wp\/v2\/posts\/23157\/revisions"}],"predecessor-version":[{"id":23159,"href":"https:\/\/imais.online\/portal\/wp-json\/wp\/v2\/posts\/23157\/revisions\/23159"}],"wp:featuredmedia":[{"embeddable":true,"href":"https:\/\/imais.online\/portal\/wp-json\/wp\/v2\/media\/23158"}],"wp:attachment":[{"href":"https:\/\/imais.online\/portal\/wp-json\/wp\/v2\/media?parent=23157"}],"wp:term":[{"taxonomy":"category","embeddable":true,"href":"https:\/\/imais.online\/portal\/wp-json\/wp\/v2\/categories?post=23157"},{"taxonomy":"post_tag","embeddable":true,"href":"https:\/\/imais.online\/portal\/wp-json\/wp\/v2\/tags?post=23157"}],"curies":[{"name":"wp","href":"https:\/\/api.w.org\/{rel}","templated":true}]}}