{"id":23160,"date":"2024-06-12T09:43:14","date_gmt":"2024-06-12T12:43:14","guid":{"rendered":"https:\/\/imais.online\/portal\/?p=23160"},"modified":"2024-06-12T09:43:15","modified_gmt":"2024-06-12T12:43:15","slug":"7a-edicao-da-mostra-livre-de-cinema-acontece-no-dia-16-de-junho-no-casarao-pau-preto","status":"publish","type":"post","link":"https:\/\/imais.online\/portal\/7a-edicao-da-mostra-livre-de-cinema-acontece-no-dia-16-de-junho-no-casarao-pau-preto\/","title":{"rendered":"7\u00aa edi\u00e7\u00e3o da Mostra Livre de Cinema acontece no dia 16 de junho no Casar\u00e3o Pau Preto"},"content":{"rendered":"<div class=\"imais-before-content-placement\" id=\"imais-3253964353\"><script async src=\"\/\/pagead2.googlesyndication.com\/pagead\/js\/adsbygoogle.js?client=ca-pub-8787528412751566\" crossorigin=\"anonymous\"><\/script><ins class=\"adsbygoogle\" style=\"display:block;\" data-ad-client=\"ca-pub-8787528412751566\" \ndata-ad-slot=\"\" \ndata-ad-format=\"auto\"><\/ins>\n<script> \n(adsbygoogle = window.adsbygoogle || []).push({}); \n<\/script>\n<\/div>\n<p><em><small>Ser\u00e3o exibidos dez curtas-metragens infantis de maneira gratuita<\/small><\/em><\/p>\n\n\n\n<p>Indaiatuba recebe no dia 16 de junho \u00e0s 10h a 7\u00aa edi\u00e7\u00e3o da Mostra Livre de Cinema com filmes que contemplam o panorama de exibi\u00e7\u00e3o Infantil. O evento ser\u00e1 realizado no Casar\u00e3o Pau Preto pelo Minist\u00e9rio da Cultura e Governo Federal atrav\u00e9s da LEI de incentivo Paulo Gustavo, produzida pela empresa Frame7 Cinema e conta com o apoio da Prefeitura de Indaiatuba, por meio da Secretaria de Cultura. &nbsp;<\/p>\n\n\n\n<p>O evento se trata de uma mostra internacional de filmes de curta e longa metragem, que acontece de forma itinerante em mais de 20 cidades do estado de S\u00e3o Paulo. Os curtas-metragens ofertados para a cidade s\u00e3o: L\u00e1grima, Mel e Pedrinho; Teo, o menino Azul; Parquinho Jur\u00e1ssico; Quintal; Amiga Lata; A Baleia M\u00e1gica; Super-her\u00f3i do clipe no meio da pra\u00e7a; Where are you from? e Reflorescer.&nbsp;Toda a programa\u00e7\u00e3o \u00e9 gratuita e acess\u00edvel a todo p\u00fablico.<\/p>\n\n\n\n<p><strong>PROGRAMA\u00c7\u00c3O COMPLETA<\/strong><\/p>\n\n\n\n<p><strong>L\u00c1GRIMA&nbsp;<\/strong><\/p>\n\n\n\n<p>Dire\u00e7\u00e3o: Bruna Assis Alves, Gabriella Oliveira Andrade, Daniela Suemi Aoki, Maria Eduarda Jurischka Soares &#8211; Brasil<\/p>\n\n\n\n<p>Rafael chora enquanto se debru\u00e7a em sua mesa. Uma de suas l\u00e1grimas ganha vida um pouco confusa ao atingir a superf\u00edcie. Quando eles se encontram, eles come\u00e7am a visitar algumas de suas mais importantes mem\u00f3rias, momentos quando ele chorou. Desse jeito, a l\u00e1grima ajuda o adolescente a compreender a import\u00e2ncia do choro.&nbsp;<\/p>\n\n\n\n<p><strong>MEL E PEDRINHO<\/strong><\/p>\n\n\n\n<p>Dire\u00e7\u00e3o: Carla Henze, Is\u00e0 Mota &#8211; Brasil<\/p>\n\n\n\n<p>Mel \u00e9 uma abelha africana empoderada que, inspirada por sua tia-av\u00f3, sonha em ser mais que apenas a rainha de sua colmeia, ela quer ser a rainha do funk. Quando Mel decide sair de baixo das ma\u00e7anetas de um carro para ir atr\u00e1s de seu sonho, ela \u201cacidentalmente\u201d conhece Pedrinho, um menino do espectro autista que gosta do sil\u00eancio e paz para tirar suas fotos. Nessa aventura, o grande desafio ser\u00e1 a comunica\u00e7\u00e3o. Ser\u00e1 que esta amizade vai conseguir ultrapassar as diferen\u00e7as?<\/p>\n\n\n\n<p><strong>TEO, O MENINO AZUL<\/strong><\/p>\n\n\n\n<p>Dire\u00e7\u00e3o: Hygor Amorim &#8211; Brasil<\/p>\n\n\n\n<p>Teo \u00e9 um menino inconformado com os problemas do mundo e com o ego\u00edsmo da humanidade. Ap\u00f3s um sonho, ele tem uma ideia fant\u00e1stica de como resolver esses desafios e trazer a paz ao mundo.&nbsp;<\/p>\n\n\n\n<p><strong>PARQUINHO JUR\u00c1SSICO&nbsp;<\/strong><\/p>\n\n\n\n<p>Dire\u00e7\u00e3o: Rafael Francisco &#8211; Brasil<\/p>\n\n\n\n<p>Conhe\u00e7a as aventuras dos dinossauros que viveram no Brasil h\u00e1 mais de 70 milh\u00f5es de anos!<\/p>\n\n\n\n<p><strong>QUINTAL<\/strong><\/p>\n\n\n\n<p>Dire\u00e7\u00e3o: Mariana Netto &#8211; Brasil<\/p>\n\n\n\n<p>A hist\u00f3ria relata o come\u00e7o da amizade entre Diadorim, uma garota sonhadora, e Riobaldo, um alegre p\u00e1ssaro azul. Em lugar abandonado aparentemente esquecido pela cidade grande, eles buscam a liberdade das limita\u00e7\u00f5es impostas pela velocidade das exig\u00eancias do dia a dia.<\/p>\n\n\n\n<p><strong>AMIGA LATA<\/strong><\/p>\n\n\n\n<p>Dire\u00e7\u00e3o: Thiago Cascabulho &#8211; Brasil<\/p>\n\n\n\n<p>Depois que uma lata dourada se prende em sua nadadeira, o peixe cascudo Douradinho empreende uma jornada por seu rio muito polu\u00eddo em busca de um lugar melhor para viver.<\/p>\n\n\n\n<p><strong>A BALEIA M\u00c1GICA<\/strong><\/p>\n\n\n\n<p>Dire\u00e7\u00e3o: Douglas Alves Ferreira &#8211; Brasil<\/p>\n\n\n\n<p>O que acontece quando tr\u00eas crian\u00e7as tem como melhor amiga uma baleia m\u00e1gica? Aventuras al\u00e9m da imagina\u00e7\u00e3o!&nbsp;<\/p>\n\n\n\n<p><strong>SUPER-HER\u00d3I DO CLIPE NO MEIO DA PRA\u00c7A<\/strong><\/p>\n\n\n\n<p>Dire\u00e7\u00e3o: Felipe Aufiero &#8211; Brasil<\/p>\n\n\n\n<p>Nando quer fazer um filme de super-her\u00f3is com seus amigos, mas eles t\u00eam outros planos. Enquanto isso, sua fam\u00edlia exige que ele tenha mais responsabilidades.<\/p>\n\n\n\n<p><strong>WHERE ARE YOU FROM?&nbsp;<\/strong><\/p>\n\n\n\n<p>Dire\u00e7\u00e3o: Juan Cristiani &#8211; Uruguai<\/p>\n\n\n\n<p>&#8220;Where are you from?&#8221; combina anima\u00e7\u00e3o 3D e a m\u00fasica criando uma jornada cinematogr\u00e1fica imersiva, que transmite com efic\u00e1cia a urg\u00eancia de enfrentar os desastres ambientais e suas consequ\u00eancias atrav\u00e9s do realismo&nbsp; da fantasia.&nbsp;<\/p>\n\n\n\n<p>&nbsp;<strong>REFLORESCER&nbsp;<\/strong><\/p>\n\n\n\n<p>Dire\u00e7\u00e3o: Lara Salsa &#8211; Brasil<\/p>\n\n\n\n<p>Reflorescer \u00e9 uma anima\u00e7\u00e3o que conta a hist\u00f3ria de uma jovem mulher que coloca uma linda rosa pr\u00f3xima a uma pequena boneca de porcelana e fica completamente fascinada. Faz tudo que pode para alcan\u00e7\u00e1-la.<\/p>\n\n\n\n<p><strong>Servi\u00e7o<\/strong><\/p>\n\n\n\n<p><strong>7\u00aa mostra livre de cinema<\/strong><strong><\/strong><\/p>\n\n\n\n<p><strong>Data:&nbsp;<\/strong>16 de junho.<\/p>\n\n\n\n<p><strong>Hor\u00e1rio:<\/strong>&nbsp;10h.<\/p>\n\n\n\n<p><strong>Local:<\/strong>&nbsp;&nbsp;Casar\u00e3o Pau Preto &#8211; Rua Pedro Gon\u00e7alves, 477, Jd. Pau Preto<\/p>\n\n\n\n<p><strong>Entrada gratuita.<\/strong><\/p>\n\n\n\n<p>Mais informa\u00e7\u00f5es no site:\u00a0<a href=\"http:\/\/www.mostralivre.com.br\/\">www.mostralivre.com.br<\/a>.\u00a0<\/p>\n\n\n\n<p class=\"has-small-font-size\"><strong>#PraTodosVerem:\u00a0<\/strong>Na arte contem informa\u00e7\u00f5es sobre o evento como a data, local, hor\u00e1rio e no rodap\u00e9 as logomarcas oficiais. A arte conta com uma ilustra\u00e7\u00e3o do curta-metragem \u201cQuintal\u201d. Fim da descri\u00e7\u00e3o.<\/p>\n","protected":false},"excerpt":{"rendered":"<p>Ser\u00e3o exibidos dez curtas-metragens infantis de maneira gratuita Indaiatuba recebe no dia 16 de junho \u00e0s 10h a 7\u00aa edi\u00e7\u00e3o da Mostra Livre de Cinema com filmes que contemplam o panorama de exibi\u00e7\u00e3o Infantil. O evento ser\u00e1 realizado no Casar\u00e3o Pau Preto pelo Minist\u00e9rio da Cultura e Governo Federal atrav\u00e9s da LEI de incentivo Paulo [&hellip;]<\/p>\n","protected":false},"author":8,"featured_media":23161,"comment_status":"closed","ping_status":"open","sticky":false,"template":"","format":"standard","meta":{"rop_custom_images_group":[],"rop_custom_messages_group":[],"rop_publish_now":"initial","rop_publish_now_accounts":[],"rop_publish_now_history":[],"rop_publish_now_status":"pending","footnotes":""},"categories":[188],"tags":[],"class_list":["post-23160","post","type-post","status-publish","format-standard","has-post-thumbnail","hentry","category-indaiatuba"],"amp_enabled":true,"_links":{"self":[{"href":"https:\/\/imais.online\/portal\/wp-json\/wp\/v2\/posts\/23160","targetHints":{"allow":["GET"]}}],"collection":[{"href":"https:\/\/imais.online\/portal\/wp-json\/wp\/v2\/posts"}],"about":[{"href":"https:\/\/imais.online\/portal\/wp-json\/wp\/v2\/types\/post"}],"author":[{"embeddable":true,"href":"https:\/\/imais.online\/portal\/wp-json\/wp\/v2\/users\/8"}],"replies":[{"embeddable":true,"href":"https:\/\/imais.online\/portal\/wp-json\/wp\/v2\/comments?post=23160"}],"version-history":[{"count":1,"href":"https:\/\/imais.online\/portal\/wp-json\/wp\/v2\/posts\/23160\/revisions"}],"predecessor-version":[{"id":23162,"href":"https:\/\/imais.online\/portal\/wp-json\/wp\/v2\/posts\/23160\/revisions\/23162"}],"wp:featuredmedia":[{"embeddable":true,"href":"https:\/\/imais.online\/portal\/wp-json\/wp\/v2\/media\/23161"}],"wp:attachment":[{"href":"https:\/\/imais.online\/portal\/wp-json\/wp\/v2\/media?parent=23160"}],"wp:term":[{"taxonomy":"category","embeddable":true,"href":"https:\/\/imais.online\/portal\/wp-json\/wp\/v2\/categories?post=23160"},{"taxonomy":"post_tag","embeddable":true,"href":"https:\/\/imais.online\/portal\/wp-json\/wp\/v2\/tags?post=23160"}],"curies":[{"name":"wp","href":"https:\/\/api.w.org\/{rel}","templated":true}]}}