{"id":23163,"date":"2024-06-12T09:44:36","date_gmt":"2024-06-12T12:44:36","guid":{"rendered":"https:\/\/imais.online\/portal\/?p=23163"},"modified":"2024-06-12T09:44:37","modified_gmt":"2024-06-12T12:44:37","slug":"secretaria-de-cultura-realiza-mais-uma-edicao-do-projeto-indaiatuba-by-bike-no-dia-23-de-junho","status":"publish","type":"post","link":"https:\/\/imais.online\/portal\/secretaria-de-cultura-realiza-mais-uma-edicao-do-projeto-indaiatuba-by-bike-no-dia-23-de-junho\/","title":{"rendered":"Secretaria de Cultura realiza mais uma edi\u00e7\u00e3o do projeto &#8220;Indaiatuba By Bike&#8221; no dia 23 de junho"},"content":{"rendered":"<div class=\"imais-before-content-placement\" id=\"imais-3580685153\"><script async src=\"\/\/pagead2.googlesyndication.com\/pagead\/js\/adsbygoogle.js?client=ca-pub-8787528412751566\" crossorigin=\"anonymous\"><\/script><ins class=\"adsbygoogle\" style=\"display:block;\" data-ad-client=\"ca-pub-8787528412751566\" \ndata-ad-slot=\"\" \ndata-ad-format=\"auto\"><\/ins>\n<script> \n(adsbygoogle = window.adsbygoogle || []).push({}); \n<\/script>\n<\/div>\n<p><em><small>Interessados devem comparecer no dia e hor\u00e1rio marcado em frente \u00e0 Prefeitura de Indaiatuba<\/small><\/em><\/p>\n\n\n\n<p>No dia 23 de junho acontece mais uma edi\u00e7\u00e3o do projeto \u201cIndaiatuba By Bike\u201d. A concentra\u00e7\u00e3o acontecer\u00e1 as 7h30 e a sa\u00edda est\u00e1 prevista para as 8h, em frente \u00e0 Prefeitura de Indaiatuba.&nbsp;A &nbsp;Secretaria de Cultura \u00e9 respons\u00e1vel pela organiza\u00e7\u00e3o, por meio do Departamento de Turismo, e conta com o apoio do Departamento de Tr\u00e2nsito e da Associa\u00e7\u00e3o dos Ciclistas de Indaiatuba (ACI). &nbsp;A pedalada \u00e9 gratuita e tem o objetivo de resgatar o h\u00e1bito dos passeios de bicicleta, mostrar os pontos hist\u00f3ricos e tur\u00edsticos da cidade.<\/p>\n\n\n\n<p>Al\u00e9m disso, visa incentivar o uso desse meio de transporte ecologicamente correto, aliando o lazer, esporte e cultura. O percurso do passeio ser\u00e1 a Rota dos Cavaleiros com cerca de 25km, que contempla o circuito de ida e volta. Em caso de chuva, o evento ser\u00e1 cancelado. A a\u00e7\u00e3o \u00e9 aberta ao p\u00fablico.<\/p>\n\n\n\n<p>O requisito \u00e9 que os participantes compare\u00e7am com uma bicicleta e, de prefer\u00eancia, fazendo o uso dos equipamentos de seguran\u00e7a como: capacete e sinaliza\u00e7\u00e3o traseira. \u00c9 importante que cada integrante leve sua squeeze de \u00e1gua. Os interessados em pedalar devem ser maiores de 10 anos.<\/p>\n\n\n\n<p><strong>Servi\u00e7o<\/strong><\/p>\n\n\n\n<p><strong>Indaiatuba By Bike<\/strong><\/p>\n\n\n\n<p><strong>Data:&nbsp;<\/strong>23 de junho.<\/p>\n\n\n\n<p><strong>Hor\u00e1rio da concentra\u00e7\u00e3o:<\/strong>&nbsp;7h30.<\/p>\n\n\n\n<p><strong>Hor\u00e1rio de sa\u00edda:&nbsp;<\/strong>8h.<\/p>\n\n\n\n<p><strong>Local:&nbsp;<\/strong>Prefeitura de Indaiatuba \u2013 Avenida Engenheiro F\u00e1bio Roberto Barnab\u00e9, 2.800.<\/p>\n\n\n\n<p><strong>Requisitos:\u00a0<\/strong>Ter mais de 10 anos e comparecer fazendo uso de capacete e sinaliza\u00e7\u00e3o traseira.<\/p>\n\n\n\n<p><\/p>\n","protected":false},"excerpt":{"rendered":"<p>Interessados devem comparecer no dia e hor\u00e1rio marcado em frente \u00e0 Prefeitura de Indaiatuba No dia 23 de junho acontece mais uma edi\u00e7\u00e3o do projeto \u201cIndaiatuba By Bike\u201d. A concentra\u00e7\u00e3o acontecer\u00e1 as 7h30 e a sa\u00edda est\u00e1 prevista para as 8h, em frente \u00e0 Prefeitura de Indaiatuba.&nbsp;A &nbsp;Secretaria de Cultura \u00e9 respons\u00e1vel pela organiza\u00e7\u00e3o, por [&hellip;]<\/p>\n","protected":false},"author":8,"featured_media":23164,"comment_status":"closed","ping_status":"open","sticky":false,"template":"","format":"standard","meta":{"rop_custom_images_group":[],"rop_custom_messages_group":[],"rop_publish_now":"initial","rop_publish_now_accounts":[],"rop_publish_now_history":[],"rop_publish_now_status":"pending","footnotes":""},"categories":[188],"tags":[73],"class_list":["post-23163","post","type-post","status-publish","format-standard","has-post-thumbnail","hentry","category-indaiatuba","tag-featured"],"amp_enabled":true,"_links":{"self":[{"href":"https:\/\/imais.online\/portal\/wp-json\/wp\/v2\/posts\/23163","targetHints":{"allow":["GET"]}}],"collection":[{"href":"https:\/\/imais.online\/portal\/wp-json\/wp\/v2\/posts"}],"about":[{"href":"https:\/\/imais.online\/portal\/wp-json\/wp\/v2\/types\/post"}],"author":[{"embeddable":true,"href":"https:\/\/imais.online\/portal\/wp-json\/wp\/v2\/users\/8"}],"replies":[{"embeddable":true,"href":"https:\/\/imais.online\/portal\/wp-json\/wp\/v2\/comments?post=23163"}],"version-history":[{"count":1,"href":"https:\/\/imais.online\/portal\/wp-json\/wp\/v2\/posts\/23163\/revisions"}],"predecessor-version":[{"id":23165,"href":"https:\/\/imais.online\/portal\/wp-json\/wp\/v2\/posts\/23163\/revisions\/23165"}],"wp:featuredmedia":[{"embeddable":true,"href":"https:\/\/imais.online\/portal\/wp-json\/wp\/v2\/media\/23164"}],"wp:attachment":[{"href":"https:\/\/imais.online\/portal\/wp-json\/wp\/v2\/media?parent=23163"}],"wp:term":[{"taxonomy":"category","embeddable":true,"href":"https:\/\/imais.online\/portal\/wp-json\/wp\/v2\/categories?post=23163"},{"taxonomy":"post_tag","embeddable":true,"href":"https:\/\/imais.online\/portal\/wp-json\/wp\/v2\/tags?post=23163"}],"curies":[{"name":"wp","href":"https:\/\/api.w.org\/{rel}","templated":true}]}}