{"id":23166,"date":"2024-06-12T09:45:49","date_gmt":"2024-06-12T12:45:49","guid":{"rendered":"https:\/\/imais.online\/portal\/?p=23166"},"modified":"2024-06-12T09:45:50","modified_gmt":"2024-06-12T12:45:50","slug":"esportes-promove-projeto-de-ferias-gratuito-para-criancas-e-adolescentes-de-6-a-14-anos","status":"publish","type":"post","link":"https:\/\/imais.online\/portal\/esportes-promove-projeto-de-ferias-gratuito-para-criancas-e-adolescentes-de-6-a-14-anos\/","title":{"rendered":"Esportes promove projeto de f\u00e9rias gratuito para crian\u00e7as e adolescentes de 6 a 14 anos"},"content":{"rendered":"<div class=\"imais-before-content-placement\" id=\"imais-120453558\"><script async src=\"\/\/pagead2.googlesyndication.com\/pagead\/js\/adsbygoogle.js?client=ca-pub-8787528412751566\" crossorigin=\"anonymous\"><\/script><ins class=\"adsbygoogle\" style=\"display:block;\" data-ad-client=\"ca-pub-8787528412751566\" \ndata-ad-slot=\"\" \ndata-ad-format=\"auto\"><\/ins>\n<script> \n(adsbygoogle = window.adsbygoogle || []).push({}); \n<\/script>\n<\/div>\n<p><em><small>F\u00e9rias Eu Escolho Voc\u00ea re\u00fane atividades esportivas e recreativas em dois polos esportivos de 10 a 26 de julho<\/small><\/em><\/p>\n\n\n\n<p>Entre os dias 10 e 26 de julho, acontece mais uma edi\u00e7\u00e3o do projeto F\u00e9rias Eu Escolho Voc\u00ea, promovido pela Prefeitura de Indaiatuba, por meio da Secretaria Municipal de Esportes. O programa \u00e9 desenvolvido para promover atividades esportivas e recreativas para crian\u00e7as e adolescentes de 6 a 14 anos. Para participar basta comparecer&nbsp;Centro Esportivo do Trabalhador \u2013 CET ou no Centro Esportivo do Parque Campo Bonito \u201cAnt\u00f4nio Trinca\u201d, de segunda a sexta, das 8h30 \u00e0s 12h e das 14h \u00e0s 17h30.<\/p>\n\n\n\n<p>As crian\u00e7as e adolescentes podem comparecer nos dias e hor\u00e1rios escolhidos, sem a necessidade de inscri\u00e7\u00e3o ou comprova\u00e7\u00e3o de frequ\u00eancia. \u201cO projeto vem crescendo a cada ano e isso \u00e9 muito recompensador para nossa equipe da Secretaria Municipal de Esportes.&nbsp;Os professores e coordenadores prepararam com muito empenho e carinho gincanas e brincadeiras que estimulam a atividade f\u00edsica, proporcionando divertimento para as crian\u00e7as no per\u00edodo de f\u00e9rias\u201d, explica Marquinhos, secret\u00e1rio de Esportes.<\/p>\n\n\n\n<p>Os coordenadores receber\u00e3o os interessados, que ficar\u00e3o em turmas de acordo com o n\u00famero de participantes e suas respectivas faixas et\u00e1rias. O projeto n\u00e3o oferece lanche e pede para as crian\u00e7as levarem a sua garrafinha de \u00e1gua para encher nos bebedouros. Para mais informa\u00e7\u00f5es, ligue para (19) 3834-7472.<\/p>\n\n\n\n<p><strong>Polos Esportivos<\/strong><\/p>\n\n\n\n<p><strong>&#8211; Centro Esportivo do Trabalhador<\/strong><br>Endere\u00e7o: Avenida Concei\u00e7\u00e3o, 1.885, Cidade Nova II<\/p>\n\n\n\n<p><strong>&#8211; Complexo Esportivo \u2018Ant\u00f4nio Trinca\u2019<\/strong><br>Endere\u00e7o: Avenida Ottilia Ferraz de Camargo, 731, Parque Campo Bonito<\/p>\n\n\n\n<p class=\"has-small-font-size\"><strong>#PraTodosVerem:\u00a0<\/strong>A arte \u00e9 colorida com destaques para o amarelo, pink e roxo, tem uma menina no lado esquerdo e um menino no lado direito, no centro, com letras grandes em branco est\u00e1 escrito F\u00e9rias Eu Escolho Voc\u00ea, com letras menores, venha brincar e se divertir \u2013 esporte e divers\u00e3o para toda a garotada.<\/p>\n","protected":false},"excerpt":{"rendered":"<p>F\u00e9rias Eu Escolho Voc\u00ea re\u00fane atividades esportivas e recreativas em dois polos esportivos de 10 a 26 de julho Entre os dias 10 e 26 de julho, acontece mais uma edi\u00e7\u00e3o do projeto F\u00e9rias Eu Escolho Voc\u00ea, promovido pela Prefeitura de Indaiatuba, por meio da Secretaria Municipal de Esportes. O programa \u00e9 desenvolvido para promover [&hellip;]<\/p>\n","protected":false},"author":8,"featured_media":23167,"comment_status":"closed","ping_status":"open","sticky":false,"template":"","format":"standard","meta":{"rop_custom_images_group":[],"rop_custom_messages_group":[],"rop_publish_now":"initial","rop_publish_now_accounts":[],"rop_publish_now_history":[],"rop_publish_now_status":"pending","footnotes":""},"categories":[188],"tags":[],"class_list":["post-23166","post","type-post","status-publish","format-standard","has-post-thumbnail","hentry","category-indaiatuba"],"amp_enabled":true,"_links":{"self":[{"href":"https:\/\/imais.online\/portal\/wp-json\/wp\/v2\/posts\/23166","targetHints":{"allow":["GET"]}}],"collection":[{"href":"https:\/\/imais.online\/portal\/wp-json\/wp\/v2\/posts"}],"about":[{"href":"https:\/\/imais.online\/portal\/wp-json\/wp\/v2\/types\/post"}],"author":[{"embeddable":true,"href":"https:\/\/imais.online\/portal\/wp-json\/wp\/v2\/users\/8"}],"replies":[{"embeddable":true,"href":"https:\/\/imais.online\/portal\/wp-json\/wp\/v2\/comments?post=23166"}],"version-history":[{"count":1,"href":"https:\/\/imais.online\/portal\/wp-json\/wp\/v2\/posts\/23166\/revisions"}],"predecessor-version":[{"id":23168,"href":"https:\/\/imais.online\/portal\/wp-json\/wp\/v2\/posts\/23166\/revisions\/23168"}],"wp:featuredmedia":[{"embeddable":true,"href":"https:\/\/imais.online\/portal\/wp-json\/wp\/v2\/media\/23167"}],"wp:attachment":[{"href":"https:\/\/imais.online\/portal\/wp-json\/wp\/v2\/media?parent=23166"}],"wp:term":[{"taxonomy":"category","embeddable":true,"href":"https:\/\/imais.online\/portal\/wp-json\/wp\/v2\/categories?post=23166"},{"taxonomy":"post_tag","embeddable":true,"href":"https:\/\/imais.online\/portal\/wp-json\/wp\/v2\/tags?post=23166"}],"curies":[{"name":"wp","href":"https:\/\/api.w.org\/{rel}","templated":true}]}}