{"id":23199,"date":"2024-06-14T10:30:13","date_gmt":"2024-06-14T13:30:13","guid":{"rendered":"https:\/\/imais.online\/portal\/?p=23199"},"modified":"2024-06-14T10:30:14","modified_gmt":"2024-06-14T13:30:14","slug":"secretaria-de-servicos-urbanos-inicia-montagem-das-estruturas-da-feira-ambiental-ecopark","status":"publish","type":"post","link":"https:\/\/imais.online\/portal\/secretaria-de-servicos-urbanos-inicia-montagem-das-estruturas-da-feira-ambiental-ecopark\/","title":{"rendered":"Secretaria de Servi\u00e7os Urbanos inicia montagem das estruturas da Feira Ambiental EcoPark"},"content":{"rendered":"<div class=\"imais-before-content-placement\" id=\"imais-1638905007\"><script async src=\"\/\/pagead2.googlesyndication.com\/pagead\/js\/adsbygoogle.js?client=ca-pub-8787528412751566\" crossorigin=\"anonymous\"><\/script><ins class=\"adsbygoogle\" style=\"display:block;\" data-ad-client=\"ca-pub-8787528412751566\" \ndata-ad-slot=\"\" \ndata-ad-format=\"auto\"><\/ins>\n<script> \n(adsbygoogle = window.adsbygoogle || []).push({}); \n<\/script>\n<\/div>\n<p><em><small>Terceira edi\u00e7\u00e3o do evento acontecer\u00e1 nos dias 29 e 30 de junho, com atra\u00e7\u00f5es gratuitas para popula\u00e7\u00e3o<\/small><\/em><\/p>\n\n\n\n<p>A Secretaria de Servi\u00e7os Urbanos e Meio Ambiente iniciou a montagem das estruturas para a terceira edi\u00e7\u00e3o da Feira Ambiental EcoPark, que ser\u00e1 realizada nos dias 29 e 30 de junho. O evento acontecer\u00e1 ao lado da Pista de Aeromodelismo do Parque Ecol\u00f3gico e fecha a programa\u00e7\u00e3o do munic\u00edpio para o M\u00eas do Meio Ambiente.&nbsp;&nbsp;As atra\u00e7\u00f5es ser\u00e3o gratuitas e com foco na educa\u00e7\u00e3o ambiental. Nos dois dias do evento as atividades ter\u00e3o in\u00edcio \u00e0s 9h e se estender\u00e3o at\u00e9 17h.<\/p>\n\n\n\n<p>O p\u00fablico poder\u00e1 participar da soltura de alevinos no lago do Parque, assistir pe\u00e7as teatrais, levar mudas de \u00e1rvores, suculentas e hortali\u00e7as para casa, e conhecer os servi\u00e7os p\u00fablicos de cuidado com o meio ambiente. A divers\u00e3o das crian\u00e7as tamb\u00e9m continua garantida com a exposi\u00e7\u00e3o de mini animais e o passeio de carretinha puxada por trator.<\/p>\n\n\n\n<p>Na exposi\u00e7\u00e3o de mini animais Fazendinha Feliz, as crian\u00e7as poder\u00e3o conhecer mini vacas, coelhos, p\u00f4neis, cabra, mula, garnis\u00e9s, ovelhas, bezerros e boi de sela. A Fazendinha tamb\u00e9m retorna na edi\u00e7\u00e3o deste ano com a Casa Caipira, que fica na entrada da exposi\u00e7\u00e3o e que deixa no ar aquele cheiro de cafezinho coado na hora, bem no estilo rural.<\/p>\n\n\n\n<p>A exposi\u00e7\u00e3o dos trabalhos da Secretaria de Servi\u00e7os Urbanos e Meio Ambiente levar\u00e1 para a Feira o Projeto Click \u00c1rvore, que \u00e9 respons\u00e1vel pela doa\u00e7\u00e3o das mudas de \u00e1rvores e suculentas. A mini usina de Biodiesel tamb\u00e9m estar\u00e1 representada no evento, assim como a Van Laborat\u00f3rio do Servi\u00e7o Aut\u00f4nomo de \u00c1gua e Esgotos (Saae), que mostra como \u00e9 feita a an\u00e1lise da nossa \u00e1gua. Tamb\u00e9m haver\u00e1 exposi\u00e7\u00e3o do Programa Cata Bagulho e dos projetos Bairro Limpo e Bairro Verde, e orienta\u00e7\u00f5es sobre Licenciamento Ambiental.<\/p>\n\n\n\n<p>O Centro de Reabilita\u00e7\u00e3o Animal (CRA) promover\u00e1 uma feira de ado\u00e7\u00e3o de animais e, em parceria com o Conselho de Prote\u00e7\u00e3o dos Animais (Compda), montar\u00e1 um cen\u00e1rio com esculturas feitas em fibra, de tamanho real, onde ser\u00e1 trabalhada a educa\u00e7\u00e3o para os bons tratos dos animais de forma sensorial.<\/p>\n\n\n\n<p>A equipe de Fiscaliza\u00e7\u00e3o e Licenciamento Ambiental da Secretaria de Servi\u00e7os Urbanos estar\u00e1 divulgando&nbsp;os trabalhos realizados dentro da Agenda Azul e Agenda Verde, e os trabalhos de educa\u00e7\u00e3o e conserva\u00e7\u00e3o do meio ambiente, baseados na legisla\u00e7\u00e3o ambiental. Para isso, ter\u00e3o o apoio do Conselho Municipal do Meio Ambiente (Comdema), da Faculdade de Tecnologia do Estado de S\u00e3o Paulo (Fatec) e da Defesa Civil do munic\u00edpio<strong>,&nbsp;<\/strong>com circuito de jogos educacionais.<\/p>\n\n\n\n<p>O p\u00fablico da Feira poder\u00e1 visitar espa\u00e7os com exposi\u00e7\u00f5es de procedimentos e equipamentos usados no trabalho de preserva\u00e7\u00e3o da flora, em a\u00e7\u00f5es de podas e conten\u00e7\u00e3o de queimadas montados pelo Departamento de Fiscaliza\u00e7\u00e3o Ambiental e a Defesa Civil.<\/p>\n\n\n\n<p>O passeio cicl\u00edstico na Pista de Aeromodelismo \u00e9 outra atra\u00e7\u00e3o certa na EcoPark deste ano, sob a supervis\u00e3o da equipe do Projeto Ecobike. Na ocasi\u00e3o, as crian\u00e7as poder\u00e3o conhecer as bicicletas feitas com pl\u00e1stico recicl\u00e1vel e que s\u00e3o disponibilizadas gratuitamente para a popula\u00e7\u00e3o, por meio de empr\u00e9stimo, em uma das cinco esta\u00e7\u00f5es do projeto espalhadas pela cidade.<\/p>\n\n\n\n<p>Este ano, o Projeto Horta e a doa\u00e7\u00e3o de hortali\u00e7as ter\u00e1 o refor\u00e7o da parceria com o Conselho Municipal de Seguran\u00e7a Alimentar e Nutricional Sustent\u00e1vel (Comusans) e do Centro de Refer\u00eancia em Seguran\u00e7a Alimentar e Nutricional Sustent\u00e1vel (Cresans). No recinto, al\u00e9m de ganhar as mudas, os visitantes v\u00e3o aprender as t\u00e9cnicas de plantios e como isso \u00e9 trabalhado pela Administra\u00e7\u00e3o Municipal.<\/p>\n\n\n\n<p>A programa\u00e7\u00e3o do evento novamente contar\u00e1 com a participa\u00e7\u00e3o dos grupos de escoteiros da cidade, que v\u00e3o promover atividades recreativas e de conscientiza\u00e7\u00e3o ambiental nos dois dias da Ecopark.<\/p>\n\n\n\n<p>Outros parceiros da Feira tamb\u00e9m j\u00e1 foram confirmados, entre eles a Associa\u00e7\u00e3o Mata Ciliar, com seus jogos interativos e exposi\u00e7\u00f5es, e a empresa Corpus, que utilizar\u00e1 sua Carreta Ecol\u00f3gica para promover atividades que refor\u00e7am a import\u00e2ncia da reciclagem.<\/p>\n\n\n\n<p><strong>Apoio das secretarias<\/strong><\/p>\n\n\n\n<p>A Secretaria Municipal de Sa\u00fade confirmou presen\u00e7a na Feira EcoPark com a equipe do Programa Municipal de Combate \u00e0 Dengue, que montar\u00e1 um estande com equipamentos e insumos informativos, incluindo material sobre o ciclo biol\u00f3gico do mosquito com amostras de larva, mosquitos e microsc\u00f3pio, alguns jogos interativos para crian\u00e7as, exposi\u00e7\u00e3o de ve\u00edculos e equipamentos pesados, totens de v\u00eddeos, mini cinema com o tema \u201cConhecer para combater\u201d, e tendas infl\u00e1veis, faixas e banners.<\/p>\n\n\n\n<p>A Sa\u00fade ainda montar\u00e1 um estande de Vacina\u00e7\u00e3o no recinto da Feira, no&nbsp;s\u00e1bado e no domingo, das 9h \u00e0s 16h30, com campanha de Multivacina\u00e7\u00e3o ofertando todas as vacinas do calend\u00e1rio de imuniza\u00e7\u00e3o (p\u00f3lio, sarampo, rub\u00e9ola e Covid) e de Influenza (contra a gripe). Os pais e respons\u00e1veis devem levar a carteirinha de vacina\u00e7\u00e3o das crian\u00e7as e um documento da pessoa que for receber a vacina.<\/p>\n\n\n\n<p>Assim como j\u00e1 aconteceu no ano passado, a Secretaria da Educa\u00e7\u00e3o levar\u00e1 as atividades do Domingo Ecol\u00f3gico para a Feira. A equipe da Escola Ambiental Bosque do Saber est\u00e1 preparando um espet\u00e1culo teatral para as crian\u00e7as e tamb\u00e9m promover\u00e1 as tradicionais oficinas com materiais recicl\u00e1veis, que os pequenos adoram.<\/p>\n\n\n\n<p>Al\u00e9m de promovera seguran\u00e7a do recinto, a Secretaria de Seguran\u00e7a P\u00fablica coordenar\u00e1 a apresenta\u00e7\u00e3o do canil da Guarda Civil no decorrer dos dois dias do evento.<\/p>\n\n\n\n<p>A Secretaria de Cultura levar\u00e1 para o palco montado na EcoPark apresenta\u00e7\u00f5es musicais, e o&nbsp;Koringa est\u00e1 circulando pelo local, animando a garotada.<\/p>\n\n\n\n<p>A Pra\u00e7a de Alimenta\u00e7\u00e3o ficar\u00e1 sob a responsabilidade das entidades assistenciais do munic\u00edpio, como aconteceu nas edi\u00e7\u00f5es anteriores. Est\u00e3o confirmadas as participa\u00e7\u00f5es das entidades Bolha de Sab\u00e3o, Atos 4, Associa\u00e7\u00e3o Deficientes Visuais de Indaiatuba (ADVI) e Comunidade Farol, com past\u00e9is, hot-dog, lanche de lingui\u00e7a e refrigerantes.<\/p>\n\n\n\n<p>O cronograma das atividades ser\u00e1 divulgado na semana do evento.<\/p>\n\n\n\n<p class=\"has-small-font-size\"><strong>#PraTodosVerem:\u00a0<\/strong>a foto mostra a estrutura met\u00e1lica de formato arredondado, montada no gramado do Parque Ecol\u00f3gico, sem cobertura. Ao fundo, \u00e9 poss\u00edvel avistar alguns pr\u00e9dios da cidade, na regi\u00e3o do Jardim Pau Preto. Fim da descri\u00e7\u00e3o.<\/p>\n","protected":false},"excerpt":{"rendered":"<p>Terceira edi\u00e7\u00e3o do evento acontecer\u00e1 nos dias 29 e 30 de junho, com atra\u00e7\u00f5es gratuitas para popula\u00e7\u00e3o A Secretaria de Servi\u00e7os Urbanos e Meio Ambiente iniciou a montagem das estruturas para a terceira edi\u00e7\u00e3o da Feira Ambiental EcoPark, que ser\u00e1 realizada nos dias 29 e 30 de junho. O evento acontecer\u00e1 ao lado da Pista [&hellip;]<\/p>\n","protected":false},"author":8,"featured_media":23200,"comment_status":"closed","ping_status":"open","sticky":false,"template":"","format":"standard","meta":{"rop_custom_images_group":[],"rop_custom_messages_group":[],"rop_publish_now":"initial","rop_publish_now_accounts":[],"rop_publish_now_history":[],"rop_publish_now_status":"pending","footnotes":""},"categories":[188],"tags":[73],"class_list":["post-23199","post","type-post","status-publish","format-standard","has-post-thumbnail","hentry","category-indaiatuba","tag-featured"],"amp_enabled":true,"_links":{"self":[{"href":"https:\/\/imais.online\/portal\/wp-json\/wp\/v2\/posts\/23199","targetHints":{"allow":["GET"]}}],"collection":[{"href":"https:\/\/imais.online\/portal\/wp-json\/wp\/v2\/posts"}],"about":[{"href":"https:\/\/imais.online\/portal\/wp-json\/wp\/v2\/types\/post"}],"author":[{"embeddable":true,"href":"https:\/\/imais.online\/portal\/wp-json\/wp\/v2\/users\/8"}],"replies":[{"embeddable":true,"href":"https:\/\/imais.online\/portal\/wp-json\/wp\/v2\/comments?post=23199"}],"version-history":[{"count":1,"href":"https:\/\/imais.online\/portal\/wp-json\/wp\/v2\/posts\/23199\/revisions"}],"predecessor-version":[{"id":23201,"href":"https:\/\/imais.online\/portal\/wp-json\/wp\/v2\/posts\/23199\/revisions\/23201"}],"wp:featuredmedia":[{"embeddable":true,"href":"https:\/\/imais.online\/portal\/wp-json\/wp\/v2\/media\/23200"}],"wp:attachment":[{"href":"https:\/\/imais.online\/portal\/wp-json\/wp\/v2\/media?parent=23199"}],"wp:term":[{"taxonomy":"category","embeddable":true,"href":"https:\/\/imais.online\/portal\/wp-json\/wp\/v2\/categories?post=23199"},{"taxonomy":"post_tag","embeddable":true,"href":"https:\/\/imais.online\/portal\/wp-json\/wp\/v2\/tags?post=23199"}],"curies":[{"name":"wp","href":"https:\/\/api.w.org\/{rel}","templated":true}]}}