{"id":23205,"date":"2024-06-15T11:12:27","date_gmt":"2024-06-15T14:12:27","guid":{"rendered":"https:\/\/imais.online\/portal\/?p=23205"},"modified":"2024-06-15T11:12:28","modified_gmt":"2024-06-15T14:12:28","slug":"prefeitura-entrega-novo-predio-do-conselho-tutelar-ii","status":"publish","type":"post","link":"https:\/\/imais.online\/portal\/prefeitura-entrega-novo-predio-do-conselho-tutelar-ii\/","title":{"rendered":"Prefeitura entrega novo pr\u00e9dio do Conselho Tutelar II"},"content":{"rendered":"<div class=\"imais-before-content-placement\" id=\"imais-2543347645\"><script async src=\"\/\/pagead2.googlesyndication.com\/pagead\/js\/adsbygoogle.js?client=ca-pub-8787528412751566\" crossorigin=\"anonymous\"><\/script><ins class=\"adsbygoogle\" style=\"display:block;\" data-ad-client=\"ca-pub-8787528412751566\" \ndata-ad-slot=\"\" \ndata-ad-format=\"auto\"><\/ins>\n<script> \n(adsbygoogle = window.adsbygoogle || []).push({}); \n<\/script>\n<\/div>\n<p><em><small>Atendimentos no novo endere\u00e7o acontecem a partir de 1\u00ba de julho<\/small><\/em><\/p>\n\n\n\n<p>A Prefeitura entrega no pr\u00f3ximo dia 27, o pr\u00e9dio novo do II Conselho Tutelar da cidade. As obras rec\u00e9m conclu\u00eddas contemplam mais de 210 m\u00b2 de \u00e1rea constru\u00edda com cinco salas para atendimentos, uma sala de coordena\u00e7\u00e3o\/administra\u00e7\u00e3o, sala para reuni\u00e3o; sala de espera; cozinha; \u00e1rea de servi\u00e7o e quatro sanit\u00e1rios acess\u00edveis (dois masculinos e dois femininos), al\u00e9m de \u00e1rea para dep\u00f3sito. Na \u00e1rea externa o im\u00f3vel possui rampa de acesso para pessoas com defici\u00eancia e mobilidade reduzida, e estacionamento para carros e motos, com demarca\u00e7\u00e3o de vagas PNE.<\/p>\n\n\n\n<p>A mudan\u00e7a para a unidade ser\u00e1 realizada pela equipe da Secretaria de Assist\u00eancia Social e o hor\u00e1rio de atendimento continua o mesmo, de segunda a sexta-feira, das 8h \u00e0s 17h. O antigo pr\u00e9dio, localizado na Rua Zephiro Puccinelli, S\/N ser\u00e1 desativado.<\/p>\n\n\n\n<p>O Conselho Tutelar II, vinculado \u00e0 Secretaria de Assist\u00eancia Social, passa a atender em seu novo endere\u00e7o a partir de 1\u00ba de julho. O objetivo \u00e9 oferecer um espa\u00e7o mais adequado para o atendimento da popula\u00e7\u00e3o. O pr\u00e9dio foi constru\u00eddo pela Prefeitura de Indaiatuba, no Jardim Jo\u00e3o Pioli, pr\u00f3ximo ao terminal do bairro.<\/p>\n\n\n\n<p><strong>Conselho Tutelar II<\/strong><\/p>\n\n\n\n<p>O Conselho foi criado em 2018 e funcionou desde a funda\u00e7\u00e3o em im\u00f3vel localizado na Rua Zephiro Puccinelli, s\/n\u00ba, antiga sede da Subprefeitura, no Jardim Morada do Sol. O \u00d3rg\u00e3o \u00e9 encarregado pela sociedade de zelar pelo cumprimento dos direitos da crian\u00e7a e do adolescente previstos no Estatuto da Crian\u00e7a e do Adolescente (ECA).<\/p>\n\n\n\n<p><strong>Servi\u00e7o<\/strong><\/p>\n\n\n\n<p><strong>Conselho Tutelar II<\/strong><\/p>\n\n\n\n<p><strong>Data:<\/strong>&nbsp;a partir de 1\u00ba de julho passar\u00e1 a funcionar em novo endere\u00e7o.<\/p>\n\n\n\n<p><strong>Hor\u00e1rio:<\/strong>&nbsp;8h \u00e0s 17h (Segunda a sexta-feira).<\/p>\n\n\n\n<p><strong>Local:<\/strong>&nbsp;novo endere\u00e7o na Avenida Manoel Ruz Perez n\u00ba 3365 &#8211; Jardim Jo\u00e3o Pioli (Pr\u00f3ximo ao terminal do bairro).<\/p>\n\n\n\n<p><strong>Informa\u00e7\u00f5es:<\/strong>&nbsp;(19) 3834-9190.<\/p>\n","protected":false},"excerpt":{"rendered":"<p>Atendimentos no novo endere\u00e7o acontecem a partir de 1\u00ba de julho A Prefeitura entrega no pr\u00f3ximo dia 27, o pr\u00e9dio novo do II Conselho Tutelar da cidade. As obras rec\u00e9m conclu\u00eddas contemplam mais de 210 m\u00b2 de \u00e1rea constru\u00edda com cinco salas para atendimentos, uma sala de coordena\u00e7\u00e3o\/administra\u00e7\u00e3o, sala para reuni\u00e3o; sala de espera; cozinha; [&hellip;]<\/p>\n","protected":false},"author":8,"featured_media":23206,"comment_status":"closed","ping_status":"open","sticky":false,"template":"","format":"standard","meta":{"rop_custom_images_group":[],"rop_custom_messages_group":[],"rop_publish_now":"initial","rop_publish_now_accounts":[],"rop_publish_now_history":[],"rop_publish_now_status":"pending","footnotes":""},"categories":[188],"tags":[],"class_list":["post-23205","post","type-post","status-publish","format-standard","has-post-thumbnail","hentry","category-indaiatuba"],"amp_enabled":true,"_links":{"self":[{"href":"https:\/\/imais.online\/portal\/wp-json\/wp\/v2\/posts\/23205","targetHints":{"allow":["GET"]}}],"collection":[{"href":"https:\/\/imais.online\/portal\/wp-json\/wp\/v2\/posts"}],"about":[{"href":"https:\/\/imais.online\/portal\/wp-json\/wp\/v2\/types\/post"}],"author":[{"embeddable":true,"href":"https:\/\/imais.online\/portal\/wp-json\/wp\/v2\/users\/8"}],"replies":[{"embeddable":true,"href":"https:\/\/imais.online\/portal\/wp-json\/wp\/v2\/comments?post=23205"}],"version-history":[{"count":1,"href":"https:\/\/imais.online\/portal\/wp-json\/wp\/v2\/posts\/23205\/revisions"}],"predecessor-version":[{"id":23207,"href":"https:\/\/imais.online\/portal\/wp-json\/wp\/v2\/posts\/23205\/revisions\/23207"}],"wp:featuredmedia":[{"embeddable":true,"href":"https:\/\/imais.online\/portal\/wp-json\/wp\/v2\/media\/23206"}],"wp:attachment":[{"href":"https:\/\/imais.online\/portal\/wp-json\/wp\/v2\/media?parent=23205"}],"wp:term":[{"taxonomy":"category","embeddable":true,"href":"https:\/\/imais.online\/portal\/wp-json\/wp\/v2\/categories?post=23205"},{"taxonomy":"post_tag","embeddable":true,"href":"https:\/\/imais.online\/portal\/wp-json\/wp\/v2\/tags?post=23205"}],"curies":[{"name":"wp","href":"https:\/\/api.w.org\/{rel}","templated":true}]}}