{"id":23223,"date":"2024-06-16T16:29:02","date_gmt":"2024-06-16T19:29:02","guid":{"rendered":"https:\/\/imais.online\/portal\/?p=23223"},"modified":"2024-06-16T16:29:03","modified_gmt":"2024-06-16T19:29:03","slug":"esteja-atento-a-cor-das-suas-gengivas-podem-revelar-mais-do-que-pensa","status":"publish","type":"post","link":"https:\/\/imais.online\/portal\/esteja-atento-a-cor-das-suas-gengivas-podem-revelar-mais-do-que-pensa\/","title":{"rendered":"Esteja atento \u00e0 cor das suas gengivas. Podem revelar mais do que pensa"},"content":{"rendered":"<div class=\"imais-before-content-placement\" id=\"imais-1956595392\"><script async src=\"\/\/pagead2.googlesyndication.com\/pagead\/js\/adsbygoogle.js?client=ca-pub-8787528412751566\" crossorigin=\"anonymous\"><\/script><ins class=\"adsbygoogle\" style=\"display:block;\" data-ad-client=\"ca-pub-8787528412751566\" \ndata-ad-slot=\"\" \ndata-ad-format=\"auto\"><\/ins>\n<script> \n(adsbygoogle = window.adsbygoogle || []).push({}); \n<\/script>\n<\/div>\n<h2 class=\"wp-block-heading\">S\u00e3o o &#8216;espelho&#8217; da sa\u00fade oral &#8211; e n\u00e3o s\u00f3.<\/h2>\n\n\n\n<p><strong>A<\/strong> cor das gengivas pode nos fornecer importantes sinais sobre a sa\u00fade bucal. Al\u00e9m do tom amarelado nos dentes e o aparecimento de c\u00e1ries, a colora\u00e7\u00e3o das gengivas tamb\u00e9m pode indicar problemas.<\/p>\n\n\n\n<p><strong>Veja abaixo algumas das cores mais comuns e o que elas podem significar:<\/strong><\/p>\n\n\n\n<p><strong>Gengivas rosadas:<\/strong><\/p>\n\n\n\n<p>\u00c9 uma boa indica\u00e7\u00e3o de que a circula\u00e7\u00e3o sangu\u00ednea e oxigena\u00e7\u00e3o est\u00e3o adequadas, e n\u00e3o h\u00e1 sinais de inflama\u00e7\u00e3o. Gengivas saud\u00e1veis t\u00eam menos probabilidade de sangrar durante a escova\u00e7\u00e3o.<\/p>\n\n\n\n<p><strong>Gengivas brancas:<\/strong>\u00a0Podem ser um sinal de anemia e outros problemas de sa\u00fade.<\/p>\n\n\n\n<p><strong>Gengivas vermelhas:<\/strong>&nbsp;Indicam m\u00e1 higiene oral e podem levar \u00e0 inflama\u00e7\u00e3o e ac\u00famulo de bact\u00e9rias, podendo progredir para problemas mais graves.<\/p>\n\n\n\n<p><strong>Gengivas vermelhas escuras ou azuladas:&nbsp;<\/strong>Podem sugerir problemas de oxigena\u00e7\u00e3o e estar relacionadas a condi\u00e7\u00f5es cardiovasculares, respirat\u00f3rias ou outras condi\u00e7\u00f5es de sa\u00fade.<\/p>\n\n\n\n<p><strong>Gengivas com manchas castanhas ou pretas:&nbsp;<\/strong>Em alguns casos, podem ser normais. Entretanto, se notar irregularidades ou mudan\u00e7as na apar\u00eancia dessas manchas, \u00e9 importante que um dentista as analise.<\/p>\n\n\n\n<p>Fique atento aos sinais que suas gengivas est\u00e3o lhe dando e, em caso de d\u00favidas ou problemas, consulte um profissional de sa\u00fade bucal. Cuidar da sa\u00fade oral \u00e9 fundamental para uma vida saud\u00e1vel e sorridente!<\/p>\n\n\n\n<p>Fonte Noticias ao Minto <\/p>\n","protected":false},"excerpt":{"rendered":"<p>S\u00e3o o &#8216;espelho&#8217; da sa\u00fade oral &#8211; e n\u00e3o s\u00f3. A cor das gengivas pode nos fornecer importantes sinais sobre a sa\u00fade bucal. Al\u00e9m do tom amarelado nos dentes e o aparecimento de c\u00e1ries, a colora\u00e7\u00e3o das gengivas tamb\u00e9m pode indicar problemas. Veja abaixo algumas das cores mais comuns e o que elas podem significar: [&hellip;]<\/p>\n","protected":false},"author":8,"featured_media":23224,"comment_status":"closed","ping_status":"open","sticky":false,"template":"","format":"standard","meta":{"rop_custom_images_group":[],"rop_custom_messages_group":[],"rop_publish_now":"initial","rop_publish_now_accounts":[],"rop_publish_now_history":[],"rop_publish_now_status":"pending","footnotes":""},"categories":[205],"tags":[73],"class_list":["post-23223","post","type-post","status-publish","format-standard","has-post-thumbnail","hentry","category-saude","tag-featured"],"amp_enabled":true,"_links":{"self":[{"href":"https:\/\/imais.online\/portal\/wp-json\/wp\/v2\/posts\/23223","targetHints":{"allow":["GET"]}}],"collection":[{"href":"https:\/\/imais.online\/portal\/wp-json\/wp\/v2\/posts"}],"about":[{"href":"https:\/\/imais.online\/portal\/wp-json\/wp\/v2\/types\/post"}],"author":[{"embeddable":true,"href":"https:\/\/imais.online\/portal\/wp-json\/wp\/v2\/users\/8"}],"replies":[{"embeddable":true,"href":"https:\/\/imais.online\/portal\/wp-json\/wp\/v2\/comments?post=23223"}],"version-history":[{"count":1,"href":"https:\/\/imais.online\/portal\/wp-json\/wp\/v2\/posts\/23223\/revisions"}],"predecessor-version":[{"id":23225,"href":"https:\/\/imais.online\/portal\/wp-json\/wp\/v2\/posts\/23223\/revisions\/23225"}],"wp:featuredmedia":[{"embeddable":true,"href":"https:\/\/imais.online\/portal\/wp-json\/wp\/v2\/media\/23224"}],"wp:attachment":[{"href":"https:\/\/imais.online\/portal\/wp-json\/wp\/v2\/media?parent=23223"}],"wp:term":[{"taxonomy":"category","embeddable":true,"href":"https:\/\/imais.online\/portal\/wp-json\/wp\/v2\/categories?post=23223"},{"taxonomy":"post_tag","embeddable":true,"href":"https:\/\/imais.online\/portal\/wp-json\/wp\/v2\/tags?post=23223"}],"curies":[{"name":"wp","href":"https:\/\/api.w.org\/{rel}","templated":true}]}}