{"id":23237,"date":"2024-06-18T09:45:20","date_gmt":"2024-06-18T12:45:20","guid":{"rendered":"https:\/\/imais.online\/portal\/?p=23237"},"modified":"2024-06-18T09:45:20","modified_gmt":"2024-06-18T12:45:20","slug":"saude-prorroga-campanha-de-vacinacao-contra-poliomielite-ate-28-de-junho","status":"publish","type":"post","link":"https:\/\/imais.online\/portal\/saude-prorroga-campanha-de-vacinacao-contra-poliomielite-ate-28-de-junho\/","title":{"rendered":"Sa\u00fade prorroga Campanha de Vacina\u00e7\u00e3o contra Poliomielite at\u00e9 28 de junho"},"content":{"rendered":"<div class=\"imais-before-content-placement\" id=\"imais-1834105158\"><script async src=\"\/\/pagead2.googlesyndication.com\/pagead\/js\/adsbygoogle.js?client=ca-pub-8787528412751566\" crossorigin=\"anonymous\"><\/script><ins class=\"adsbygoogle\" style=\"display:block;\" data-ad-client=\"ca-pub-8787528412751566\" \ndata-ad-slot=\"\" \ndata-ad-format=\"auto\"><\/ins>\n<script> \n(adsbygoogle = window.adsbygoogle || []).push({}); \n<\/script>\n<\/div>\n<p><em><small>Cobertura abaixo do esperado faz com que Governo do Estado decida ampliar Campanha em todo estado<\/small><\/em><\/p>\n\n\n\n<p>A Secretaria de Sa\u00fade de Indaiatuba prorrogou a Campanha de Vacina\u00e7\u00e3o contra Poliomielite at\u00e9 28 de junho, seguindo determina\u00e7\u00e3o do Governo do Estado de S\u00e3o Paulo, em virtude da baixa cobertura em todo estado. Em Indaiatuba 3.079 doses foram aplicadas, o que corresponde a uma cobertura de 24,7% do p\u00fablico alvo.<\/p>\n\n\n\n<p>A imuniza\u00e7\u00e3o est\u00e1 dispon\u00edvel para crian\u00e7as menores de cinco anos em todas as unidades de sa\u00fade, das 7h30 \u00e0s 16h30, de segunda a sexta-feira, exceto feriados.<\/p>\n\n\n\n<p>A vacina\u00e7\u00e3o contra a poliomielite para crian\u00e7as menores de 5 anos \u00e9 crucial para garantir a erradica\u00e7\u00e3o desta doen\u00e7a altamente contagiosa e potencialmente devastadora. A poliomielite pode causar paralisia irrevers\u00edvel e, em casos graves, levar \u00e0 morte. A imuniza\u00e7\u00e3o \u00e9 a maneira mais eficaz de proteger as crian\u00e7as, impedindo a propaga\u00e7\u00e3o do v\u00edrus e promovendo a sa\u00fade p\u00fablica. Al\u00e9m disso, ao manter altas taxas de vacina\u00e7\u00e3o, contribu\u00edmos para a manuten\u00e7\u00e3o da imunidade de rebanho, essencial para proteger aqueles que n\u00e3o podem ser vacinados por motivos m\u00e9dicos. A erradica\u00e7\u00e3o da poliomielite \u00e9 uma meta global, e a vacina\u00e7\u00e3o em massa \u00e9 uma ferramenta indispens\u00e1vel para alcan\u00e7ar este objetivo, garantindo um futuro mais saud\u00e1vel para as pr\u00f3ximas gera\u00e7\u00f5es.<\/p>\n\n\n\n<p class=\"has-small-font-size\"><strong>#PraTodosVerem:\u00a0<\/strong>Foto colorida em plano fechado mostra crian\u00e7a com a boca aberta recebendo a gotinha da vacina contra poliomielite. Acima um profissional da sa\u00fade segura o frasco com o imunizante. Fim da descri\u00e7\u00e3o.<\/p>\n","protected":false},"excerpt":{"rendered":"<p>Cobertura abaixo do esperado faz com que Governo do Estado decida ampliar Campanha em todo estado A Secretaria de Sa\u00fade de Indaiatuba prorrogou a Campanha de Vacina\u00e7\u00e3o contra Poliomielite at\u00e9 28 de junho, seguindo determina\u00e7\u00e3o do Governo do Estado de S\u00e3o Paulo, em virtude da baixa cobertura em todo estado. Em Indaiatuba 3.079 doses foram [&hellip;]<\/p>\n","protected":false},"author":8,"featured_media":23238,"comment_status":"closed","ping_status":"open","sticky":false,"template":"","format":"standard","meta":{"rop_custom_images_group":[],"rop_custom_messages_group":[],"rop_publish_now":"initial","rop_publish_now_accounts":[],"rop_publish_now_history":[],"rop_publish_now_status":"pending","footnotes":""},"categories":[188],"tags":[],"class_list":["post-23237","post","type-post","status-publish","format-standard","has-post-thumbnail","hentry","category-indaiatuba"],"amp_enabled":true,"_links":{"self":[{"href":"https:\/\/imais.online\/portal\/wp-json\/wp\/v2\/posts\/23237","targetHints":{"allow":["GET"]}}],"collection":[{"href":"https:\/\/imais.online\/portal\/wp-json\/wp\/v2\/posts"}],"about":[{"href":"https:\/\/imais.online\/portal\/wp-json\/wp\/v2\/types\/post"}],"author":[{"embeddable":true,"href":"https:\/\/imais.online\/portal\/wp-json\/wp\/v2\/users\/8"}],"replies":[{"embeddable":true,"href":"https:\/\/imais.online\/portal\/wp-json\/wp\/v2\/comments?post=23237"}],"version-history":[{"count":1,"href":"https:\/\/imais.online\/portal\/wp-json\/wp\/v2\/posts\/23237\/revisions"}],"predecessor-version":[{"id":23239,"href":"https:\/\/imais.online\/portal\/wp-json\/wp\/v2\/posts\/23237\/revisions\/23239"}],"wp:featuredmedia":[{"embeddable":true,"href":"https:\/\/imais.online\/portal\/wp-json\/wp\/v2\/media\/23238"}],"wp:attachment":[{"href":"https:\/\/imais.online\/portal\/wp-json\/wp\/v2\/media?parent=23237"}],"wp:term":[{"taxonomy":"category","embeddable":true,"href":"https:\/\/imais.online\/portal\/wp-json\/wp\/v2\/categories?post=23237"},{"taxonomy":"post_tag","embeddable":true,"href":"https:\/\/imais.online\/portal\/wp-json\/wp\/v2\/tags?post=23237"}],"curies":[{"name":"wp","href":"https:\/\/api.w.org\/{rel}","templated":true}]}}