{"id":23240,"date":"2024-06-18T09:46:47","date_gmt":"2024-06-18T12:46:47","guid":{"rendered":"https:\/\/imais.online\/portal\/?p=23240"},"modified":"2024-06-18T09:46:48","modified_gmt":"2024-06-18T12:46:48","slug":"funssol-abre-as-inscricoes-para-o-segundo-semestre-dos-cursos-de-geracao-de-renda","status":"publish","type":"post","link":"https:\/\/imais.online\/portal\/funssol-abre-as-inscricoes-para-o-segundo-semestre-dos-cursos-de-geracao-de-renda\/","title":{"rendered":"Funssol abre as inscri\u00e7\u00f5es para o segundo semestre dos cursos de gera\u00e7\u00e3o de renda"},"content":{"rendered":"<div class=\"imais-before-content-placement\" id=\"imais-2761576571\"><script async src=\"\/\/pagead2.googlesyndication.com\/pagead\/js\/adsbygoogle.js?client=ca-pub-8787528412751566\" crossorigin=\"anonymous\"><\/script><ins class=\"adsbygoogle\" style=\"display:block;\" data-ad-client=\"ca-pub-8787528412751566\" \ndata-ad-slot=\"\" \ndata-ad-format=\"auto\"><\/ins>\n<script> \n(adsbygoogle = window.adsbygoogle || []).push({}); \n<\/script>\n<\/div>\n<p><em><small>Inscri\u00e7\u00f5es acontecem no dia 24 de junho de maneira presencial e on-line<\/small><\/em><\/p>\n\n\n\n<p>O Fundo Social de Solidariedade (Funssol) abre as inscri\u00e7\u00f5es para os cursos de gera\u00e7\u00e3o de renda \u201cTesoura Encantada\u201d e \u201cPadaria Artesanal\u201d no dia 24 de junho, de maneira on-line pelo&nbsp;<a href=\"https:\/\/www.indaiatuba.sp.gov.br\/portal-funssol\">link<\/a>&nbsp;e presencialmente no Fundo Social, das 9h \u00e0s 16h. O Funssol pede a colabora\u00e7\u00e3o dos alunos no primeiro dia de aula com a doa\u00e7\u00e3o espont\u00e2nea de uma lata de Leite Condensado, que ser\u00e1 revertida para a Padaria Artesanal.<\/p>\n\n\n\n<p>\u00c9 necess\u00e1rio para as inscri\u00e7\u00f5es on-line anexar os documentos solicitados e na presencial apresentar documentos originais. Documentos necess\u00e1rios: RG e CPF ( foto dos documentos abertos com todos os dados e os dois devem estar na mesma folha), comprovante de endere\u00e7o e para os cursos com requisito o &nbsp;certificado do curso especificado, caso o aluno n\u00e3o anexe o certificado que comprove a conclus\u00e3o do m\u00f3dulo, automaticamente ser\u00e1 desligado do curso inscrito. Ao todo, ser\u00e3o&nbsp; disponibilizadas 270 vagas para pessoas que tenham mais de 16 anos e \u00e9 obrigat\u00f3rio que o aluno resida em Indaiatuba. \u00c9 permitida apenas uma inscri\u00e7\u00e3o por pessoa n\u00e3o podendo repetir o mesmo curso.<\/p>\n\n\n\n<p>\u201cOs cursos de gera\u00e7\u00e3o de renda do primeiro semestre ainda est\u00e3o acontecendo, mas j\u00e1 estamos abrindo as vagas para o segundo semestre. \u00c9 uma oportunidade para as pessoas que n\u00e3o conseguiram se inscrever. O objetivo \u00e9 qualificar as pessoas que buscam uma renda extra ou recoloca\u00e7\u00e3o no mercado de trabalho. A partir da conclus\u00e3o das aulas a pessoa j\u00e1 sai apta para trabalhar com o conhecimento adquirido e assim podem obter a t\u00e3o sonhada independ\u00eancia financeira\u201d, explica a presidente do Fundo Social de Solidariedade, Maria das Gra\u00e7as Ara\u00fajo M\u00e1ssimo.<\/p>\n\n\n\n<ul class=\"wp-block-list\">\n<li><strong>Projeto Tesoura Encantada<\/strong><\/li>\n<\/ul>\n\n\n\n<p><strong><u>Croch\u00ea Continuidade<\/u><\/strong><\/p>\n\n\n\n<p><strong>(12 alunos por turma)<br><\/strong>Sexta-feira das&nbsp;10h10 \u00e0s 12h<\/p>\n\n\n\n<p><em>(<strong>Requisito<\/strong>&nbsp;&#8211; Certificado do Croch\u00ea Iniciante)<\/em><\/p>\n\n\n\n<p><strong><u>Passo a Passo: Inicia\u00e7\u00e3o a Costura<\/u><\/strong><\/p>\n\n\n\n<p><strong>(12 alunos por turma)<br><\/strong>Segunda-feira das&nbsp;13h10&nbsp; \u00e0s 15h<\/p>\n\n\n\n<p>Segunda-feira das&nbsp;20h10 \u00e0s 22h<\/p>\n\n\n\n<p>Ter\u00e7a-feira das 8h10 \u00e0s 10h<\/p>\n\n\n\n<p>Ter\u00e7a-feira das 15h10 \u00e0s 17h<\/p>\n\n\n\n<p>Quarta-feira das&nbsp;13h10 \u00e0s 15h<\/p>\n\n\n\n<p><strong><u>Corte e Costura Iniciante Pequenos Consertos<\/u><\/strong><\/p>\n\n\n\n<p><strong>(12 alunos por turma)<\/strong><\/p>\n\n\n\n<p><em>(<strong>Requisito<\/strong>&nbsp;\u2013 No\u00e7\u00f5es de Costura)<\/em><\/p>\n\n\n\n<p>Quinta-feira das&nbsp;13h10&nbsp; \u00e0s 15h<\/p>\n\n\n\n<p>Quinta-feira das&nbsp;15h10&nbsp; \u00e0s 17h<\/p>\n\n\n\n<p><strong><u>Costura Criativa Avan\u00e7ada Artigos Natalinos<\/u><\/strong><\/p>\n\n\n\n<p><strong>(12 alunos por turma)<\/strong><\/p>\n\n\n\n<p>(<strong><em>Requisito<\/em><\/strong><em>&nbsp;&#8211; Certificado do Costura Criativa ou Pachwork<\/em>)<\/p>\n\n\n\n<p>Segunda- feira das&nbsp;15h10 \u00e0s 17h<\/p>\n\n\n\n<p><strong><u>Costura Criativa N\u00e9cessaire e Porta Acess\u00f3rios<\/u><\/strong><\/p>\n\n\n\n<p><strong>(12 alunos por turma)<br><\/strong>(<strong><em>Requisito<\/em><\/strong><em>&nbsp;&#8211; Certificado do Passo a Passo<\/em>)<\/p>\n\n\n\n<p>Segunda-feira das&nbsp;18h10 \u00e0s 20h<\/p>\n\n\n\n<p>Ter\u00e7a-feira das&nbsp;10h10 \u00e0s 12h<\/p>\n\n\n\n<p><strong><u>Costura Criativa Artigos Decorativos para o Lar<\/u><\/strong><strong><\/strong><\/p>\n\n\n\n<p><strong>(12 alunos por turma)<br><\/strong>(<strong><em>Requisito<\/em><\/strong><em>&nbsp;&#8211; Certificado do Passo a Passo<\/em>)<\/p>\n\n\n\n<p>Ter\u00e7a-feira das&nbsp;13h10 \u00e0s 15h<\/p>\n\n\n\n<p><strong><u>Costura Criativa Avan\u00e7ada: Bolsas<\/u><\/strong><strong><\/strong><\/p>\n\n\n\n<p><strong>(12 alunos por turma)<br><\/strong>(<strong><em>Requisito<\/em><\/strong><em>&nbsp;\u2013 Certificado dos cursos&nbsp;<u>Costura Criativa e Patchwork<\/u><\/em>). Anexar em uma \u00fanica foto.<\/p>\n\n\n\n<p>Quarta-feira das&nbsp;10h10 \u00e0s 12h<\/p>\n\n\n\n<p><strong><u>Patchwork Continua\u00e7\u00e3o<\/u><\/strong><\/p>\n\n\n\n<p><strong><u>(<\/u><\/strong><strong>12 alunos por turma)<br><\/strong>(<strong><em>Requisito<\/em><\/strong><em>&nbsp;&#8211; Certificado do curso de Patchwork I<\/em>)<\/p>\n\n\n\n<p>Quarta-feira das&nbsp;15h10 \u00e0s 17h<\/p>\n\n\n\n<p><strong><u>Corte e Costura de Lingeries<\/u><\/strong><\/p>\n\n\n\n<p><strong>(12 alunos por turma)<br><\/strong>(<strong><em>Requisito<\/em><\/strong><em>&nbsp;&#8211; Certificado do curso de Passo a Passo<\/em>)<\/p>\n\n\n\n<p>Quinta-feira das 8h10 \u00e0s 11h<\/p>\n\n\n\n<p><strong>Local: Espa\u00e7o Cidadania<\/strong><\/p>\n\n\n\n<p><strong>Endere\u00e7o: Rua Candel\u00e1ria, 365 \u2013 Centro.<\/strong><strong><\/strong><\/p>\n\n\n\n<p>\u00b7&nbsp;&nbsp;&nbsp;&nbsp;&nbsp;&nbsp;&nbsp;&nbsp;&nbsp;<strong>Projeto Padaria Artesanal<\/strong><\/p>\n\n\n\n<p><strong><u>P\u00e3es e Bolos<\/u><\/strong><\/p>\n\n\n\n<p><strong>(15 alunos por turma)<\/strong><\/p>\n\n\n\n<p>Ter\u00e7a-feira das 8h20 \u00e0s 12h<\/p>\n\n\n\n<p>Ter\u00e7a-feira das 13h20 \u00e0s 17h<\/p>\n\n\n\n<p><strong>Local: Espa\u00e7o Cidadania<\/strong><\/p>\n\n\n\n<p><strong>Endere\u00e7o: Rua Candel\u00e1ria, 365 &#8211; Centro<\/strong><strong><\/strong><\/p>\n\n\n\n<p><strong><u>Doces e Salgados<\/u><\/strong><\/p>\n\n\n\n<p><strong>(15 alunos por turma)<\/strong><\/p>\n\n\n\n<p>Quinta-feira das 8h20 \u00e0s 12h<\/p>\n\n\n\n<p>Quinta-feira das 13h20 \u00e0s 17h<\/p>\n\n\n\n<p><strong>Local: Espa\u00e7o Cidadania<\/strong><\/p>\n\n\n\n<p><strong>Endere\u00e7o: Rua Candel\u00e1ria, 365 &#8211; Centro<\/strong><strong><\/strong><\/p>\n\n\n\n<p><strong><u>P\u00e3es e Bolos<\/u><\/strong><\/p>\n\n\n\n<p><strong>(15 alunos por turma)<\/strong><\/p>\n\n\n\n<p>Quarta-feira das&nbsp;&nbsp;8h20 \u00e0s12h<\/p>\n\n\n\n<p><strong>Local: Antiga Subprefeitura<\/strong><\/p>\n\n\n\n<p><strong>Endere\u00e7o: Zephiro Pucinelli, 1970 &#8211; Jardim Morada do Sol<\/strong><\/p>\n\n\n\n<p><strong><u>Doces e Salgados<\/u><\/strong><\/p>\n\n\n\n<p><strong>(15 alunos por turma)<br><\/strong>Quarta-feira das13h20 \u00e0s 17h<\/p>\n\n\n\n<p><strong>Local: Antiga Subprefeitura<\/strong><strong><\/strong><\/p>\n\n\n\n<p><strong>Endere\u00e7o: Zephiro Pucinelli, 1970 &#8211; Jardim Morada do Sol<\/strong><\/p>\n\n\n\n<p>A lista de espera tem validade somente para o semestre referente \u00e0 inscri\u00e7\u00e3o. Para mais informa\u00e7\u00f5es entrar em contato pelos telefones: (19)3885-1411 ou (19)3834-9033.<\/p>\n\n\n\n<p class=\"has-small-font-size\"><strong>#PraTodosVerem:\u00a0<\/strong>Na imagem as alunas est\u00e3o em uma cozinha em uma bancada com os doces que desenvolveram durante a aula. Fim da descri\u00e7\u00e3o.<\/p>\n","protected":false},"excerpt":{"rendered":"<p>Inscri\u00e7\u00f5es acontecem no dia 24 de junho de maneira presencial e on-line O Fundo Social de Solidariedade (Funssol) abre as inscri\u00e7\u00f5es para os cursos de gera\u00e7\u00e3o de renda \u201cTesoura Encantada\u201d e \u201cPadaria Artesanal\u201d no dia 24 de junho, de maneira on-line pelo&nbsp;link&nbsp;e presencialmente no Fundo Social, das 9h \u00e0s 16h. O Funssol pede a colabora\u00e7\u00e3o [&hellip;]<\/p>\n","protected":false},"author":8,"featured_media":23241,"comment_status":"closed","ping_status":"open","sticky":false,"template":"","format":"standard","meta":{"rop_custom_images_group":[],"rop_custom_messages_group":[],"rop_publish_now":"initial","rop_publish_now_accounts":[],"rop_publish_now_history":[],"rop_publish_now_status":"pending","footnotes":""},"categories":[188],"tags":[73],"class_list":["post-23240","post","type-post","status-publish","format-standard","has-post-thumbnail","hentry","category-indaiatuba","tag-featured"],"amp_enabled":true,"_links":{"self":[{"href":"https:\/\/imais.online\/portal\/wp-json\/wp\/v2\/posts\/23240","targetHints":{"allow":["GET"]}}],"collection":[{"href":"https:\/\/imais.online\/portal\/wp-json\/wp\/v2\/posts"}],"about":[{"href":"https:\/\/imais.online\/portal\/wp-json\/wp\/v2\/types\/post"}],"author":[{"embeddable":true,"href":"https:\/\/imais.online\/portal\/wp-json\/wp\/v2\/users\/8"}],"replies":[{"embeddable":true,"href":"https:\/\/imais.online\/portal\/wp-json\/wp\/v2\/comments?post=23240"}],"version-history":[{"count":1,"href":"https:\/\/imais.online\/portal\/wp-json\/wp\/v2\/posts\/23240\/revisions"}],"predecessor-version":[{"id":23242,"href":"https:\/\/imais.online\/portal\/wp-json\/wp\/v2\/posts\/23240\/revisions\/23242"}],"wp:featuredmedia":[{"embeddable":true,"href":"https:\/\/imais.online\/portal\/wp-json\/wp\/v2\/media\/23241"}],"wp:attachment":[{"href":"https:\/\/imais.online\/portal\/wp-json\/wp\/v2\/media?parent=23240"}],"wp:term":[{"taxonomy":"category","embeddable":true,"href":"https:\/\/imais.online\/portal\/wp-json\/wp\/v2\/categories?post=23240"},{"taxonomy":"post_tag","embeddable":true,"href":"https:\/\/imais.online\/portal\/wp-json\/wp\/v2\/tags?post=23240"}],"curies":[{"name":"wp","href":"https:\/\/api.w.org\/{rel}","templated":true}]}}