{"id":23243,"date":"2024-06-18T09:48:54","date_gmt":"2024-06-18T12:48:54","guid":{"rendered":"https:\/\/imais.online\/portal\/?p=23243"},"modified":"2024-06-18T09:48:55","modified_gmt":"2024-06-18T12:48:55","slug":"secretaria-de-saude-de-indaiatuba-vacina-animais-contra-raiva-neste-sabado-no-bairro-tombadouro","status":"publish","type":"post","link":"https:\/\/imais.online\/portal\/secretaria-de-saude-de-indaiatuba-vacina-animais-contra-raiva-neste-sabado-no-bairro-tombadouro\/","title":{"rendered":"Secretaria de Sa\u00fade de Indaiatuba vacina animais contra raiva neste s\u00e1bado no bairro Tombadouro"},"content":{"rendered":"<div class=\"imais-before-content-placement\" id=\"imais-4143523548\"><script async src=\"\/\/pagead2.googlesyndication.com\/pagead\/js\/adsbygoogle.js?client=ca-pub-8787528412751566\" crossorigin=\"anonymous\"><\/script><ins class=\"adsbygoogle\" style=\"display:block;\" data-ad-client=\"ca-pub-8787528412751566\" \ndata-ad-slot=\"\" \ndata-ad-format=\"auto\"><\/ins>\n<script> \n(adsbygoogle = window.adsbygoogle || []).push({}); \n<\/script>\n<\/div>\n<p><em><small>Secretaria de Servi\u00e7os Urbanos e Meio Ambiente participa junto com a microchipagem dos animais<\/small><\/em><\/p>\n\n\n\n<p>A Secretaria de Sa\u00fade de Indaiatuba vacina animais contra raiva neste s\u00e1bado (22) no Caminho da Luz das 9h \u00e0s 13h. Nesta data, apenas moradores do bairro poder\u00e3o imunizar seus PETs mediante apresenta\u00e7\u00e3o do comprovante de endere\u00e7o. A a\u00e7\u00e3o acontece no Cras 2, Jardim Tombadouro, na&nbsp;Rodovia Lix da Cunha, 2900, em parceria com a UniMAX e com a Secretaria de Servi\u00e7os Urbanos e Meio Ambiente, que realizar\u00e3o tamb\u00e9m de forma gratuita a implanta\u00e7\u00e3o de microchip nos animais.<\/p>\n\n\n\n<p><a href=\"https:\/\/www.indaiatuba.sp.gov.br\/relacoes-institucionais\/imprensa\/noticias\/33342\/prefeitura-lanca-programa-de-microchipagem-animal-sistema-meu-pet-\">+ Prefeitura lan\u00e7a Programa de Microchipagem Animal &#8211; Sistema Meu PET<\/a><\/p>\n\n\n\n<p>A vacina\u00e7\u00e3o tem o apoio do Compda (Conselho Municipal de Prote\u00e7\u00e3o dos Direitos dos Animais) e do CRA (Centro de Reabilita\u00e7\u00e3o Animal). A recomenda\u00e7\u00e3o aos tutores \u00e9 que n\u00e3o esque\u00e7am de levar a carteira de vacina\u00e7\u00e3o do pet. C\u00e3es devem ser conduzidos em coleiras e gatos dentro de um saco de tecido. A imuniza\u00e7\u00e3o dos animais \u00e9 anual, n\u00e3o sendo necess\u00e1rio nenhum refor\u00e7o antes deste prazo.<\/p>\n\n\n\n<p><strong>Por que vacinar meu pet contra raiva?<\/strong><strong><\/strong><\/p>\n\n\n\n<p>A raiva \u00e9 uma doen\u00e7a viral grave que afeta o sistema nervoso central de mam\u00edferos, incluindo seres humanos e animais. Ela \u00e9 quase sempre fatal tanto para animais quanto para humanos, portanto, a vacina\u00e7\u00e3o \u00e9 uma medida crucial para prevenir a propaga\u00e7\u00e3o da doen\u00e7a.<\/p>\n\n\n\n<p>A vacina antirr\u00e1bica \u00e9 altamente eficiente na preven\u00e7\u00e3o da raiva. Ela estimula o sistema imunol\u00f3gico do animal a produzir anticorpos contra o v\u00edrus da raiva. Caso o animal seja exposto ao v\u00edrus no futuro, esses anticorpos ir\u00e3o ajudar a proteg\u00ea-lo e a combater a infec\u00e7\u00e3o.<\/p>\n\n\n\n<p>Al\u00e9m de proteger seu animal, a vacina\u00e7\u00e3o antirr\u00e1bica tamb\u00e9m \u00e9 importante para a sa\u00fade p\u00fablica. A raiva \u00e9 uma zoonose, o que significa que pode ser transmitida dos animais para os seres humanos. Ao vacinar seu animal de estima\u00e7\u00e3o, voc\u00ea contribui para a redu\u00e7\u00e3o do risco de transmiss\u00e3o da raiva para voc\u00ea, sua fam\u00edlia e outras pessoas.<\/p>\n\n\n\n<p class=\"has-small-font-size\"><strong>#PraTodosVerem:\u00a0<\/strong>Foto colorida no Centro Comunit\u00e1rio do Jardim Brasil. Um cachorro est\u00e1 sob uma mesa, cercado por tr\u00eas profissionais da sa\u00fade, que est\u00e3o vacinando e contendo o animal. Os tutores est\u00e3o \u00e0 direita tamb\u00e9m auxiliando a segurar o pet. Fim da descri\u00e7\u00e3o.<\/p>\n","protected":false},"excerpt":{"rendered":"<p>Secretaria de Servi\u00e7os Urbanos e Meio Ambiente participa junto com a microchipagem dos animais A Secretaria de Sa\u00fade de Indaiatuba vacina animais contra raiva neste s\u00e1bado (22) no Caminho da Luz das 9h \u00e0s 13h. Nesta data, apenas moradores do bairro poder\u00e3o imunizar seus PETs mediante apresenta\u00e7\u00e3o do comprovante de endere\u00e7o. A a\u00e7\u00e3o acontece no [&hellip;]<\/p>\n","protected":false},"author":8,"featured_media":23244,"comment_status":"closed","ping_status":"open","sticky":false,"template":"","format":"standard","meta":{"rop_custom_images_group":[],"rop_custom_messages_group":[],"rop_publish_now":"initial","rop_publish_now_accounts":[],"rop_publish_now_history":[],"rop_publish_now_status":"pending","footnotes":""},"categories":[188],"tags":[],"class_list":["post-23243","post","type-post","status-publish","format-standard","has-post-thumbnail","hentry","category-indaiatuba"],"amp_enabled":true,"_links":{"self":[{"href":"https:\/\/imais.online\/portal\/wp-json\/wp\/v2\/posts\/23243","targetHints":{"allow":["GET"]}}],"collection":[{"href":"https:\/\/imais.online\/portal\/wp-json\/wp\/v2\/posts"}],"about":[{"href":"https:\/\/imais.online\/portal\/wp-json\/wp\/v2\/types\/post"}],"author":[{"embeddable":true,"href":"https:\/\/imais.online\/portal\/wp-json\/wp\/v2\/users\/8"}],"replies":[{"embeddable":true,"href":"https:\/\/imais.online\/portal\/wp-json\/wp\/v2\/comments?post=23243"}],"version-history":[{"count":1,"href":"https:\/\/imais.online\/portal\/wp-json\/wp\/v2\/posts\/23243\/revisions"}],"predecessor-version":[{"id":23245,"href":"https:\/\/imais.online\/portal\/wp-json\/wp\/v2\/posts\/23243\/revisions\/23245"}],"wp:featuredmedia":[{"embeddable":true,"href":"https:\/\/imais.online\/portal\/wp-json\/wp\/v2\/media\/23244"}],"wp:attachment":[{"href":"https:\/\/imais.online\/portal\/wp-json\/wp\/v2\/media?parent=23243"}],"wp:term":[{"taxonomy":"category","embeddable":true,"href":"https:\/\/imais.online\/portal\/wp-json\/wp\/v2\/categories?post=23243"},{"taxonomy":"post_tag","embeddable":true,"href":"https:\/\/imais.online\/portal\/wp-json\/wp\/v2\/tags?post=23243"}],"curies":[{"name":"wp","href":"https:\/\/api.w.org\/{rel}","templated":true}]}}