{"id":23258,"date":"2024-06-19T09:15:53","date_gmt":"2024-06-19T12:15:53","guid":{"rendered":"https:\/\/imais.online\/portal\/?p=23258"},"modified":"2024-06-19T09:15:54","modified_gmt":"2024-06-19T12:15:54","slug":"cultura-realiza-o-2o-encontro-de-corais-nos-dias-29-e-30-de-junho-no-ciaei","status":"publish","type":"post","link":"https:\/\/imais.online\/portal\/cultura-realiza-o-2o-encontro-de-corais-nos-dias-29-e-30-de-junho-no-ciaei\/","title":{"rendered":"Cultura realiza o 2\u00ba Encontro de Corais nos dias 29 e 30 de junho no Ciaei"},"content":{"rendered":"<div class=\"imais-before-content-placement\" id=\"imais-3641364063\"><script async src=\"\/\/pagead2.googlesyndication.com\/pagead\/js\/adsbygoogle.js?client=ca-pub-8787528412751566\" crossorigin=\"anonymous\"><\/script><ins class=\"adsbygoogle\" style=\"display:block;\" data-ad-client=\"ca-pub-8787528412751566\" \ndata-ad-slot=\"\" \ndata-ad-format=\"auto\"><\/ins>\n<script> \n(adsbygoogle = window.adsbygoogle || []).push({}); \n<\/script>\n<\/div>\n<p><em><small>Evento tem como intuito promover o interc\u00e2mbio art\u00edstico de grupos vocais na regi\u00e3o<\/small><\/em><\/p>\n\n\n\n<p>A Secretaria de Cultura de Indaiatuba realiza o 2\u00ba Encontro de Corais nos dias 29 de junho \u00e0s 19h e 30 de junho \u00e0s 18h, no Centro Integrado de Apoio \u00e0 Educa\u00e7\u00e3o de Indaiatuba (Ciaei). O evento visa promover a cultura e o interc\u00e2mbio art\u00edstico entre os grupos vocais do munic\u00edpio e da regi\u00e3o. O evento \u00e9 gratuito e aberto ao p\u00fablico.<\/p>\n\n\n\n<p>O objetivo \u00e9 proporcionar uma plataforma para os corais locais e regionais se apresentarem, compartilharem experi\u00eancias e estabelecerem la\u00e7os comunit\u00e1rios atrav\u00e9s da m\u00fasica. Ao todo, ser\u00e3o oito apresenta\u00e7\u00f5es, sendo quatro por dia. Para mais informa\u00e7\u00f5es entrar em contato pelo telefone (19) 3875-6144.<\/p>\n\n\n\n<p><strong>Programa\u00e7\u00e3o<\/strong><\/p>\n\n\n\n<p><strong>29 de junho \u00e0s 19h<\/strong><\/p>\n\n\n\n<p>N\u00facleo de Canto Coral da Secretaria de Cultura de Indaiatuba<\/p>\n\n\n\n<p>Coral do Indaiatuba Clube<\/p>\n\n\n\n<p>Coral Jubilate (Igreja Luterana)<\/p>\n\n\n\n<p>Coral Entrega (Igreja Nazareno Central)<\/p>\n\n\n\n<p><strong>30 de junho \u00e0s 18h<\/strong><\/p>\n\n\n\n<p>N\u00facleo de Canto Coral da Secretaria de Cultura de Indaiatuba<\/p>\n\n\n\n<p>Coral Astra de Jundia\u00ed<\/p>\n\n\n\n<p>Coral Cantares (Adulto e Infanto-Juvenil) da ACAFI Indaiatuba<\/p>\n\n\n\n<p>Coro C\u00eanico Intermusic&nbsp; de Atibaia<\/p>\n\n\n\n<p><strong>Servi\u00e7o<\/strong><\/p>\n\n\n\n<p><strong>2\u00ba Encontro de Corais<\/strong><\/p>\n\n\n\n<p><strong>Data:<\/strong>&nbsp;29 de junho.<\/p>\n\n\n\n<p><strong>Hor\u00e1rio:&nbsp;<\/strong>19h.<\/p>\n\n\n\n<p><strong>Data:&nbsp;<\/strong>30 de junho.<strong><\/strong><\/p>\n\n\n\n<p><strong>Hor\u00e1rio:&nbsp;<\/strong>18h.<strong><\/strong><\/p>\n\n\n\n<p><strong>Local:&nbsp;<\/strong>Ciaei &#8211; Av. Eng. F\u00e1bio Roberto Barnab\u00e9, 3665.<\/p>\n\n\n\n<p><strong>Informa\u00e7\u00f5es:\u00a0<\/strong>(19) 3875-6144.<\/p>\n\n\n\n<p class=\"has-small-font-size\"><strong>#PraTodosVerem:\u00a0<\/strong>Arte com o fundo laranja. No topo notas musicais na cor marrom e embaixo, na mesma cor, escrito \u201c2\u00ba Encontro de Corais\u201d, \u201c29 e 30 de junho\u201d e \u201cCiaei\u201d e no rodap\u00e9 o bras\u00e3o da Prefeitura de Indaiatuba e logomarca da Secretaria de Cultura. Fim de descri\u00e7\u00e3o.<\/p>\n","protected":false},"excerpt":{"rendered":"<p>Evento tem como intuito promover o interc\u00e2mbio art\u00edstico de grupos vocais na regi\u00e3o A Secretaria de Cultura de Indaiatuba realiza o 2\u00ba Encontro de Corais nos dias 29 de junho \u00e0s 19h e 30 de junho \u00e0s 18h, no Centro Integrado de Apoio \u00e0 Educa\u00e7\u00e3o de Indaiatuba (Ciaei). O evento visa promover a cultura e [&hellip;]<\/p>\n","protected":false},"author":8,"featured_media":23259,"comment_status":"closed","ping_status":"open","sticky":false,"template":"","format":"standard","meta":{"rop_custom_images_group":[],"rop_custom_messages_group":[],"rop_publish_now":"initial","rop_publish_now_accounts":[],"rop_publish_now_history":[],"rop_publish_now_status":"pending","footnotes":""},"categories":[188],"tags":[],"class_list":["post-23258","post","type-post","status-publish","format-standard","has-post-thumbnail","hentry","category-indaiatuba"],"amp_enabled":true,"_links":{"self":[{"href":"https:\/\/imais.online\/portal\/wp-json\/wp\/v2\/posts\/23258","targetHints":{"allow":["GET"]}}],"collection":[{"href":"https:\/\/imais.online\/portal\/wp-json\/wp\/v2\/posts"}],"about":[{"href":"https:\/\/imais.online\/portal\/wp-json\/wp\/v2\/types\/post"}],"author":[{"embeddable":true,"href":"https:\/\/imais.online\/portal\/wp-json\/wp\/v2\/users\/8"}],"replies":[{"embeddable":true,"href":"https:\/\/imais.online\/portal\/wp-json\/wp\/v2\/comments?post=23258"}],"version-history":[{"count":1,"href":"https:\/\/imais.online\/portal\/wp-json\/wp\/v2\/posts\/23258\/revisions"}],"predecessor-version":[{"id":23260,"href":"https:\/\/imais.online\/portal\/wp-json\/wp\/v2\/posts\/23258\/revisions\/23260"}],"wp:featuredmedia":[{"embeddable":true,"href":"https:\/\/imais.online\/portal\/wp-json\/wp\/v2\/media\/23259"}],"wp:attachment":[{"href":"https:\/\/imais.online\/portal\/wp-json\/wp\/v2\/media?parent=23258"}],"wp:term":[{"taxonomy":"category","embeddable":true,"href":"https:\/\/imais.online\/portal\/wp-json\/wp\/v2\/categories?post=23258"},{"taxonomy":"post_tag","embeddable":true,"href":"https:\/\/imais.online\/portal\/wp-json\/wp\/v2\/tags?post=23258"}],"curies":[{"name":"wp","href":"https:\/\/api.w.org\/{rel}","templated":true}]}}