{"id":23261,"date":"2024-06-19T09:17:07","date_gmt":"2024-06-19T12:17:07","guid":{"rendered":"https:\/\/imais.online\/portal\/?p=23261"},"modified":"2024-06-19T09:17:08","modified_gmt":"2024-06-19T12:17:08","slug":"bosque-do-saber-recebe-familia-yanmar-para-evento-promovido-pelo-comite-verde","status":"publish","type":"post","link":"https:\/\/imais.online\/portal\/bosque-do-saber-recebe-familia-yanmar-para-evento-promovido-pelo-comite-verde\/","title":{"rendered":"Bosque do Saber recebe fam\u00edlia Yanmar para evento promovido pelo Comit\u00ea Verde"},"content":{"rendered":"<div class=\"imais-before-content-placement\" id=\"imais-115504103\"><script async src=\"\/\/pagead2.googlesyndication.com\/pagead\/js\/adsbygoogle.js?client=ca-pub-8787528412751566\" crossorigin=\"anonymous\"><\/script><ins class=\"adsbygoogle\" style=\"display:block;\" data-ad-client=\"ca-pub-8787528412751566\" \ndata-ad-slot=\"\" \ndata-ad-format=\"auto\"><\/ins>\n<script> \n(adsbygoogle = window.adsbygoogle || []).push({}); \n<\/script>\n<\/div>\n<p><em><small>Equipe da escola ambiental promoveu oficina, aula ambiental e plantio de mudas aos participantes<\/small><\/em><\/p>\n\n\n\n<p>No s\u00e1bado (15\/6) o do Bosque do Saber recebeu 153 pessoas para participar do piquenique em comemora\u00e7\u00e3o ao Dia Mundial do Meio Ambiente, celebrado no dia 5 de junho. O evento, promovido pelo Comit\u00ea Verde, tem como objetivo envolver colaboradores e familiares da Yanmar entorno do tema sustentabilidade, a fim de concretizar uma sociedade onde as pessoas coexistam com a natureza.<\/p>\n\n\n\n<p>Durante o encontro a equipe do Bosque do Saber promoveu aos convidados uma oficina, aula ambiental, trilha, plantio de mudas de manjeric\u00e3o e alecrim e o plantio de um Ip\u00ea Branco, onde foi colocado uma placa da Yanmar e do Comit\u00ea Verde.<\/p>\n\n\n\n<p>O Comit\u00ea Verde \u00e9 um grupo interdepartamental com intuito de incentivar pr\u00e1ticas ecologicamente respons\u00e1veis na rotina de trabalho dos colaboradores Yanmar.<\/p>\n\n\n\n<p class=\"has-small-font-size\"><strong>#PraTodosVerem:\u00a0<\/strong>A imagem mostra uma sala dentro do Bosque do Saber com mesas verdes, azuis, amarelas e vermelhas, onde os participantes do evento est\u00e3o sentados, participando de uma aula ambiental, que est\u00e1 sendo ministrada pela servidora Angela do Bosque do Saber, que veste uma camisa polo laranja. Em uma parede da sala tem um arm\u00e1rio com livros, letras em madeira que formam Bosque do Saber, um quadro com insetos, um esqueleto, um globo terrestre e um m\u00f3vel laranja com n\u00fameros pintados em branco.<\/p>\n","protected":false},"excerpt":{"rendered":"<p>Equipe da escola ambiental promoveu oficina, aula ambiental e plantio de mudas aos participantes No s\u00e1bado (15\/6) o do Bosque do Saber recebeu 153 pessoas para participar do piquenique em comemora\u00e7\u00e3o ao Dia Mundial do Meio Ambiente, celebrado no dia 5 de junho. O evento, promovido pelo Comit\u00ea Verde, tem como objetivo envolver colaboradores e [&hellip;]<\/p>\n","protected":false},"author":8,"featured_media":23262,"comment_status":"closed","ping_status":"open","sticky":false,"template":"","format":"standard","meta":{"rop_custom_images_group":[],"rop_custom_messages_group":[],"rop_publish_now":"initial","rop_publish_now_accounts":[],"rop_publish_now_history":[],"rop_publish_now_status":"pending","footnotes":""},"categories":[188],"tags":[73],"class_list":["post-23261","post","type-post","status-publish","format-standard","has-post-thumbnail","hentry","category-indaiatuba","tag-featured"],"amp_enabled":true,"_links":{"self":[{"href":"https:\/\/imais.online\/portal\/wp-json\/wp\/v2\/posts\/23261","targetHints":{"allow":["GET"]}}],"collection":[{"href":"https:\/\/imais.online\/portal\/wp-json\/wp\/v2\/posts"}],"about":[{"href":"https:\/\/imais.online\/portal\/wp-json\/wp\/v2\/types\/post"}],"author":[{"embeddable":true,"href":"https:\/\/imais.online\/portal\/wp-json\/wp\/v2\/users\/8"}],"replies":[{"embeddable":true,"href":"https:\/\/imais.online\/portal\/wp-json\/wp\/v2\/comments?post=23261"}],"version-history":[{"count":1,"href":"https:\/\/imais.online\/portal\/wp-json\/wp\/v2\/posts\/23261\/revisions"}],"predecessor-version":[{"id":23263,"href":"https:\/\/imais.online\/portal\/wp-json\/wp\/v2\/posts\/23261\/revisions\/23263"}],"wp:featuredmedia":[{"embeddable":true,"href":"https:\/\/imais.online\/portal\/wp-json\/wp\/v2\/media\/23262"}],"wp:attachment":[{"href":"https:\/\/imais.online\/portal\/wp-json\/wp\/v2\/media?parent=23261"}],"wp:term":[{"taxonomy":"category","embeddable":true,"href":"https:\/\/imais.online\/portal\/wp-json\/wp\/v2\/categories?post=23261"},{"taxonomy":"post_tag","embeddable":true,"href":"https:\/\/imais.online\/portal\/wp-json\/wp\/v2\/tags?post=23261"}],"curies":[{"name":"wp","href":"https:\/\/api.w.org\/{rel}","templated":true}]}}