{"id":23288,"date":"2024-06-20T09:36:09","date_gmt":"2024-06-20T12:36:09","guid":{"rendered":"https:\/\/imais.online\/portal\/?p=23288"},"modified":"2024-06-20T09:36:10","modified_gmt":"2024-06-20T12:36:10","slug":"morre-aos-67-anos-o-cantor-chrystian-da-dupla-com-ralf","status":"publish","type":"post","link":"https:\/\/imais.online\/portal\/morre-aos-67-anos-o-cantor-chrystian-da-dupla-com-ralf\/","title":{"rendered":"Morre aos 67 anos o cantor Chrystian, da dupla com Ralf"},"content":{"rendered":"<div class=\"imais-before-content-placement\" id=\"imais-3342996984\"><script async src=\"\/\/pagead2.googlesyndication.com\/pagead\/js\/adsbygoogle.js?client=ca-pub-8787528412751566\" crossorigin=\"anonymous\"><\/script><ins class=\"adsbygoogle\" style=\"display:block;\" data-ad-client=\"ca-pub-8787528412751566\" \ndata-ad-slot=\"\" \ndata-ad-format=\"auto\"><\/ins>\n<script> \n(adsbygoogle = window.adsbygoogle || []).push({}); \n<\/script>\n<\/div>\n<h2 class=\"wp-block-heading\">Cantor teve um mal s\u00fabido hoje e foi internado \u00e0s pressas em S\u00e3o Paulo<\/h2>\n\n\n\n<p>Hoje pela manh\u00e3 o cantor Chrystian teve uma parada cardiorespirat\u00f3ria em sua casa, na Serra da Cantareira, em S\u00e3o Paulo e foi levado \u00e0s pressas de helic\u00f3ptero para o hospital Samaritano.<\/p>\n\n\n\n<p>Chrystian faria um transplante de rim, que seria doado pela sua esposa Key Vieira, 54, por\u00e9m como o cora\u00e7\u00e3o dele estava fraco, precisou primeiramente realizar uma bateria de exames, mas infelizmente n\u00e3o resistiu.<\/p>\n\n\n\n<p>O cantor faleceu aproximadamente \u00e0s 22h15 da noite de hoje, segundo fontes pr\u00f3ximas e ainda n\u00e3o temos informa\u00e7\u00f5es mais detalhadas.<\/p>\n\n\n\n<p>Nossos sentimentos aos familiares.<\/p>\n\n\n\n<p>Fonte R7<\/p>\n","protected":false},"excerpt":{"rendered":"<p>Cantor teve um mal s\u00fabido hoje e foi internado \u00e0s pressas em S\u00e3o Paulo Hoje pela manh\u00e3 o cantor Chrystian teve uma parada cardiorespirat\u00f3ria em sua casa, na Serra da Cantareira, em S\u00e3o Paulo e foi levado \u00e0s pressas de helic\u00f3ptero para o hospital Samaritano. Chrystian faria um transplante de rim, que seria doado pela [&hellip;]<\/p>\n","protected":false},"author":8,"featured_media":23289,"comment_status":"closed","ping_status":"open","sticky":false,"template":"","format":"standard","meta":{"rop_custom_images_group":[],"rop_custom_messages_group":[],"rop_publish_now":"initial","rop_publish_now_accounts":[],"rop_publish_now_history":[],"rop_publish_now_status":"pending","footnotes":""},"categories":[237],"tags":[],"class_list":["post-23288","post","type-post","status-publish","format-standard","has-post-thumbnail","hentry","category-luto"],"amp_enabled":true,"_links":{"self":[{"href":"https:\/\/imais.online\/portal\/wp-json\/wp\/v2\/posts\/23288","targetHints":{"allow":["GET"]}}],"collection":[{"href":"https:\/\/imais.online\/portal\/wp-json\/wp\/v2\/posts"}],"about":[{"href":"https:\/\/imais.online\/portal\/wp-json\/wp\/v2\/types\/post"}],"author":[{"embeddable":true,"href":"https:\/\/imais.online\/portal\/wp-json\/wp\/v2\/users\/8"}],"replies":[{"embeddable":true,"href":"https:\/\/imais.online\/portal\/wp-json\/wp\/v2\/comments?post=23288"}],"version-history":[{"count":1,"href":"https:\/\/imais.online\/portal\/wp-json\/wp\/v2\/posts\/23288\/revisions"}],"predecessor-version":[{"id":23290,"href":"https:\/\/imais.online\/portal\/wp-json\/wp\/v2\/posts\/23288\/revisions\/23290"}],"wp:featuredmedia":[{"embeddable":true,"href":"https:\/\/imais.online\/portal\/wp-json\/wp\/v2\/media\/23289"}],"wp:attachment":[{"href":"https:\/\/imais.online\/portal\/wp-json\/wp\/v2\/media?parent=23288"}],"wp:term":[{"taxonomy":"category","embeddable":true,"href":"https:\/\/imais.online\/portal\/wp-json\/wp\/v2\/categories?post=23288"},{"taxonomy":"post_tag","embeddable":true,"href":"https:\/\/imais.online\/portal\/wp-json\/wp\/v2\/tags?post=23288"}],"curies":[{"name":"wp","href":"https:\/\/api.w.org\/{rel}","templated":true}]}}