{"id":23308,"date":"2024-06-21T12:01:04","date_gmt":"2024-06-21T15:01:04","guid":{"rendered":"https:\/\/imais.online\/portal\/?p=23308"},"modified":"2024-06-21T12:01:04","modified_gmt":"2024-06-21T15:01:04","slug":"nucleo-da-terra-esta-desacelerando-e-mudanca-pode-alterar-o-tamanho-dos-dias","status":"publish","type":"post","link":"https:\/\/imais.online\/portal\/nucleo-da-terra-esta-desacelerando-e-mudanca-pode-alterar-o-tamanho-dos-dias\/","title":{"rendered":"N\u00facleo da Terra est\u00e1 desacelerando e mudan\u00e7a pode alterar o tamanho dos dias"},"content":{"rendered":"<div class=\"imais-before-content-placement\" id=\"imais-3537883899\"><script async src=\"\/\/pagead2.googlesyndication.com\/pagead\/js\/adsbygoogle.js?client=ca-pub-8787528412751566\" crossorigin=\"anonymous\"><\/script><ins class=\"adsbygoogle\" style=\"display:block;\" data-ad-client=\"ca-pub-8787528412751566\" \ndata-ad-slot=\"\" \ndata-ad-format=\"auto\"><\/ins>\n<script> \n(adsbygoogle = window.adsbygoogle || []).push({}); \n<\/script>\n<\/div>\n<h2 class=\"wp-block-heading\">Segundo estudo, o processo de desacelera\u00e7\u00e3o da regi\u00e3o ocorre desde 2010 em rela\u00e7\u00e3o ao exterior do planeta<\/h2>\n\n\n\n<p>O n\u00facleo interno da Terra \u00e9 formado por uma liga de ferro e n\u00edquel e, segundo pesquisadores da Universidade do Sul da Calif\u00f3rnia, ele est\u00e1 desacelerando em rela\u00e7\u00e3o \u00e0 superf\u00edcie do planeta. O estudo, publicado neste m\u00eas na Nature, indica que todas as consequ\u00eancias ainda s\u00e3o desconhecidas, mas que essa mudan\u00e7a pode causar altera\u00e7\u00e3o na dura\u00e7\u00e3o dos dias, que podem ficar mais longos.<\/p>\n\n\n\n<p>A publica\u00e7\u00e3o informa que o n\u00facleo interno, localizado a mais de 4.800 quil\u00f4metros da superf\u00edcie terrestre e com dimens\u00f5es similares \u00e0s da Lua, diminuiu a velocidade de rota\u00e7\u00e3o desde 2010 ou seja, est\u00e1 mais lento que o exterior do planeta. O n\u00facleo terrestre atinge at\u00e9 5.400\u00b0C, o que &#8211; al\u00e9m da dist\u00e2ncia, impossibilita o trabalho de campo pelos cientistas.<\/p>\n\n\n\n<p>As evid\u00eancias validadas para a pesquisa foram as atividades s\u00edsmicas dos terremotos registrados desde ent\u00e3o, que representam as movimenta\u00e7\u00f5es internas do globo. Os pesquisadores se aprofundaram nos estudos sobre as atividades s\u00edsmicas da Terra registradas nos terremotos, inclusive os registrados em um mesmo local.<\/p>\n\n\n\n<p>Os dados do estudo inclu\u00edram registros de terremotos na regi\u00e3o das Ilhas Sandwich do Sul, territ\u00f3rio brit\u00e2nico, onde houve o registro de 121 terremotos entre os anos de 1991 e 2023. Outra fonte para a pesquisa foram dados de testes nucleares sovi\u00e9ticos de 1971 a 1974. Informa\u00e7\u00f5es de testes nucleares franceses e americanos tamb\u00e9m foram inclu\u00eddas na investiga\u00e7\u00e3o.<\/p>\n\n\n\n<h3 class=\"wp-block-heading\">Altera\u00e7\u00f5es no campo magn\u00e9tico<\/h3>\n\n\n\n<p>Essas an\u00e1lises dos cientistas foram transformadas em sismogramas os registros da movimenta\u00e7\u00e3o do solo. Eles analisaram como as ondas s\u00edsmicas se espalharam pelo planeta e, desta forma, foi poss\u00edvel estimar a posi\u00e7\u00e3o e tipo de movimenta\u00e7\u00e3o do n\u00facleo interno.<\/p>\n\n\n\n<p>O pesquisador John Vidale, um dos autores do artigo e professor-reitor de Ci\u00eancias da Terra na Faculdade de Letras, Artes e Ci\u00eancias da universidade, diz que essa lentid\u00e3o no movimento nuclear pode alterar a dura\u00e7\u00e3o de um dia em fra\u00e7\u00f5es de segundo, mas isso pode ser praticamente impercept\u00edvel para os humanos.<\/p>\n\n\n\n<p>&#8211; Conforme aponta o trabalho, essa desacelera\u00e7\u00e3o do n\u00facleo terrestre foi consequ\u00eancia de movimenta\u00e7\u00f5es na parte externa (j\u00e1 que uma \u00e9 intrinsecamente ligada \u00e0 outra).<\/p>\n\n\n\n<p>&#8211; Essas altera\u00e7\u00f5es na superf\u00edcie formam um campo magn\u00e9tico na Terra, que sofre com as altera\u00e7\u00f5es de for\u00e7as gravitacionais no manto, localizado entre o n\u00facleo e a superf\u00edcie.<\/p>\n\n\n\n<p>\u201cO n\u00facleo interno desacelerou pela primeira vez em muitas d\u00e9cadas. Outros cientistas defenderam recentemente modelos semelhantes e diferentes, mas o nosso estudo mais recente fornece a resolu\u00e7\u00e3o mais convincente. Quando vi pela primeira vez os sismogramas que sugerem esta mudan\u00e7a, fiquei perplexo\u201d, disse o professor John Vidale, l\u00edder do grupo de pesquisa.<\/p>\n\n\n\n<p>Fonte R7<\/p>\n","protected":false},"excerpt":{"rendered":"<p>Segundo estudo, o processo de desacelera\u00e7\u00e3o da regi\u00e3o ocorre desde 2010 em rela\u00e7\u00e3o ao exterior do planeta O n\u00facleo interno da Terra \u00e9 formado por uma liga de ferro e n\u00edquel e, segundo pesquisadores da Universidade do Sul da Calif\u00f3rnia, ele est\u00e1 desacelerando em rela\u00e7\u00e3o \u00e0 superf\u00edcie do planeta. O estudo, publicado neste m\u00eas na [&hellip;]<\/p>\n","protected":false},"author":8,"featured_media":23309,"comment_status":"closed","ping_status":"open","sticky":false,"template":"","format":"standard","meta":{"rop_custom_images_group":[],"rop_custom_messages_group":[],"rop_publish_now":"initial","rop_publish_now_accounts":[],"rop_publish_now_history":[],"rop_publish_now_status":"pending","footnotes":""},"categories":[212],"tags":[],"class_list":["post-23308","post","type-post","status-publish","format-standard","has-post-thumbnail","hentry","category-internacional"],"amp_enabled":true,"_links":{"self":[{"href":"https:\/\/imais.online\/portal\/wp-json\/wp\/v2\/posts\/23308","targetHints":{"allow":["GET"]}}],"collection":[{"href":"https:\/\/imais.online\/portal\/wp-json\/wp\/v2\/posts"}],"about":[{"href":"https:\/\/imais.online\/portal\/wp-json\/wp\/v2\/types\/post"}],"author":[{"embeddable":true,"href":"https:\/\/imais.online\/portal\/wp-json\/wp\/v2\/users\/8"}],"replies":[{"embeddable":true,"href":"https:\/\/imais.online\/portal\/wp-json\/wp\/v2\/comments?post=23308"}],"version-history":[{"count":1,"href":"https:\/\/imais.online\/portal\/wp-json\/wp\/v2\/posts\/23308\/revisions"}],"predecessor-version":[{"id":23310,"href":"https:\/\/imais.online\/portal\/wp-json\/wp\/v2\/posts\/23308\/revisions\/23310"}],"wp:featuredmedia":[{"embeddable":true,"href":"https:\/\/imais.online\/portal\/wp-json\/wp\/v2\/media\/23309"}],"wp:attachment":[{"href":"https:\/\/imais.online\/portal\/wp-json\/wp\/v2\/media?parent=23308"}],"wp:term":[{"taxonomy":"category","embeddable":true,"href":"https:\/\/imais.online\/portal\/wp-json\/wp\/v2\/categories?post=23308"},{"taxonomy":"post_tag","embeddable":true,"href":"https:\/\/imais.online\/portal\/wp-json\/wp\/v2\/tags?post=23308"}],"curies":[{"name":"wp","href":"https:\/\/api.w.org\/{rel}","templated":true}]}}